{"id":263848,"date":"2025-07-09T18:30:03","date_gmt":"2025-07-09T16:30:03","guid":{"rendered":"https:\/\/www.quicosenza.it\/news\/?p=263848"},"modified":"2025-07-09T18:34:27","modified_gmt":"2025-07-09T16:34:27","slug":"dda-di-reggio-calabria-arriva-il-nuovo-procuratore-e-giuseppe-borrelli","status":"publish","type":"post","link":"https:\/\/quicosenza.it\/news\/dda-di-reggio-calabria-arriva-il-nuovo-procuratore-e-giuseppe-borrelli\/","title":{"rendered":"Dda di Reggio Calabria, arriva il nuovo procuratore: \u00e8 Giuseppe Borrelli"},"content":{"rendered":"<p>REGGIO CALABRIA &#8211; <strong>Giuseppe Borrelli<\/strong> \u00e8 il <strong>nuovo procuratore della Repubblica di Reggio Calabria<\/strong>. Lo ha deciso il Plenum del Csm che, nella seduta che si \u00e8 svolta questa mattina, ha approvato all&#8217;unanimit\u00e0 la proposta fatta dalla quinta Commissione. Borrelli, nuovo capo della Dda di Reggio Calabria sostituir\u00e0\u00a0<strong>Giovanni Bombardieri,<\/strong> che lo scorso settembre \u00e8 stato nominato procuratore di Torino. Nella delibera di nomina si spiega che <em>&#8220;la <strong>carriera<\/strong> di Giuseppe Borrelli \u00e8 <strong>lunghissima, vasta e ineguagliabile,<\/strong> avuto riguardo alla <strong>complessit\u00e0 dei territori in cui ha esercitato le sue funzioni,<\/strong> caratterizzati da una criminalit\u00e0 organizzata endemica&#8221;.<\/em><\/p>\n<h3>La lunga carriera di Giuseppe Borrelli<\/h3>\n<p>Borrelli attuale procuratore di Salerno, \u00e8 <strong>nato a Napoli e ha 65 anni.<\/strong> \u00c8 entrato in magistratura nel 1986 e nel corso della sua lunha carriera ha ricoperto ruoli molto importanti: prima \u00e8 stato\u00a0alla guida della Pretura di Aversa e poi alla pretura circondariale di Napoli. Dal 1995 al 2007 ha ricoperto il ruolo di <strong>capo della Dda del capoluogo campano<\/strong> e successivamente, fino al 2009, \u00e8 stato<strong> ispettore del ministero della Giustizia.<\/strong> Per nomina del Csm \u00e8 divenuto <strong>procuratore aggiunto di Catanzaro<\/strong> per poi passare nel 2014, con lo stesso ruolo, alla <strong>Procura di Napoli.<\/strong> Nel 2020 si \u00e8 trasferito a Salerno e ora passer\u00e0 a Reggio Calabria.<\/p>\n","protected":false},"excerpt":{"rendered":"<p>REGGIO CALABRIA &#8211; Giuseppe Borrelli \u00e8 il nuovo procuratore della Repubblica di Reggio Calabria. Lo ha deciso il Plenum del Csm che, nella seduta che si \u00e8 svolta questa mattina, ha approvato all&#8217;unanimit\u00e0 la proposta fatta dalla quinta Commissione. Borrelli, nuovo capo della Dda di Reggio Calabria sostituir\u00e0\u00a0Giovanni Bombardieri, che lo scorso settembre \u00e8 stato [&hellip;]<\/p>\n","protected":false},"author":90,"featured_media":263850,"comment_status":"closed","ping_status":"closed","sticky":false,"template":"","format":"standard","meta":{"_acf_changed":false,"footnotes":"","jetpack_publicize_message":"","jetpack_publicize_feature_enabled":true,"jetpack_social_post_already_shared":false,"jetpack_social_options":{"image_generator_settings":{"template":"highway","default_image_id":0,"font":"","enabled":false},"version":2}},"categories":[17],"tags":[],"class_list":["post-263848","post","type-post","status-publish","format-standard","has-post-thumbnail","hentry","category-calabria"],"acf":[],"jetpack_publicize_connections":[],"_links":{"self":[{"href":"https:\/\/quicosenza.it\/news\/wp-json\/wp\/v2\/posts\/263848","targetHints":{"allow":["GET"]}}],"collection":[{"href":"https:\/\/quicosenza.it\/news\/wp-json\/wp\/v2\/posts"}],"about":[{"href":"https:\/\/quicosenza.it\/news\/wp-json\/wp\/v2\/types\/post"}],"author":[{"embeddable":true,"href":"https:\/\/quicosenza.it\/news\/wp-json\/wp\/v2\/users\/90"}],"replies":[{"embeddable":true,"href":"https:\/\/quicosenza.it\/news\/wp-json\/wp\/v2\/comments?post=263848"}],"version-history":[{"count":0,"href":"https:\/\/quicosenza.it\/news\/wp-json\/wp\/v2\/posts\/263848\/revisions"}],"wp:featuredmedia":[{"embeddable":true,"href":"https:\/\/quicosenza.it\/news\/wp-json\/wp\/v2\/media\/263850"}],"wp:attachment":[{"href":"https:\/\/quicosenza.it\/news\/wp-json\/wp\/v2\/media?parent=263848"}],"wp:term":[{"taxonomy":"category","embeddable":true,"href":"https:\/\/quicosenza.it\/news\/wp-json\/wp\/v2\/categories?post=263848"},{"taxonomy":"post_tag","embeddable":true,"href":"https:\/\/quicosenza.it\/news\/wp-json\/wp\/v2\/tags?post=263848"}],"curies":[{"name":"wp","href":"https:\/\/api.w.org\/{rel}","templated":true}]}}