{"id":263905,"date":"2025-07-10T10:04:30","date_gmt":"2025-07-10T08:04:30","guid":{"rendered":"https:\/\/www.quicosenza.it\/news\/?p=263905"},"modified":"2025-07-10T10:04:30","modified_gmt":"2025-07-10T08:04:30","slug":"controlli-in-uno-stabilimento-balneare-scoperti-lavoratori-in-nero-e-cibo-non-tracciato","status":"publish","type":"post","link":"https:\/\/quicosenza.it\/news\/controlli-in-uno-stabilimento-balneare-scoperti-lavoratori-in-nero-e-cibo-non-tracciato\/","title":{"rendered":"Controlli in uno stabilimento balneare, scoperti lavoratori in nero e cibo non tracciato"},"content":{"rendered":"<p>REGGIO CALABRIA &#8211; Controlli serrati sul litorale reggino. I carabinieri di Pellaro, con il supporto del Nucleo Antisofisticazioni e Sanit\u00e0 (NAS) e del Nucleo Ispettorato del Lavoro (NIL) di Reggio, hanno passato al setaccio <strong>un noto stabilimento balneare della zona<\/strong>, affiancati dal personale dell\u2019Ufficio Tecnico comunale.<\/p>\n<h3>L\u2019ispezione<\/h3>\n<p>Durante l&#8217;attivit\u00e0 di vigilanza sulla legalit\u00e0 nei settori del lavoro stagionale e della sicurezza alimentare, sono emerse diverse irregolarit\u00e0. In particolare, i militari hanno individuato <strong>tre lavoratori impiegati \u201cin nero\u201d<\/strong> e rilevato <strong>numerose violazioni<\/strong> in materia di tutela della <strong>salute e sicurezza<\/strong> sui luoghi di lavoro. Il titolare dell\u2019attivit\u00e0 \u00e8 stato <strong>denunciato<\/strong> in stato di libert\u00e0 e <strong>sanzionato<\/strong> per un importo complessivo pari a <strong>7.000 euro<\/strong>.<\/p>\n<p>Inoltre nel corso del controllo, i militari del NAS hanno sequestrato circa <strong>50 chilogrammi di prodotti alimentari privi di tracciabilit\u00e0<\/strong>, potenzialmente <strong>dannosi per la salute pubblica. <\/strong>Le attivit\u00e0 ispettive proseguiranno nei prossimi giorni su tutto il territorio, con l\u2019obiettivo di garantire sicurezza, legalit\u00e0 e tutela dei lavoratori e dei consumatori.<\/p>\n","protected":false},"excerpt":{"rendered":"<p>REGGIO CALABRIA &#8211; Controlli serrati sul litorale reggino. I carabinieri di Pellaro, con il supporto del Nucleo Antisofisticazioni e Sanit\u00e0 (NAS) e del Nucleo Ispettorato del Lavoro (NIL) di Reggio, hanno passato al setaccio un noto stabilimento balneare della zona, affiancati dal personale dell\u2019Ufficio Tecnico comunale. L\u2019ispezione Durante l&#8217;attivit\u00e0 di vigilanza sulla legalit\u00e0 nei settori [&hellip;]<\/p>\n","protected":false},"author":42,"featured_media":263906,"comment_status":"closed","ping_status":"closed","sticky":false,"template":"","format":"standard","meta":{"_acf_changed":false,"footnotes":"","jetpack_publicize_message":"","jetpack_publicize_feature_enabled":true,"jetpack_social_post_already_shared":false,"jetpack_social_options":{"image_generator_settings":{"template":"highway","default_image_id":0,"font":"","enabled":false},"version":2}},"categories":[17],"tags":[19],"class_list":["post-263905","post","type-post","status-publish","format-standard","has-post-thumbnail","hentry","category-calabria","tag-copertina"],"acf":[],"jetpack_publicize_connections":[],"_links":{"self":[{"href":"https:\/\/quicosenza.it\/news\/wp-json\/wp\/v2\/posts\/263905","targetHints":{"allow":["GET"]}}],"collection":[{"href":"https:\/\/quicosenza.it\/news\/wp-json\/wp\/v2\/posts"}],"about":[{"href":"https:\/\/quicosenza.it\/news\/wp-json\/wp\/v2\/types\/post"}],"author":[{"embeddable":true,"href":"https:\/\/quicosenza.it\/news\/wp-json\/wp\/v2\/users\/42"}],"replies":[{"embeddable":true,"href":"https:\/\/quicosenza.it\/news\/wp-json\/wp\/v2\/comments?post=263905"}],"version-history":[{"count":0,"href":"https:\/\/quicosenza.it\/news\/wp-json\/wp\/v2\/posts\/263905\/revisions"}],"wp:featuredmedia":[{"embeddable":true,"href":"https:\/\/quicosenza.it\/news\/wp-json\/wp\/v2\/media\/263906"}],"wp:attachment":[{"href":"https:\/\/quicosenza.it\/news\/wp-json\/wp\/v2\/media?parent=263905"}],"wp:term":[{"taxonomy":"category","embeddable":true,"href":"https:\/\/quicosenza.it\/news\/wp-json\/wp\/v2\/categories?post=263905"},{"taxonomy":"post_tag","embeddable":true,"href":"https:\/\/quicosenza.it\/news\/wp-json\/wp\/v2\/tags?post=263905"}],"curies":[{"name":"wp","href":"https:\/\/api.w.org\/{rel}","templated":true}]}}