{"id":264112,"date":"2025-07-12T07:00:01","date_gmt":"2025-07-12T05:00:01","guid":{"rendered":"https:\/\/www.quicosenza.it\/news\/?p=264112"},"modified":"2025-07-12T12:42:05","modified_gmt":"2025-07-12T10:42:05","slug":"arrestato-in-colombia-peppe-palermo-il-boss-gestiva-il-traffico-di-cocaina-dal-sud-america-alleuropa","status":"publish","type":"post","link":"https:\/\/quicosenza.it\/news\/arrestato-in-colombia-peppe-palermo-il-boss-gestiva-il-traffico-di-cocaina-dal-sud-america-alleuropa\/","title":{"rendered":"Arrestato in Colombia &#8216;Peppe&#8217; Palermo. Il boss gestiva il traffico di cocaina dal Sud America all&#8217;Europa"},"content":{"rendered":"<p>BOGOT\u00c0 &#8211; Il boss della &#8216;ndrangheta <strong>Giuseppe Palermo detto &#8220;Peppe&#8221;<\/strong> \u00e8 stato <strong>arrestato a Bogot\u00e1<\/strong>, in Colombia, in un&#8217;operazione condotta dalla polizia <strong>colombiana e dall&#8217;Europol<\/strong>, nel quadro dell&#8217;<strong>operazione Prat\u00ec<\/strong> della squadra mobile della questura di Reggio Calabria, coordinata dalla Direzione distrettuale antimafia, che <strong>ha portato alla cattura in Italia di altri 20 ricercati<\/strong>.<\/p>\n<p>&#8220;Palermo <strong>guidava l&#8217;acquisto di grandi carichi di cocaina in Colombia, Per\u00f9 ed Ecuado<\/strong>r e <strong>controllava anche le rotte marittime e terrestri per trasportare la droga verso i mercati europei<\/strong>&#8220;, ha detto oggi il generale Carlos Fernando Triana, direttore della polizia colombiana, aggiungendo che il suo arresto &#8220;ratifica l&#8217;impegno della Colombia nella lotta contro questo flagello e colpisce il cuore stesso del traffico mondiale di droga&#8221;. La detenzione di Palermo si aggiunge a quelle, nel marzo scorso, del mafioso<strong> Emanuele Gregorini detto &#8220;Dollarino&#8221;<\/strong> a Cartagena de las Indias e, nell&#8217;ottobre del 2024, a Medell\u00edn, di Luigi Belvedere, soprannominato &#8220;Il colombiano&#8221;, e di Gustavo Nocella, alias &#8220;Ermes&#8221;, principale collegamento dei clan Rinaldi-Formicola, Amato-Pagano e De Micco.<\/p>\n<h3>Piantedosi &#8216;arresto Palermo risultato straordinario&#8217;<\/h3>\n<p>&#8220;L&#8217;eccellente lavoro della nostra Polizia di Stato, giustamente apprezzata per la indiscussa capacit\u00e0 operativa, ha assicurato alla giustizia Giuseppe Palermo, figura di spicco del narcotraffico legato alla &#8216;Ndrangheta. <strong>Un risultato straordinario, <\/strong>ottenuto grazie alla collaborazione tra la Squadra Mobile di Reggio Calabria, il Servizio Centrale Operativo, il Servizio per la Cooperazione Internazionale di Polizia e al coordinamento garantito dal Progetto I-Can&#8221;. Lo afferma il ministro dell&#8217;Interno, Matteo Piantedosi. &#8220;<strong>L&#8217;Italia dimostra di essere in prima linea nella lotta alle mafie, anche oltre i confini nazional<\/strong>i. Alle donne e agli uomini in divisa che ogni giorno rischiano la loro vita per tutelare la sicurezza di tutti, va il mio grazie&#8221;, conclude il ministro.<\/p>\n","protected":false},"excerpt":{"rendered":"<p>BOGOT\u00c0 &#8211; Il boss della &#8216;ndrangheta Giuseppe Palermo detto &#8220;Peppe&#8221; \u00e8 stato arrestato a Bogot\u00e1, in Colombia, in un&#8217;operazione condotta dalla polizia colombiana e dall&#8217;Europol, nel quadro dell&#8217;operazione Prat\u00ec della squadra mobile della questura di Reggio Calabria, coordinata dalla Direzione distrettuale antimafia, che ha portato alla cattura in Italia di altri 20 ricercati. &#8220;Palermo guidava [&hellip;]<\/p>\n","protected":false},"author":55,"featured_media":264113,"comment_status":"closed","ping_status":"closed","sticky":false,"template":"","format":"standard","meta":{"_acf_changed":false,"footnotes":"","jetpack_publicize_message":"","jetpack_publicize_feature_enabled":true,"jetpack_social_post_already_shared":false,"jetpack_social_options":{"image_generator_settings":{"template":"highway","default_image_id":0,"font":"","enabled":false},"version":2}},"categories":[17],"tags":[19],"class_list":["post-264112","post","type-post","status-publish","format-standard","has-post-thumbnail","hentry","category-calabria","tag-copertina"],"acf":[],"jetpack_publicize_connections":[],"_links":{"self":[{"href":"https:\/\/quicosenza.it\/news\/wp-json\/wp\/v2\/posts\/264112","targetHints":{"allow":["GET"]}}],"collection":[{"href":"https:\/\/quicosenza.it\/news\/wp-json\/wp\/v2\/posts"}],"about":[{"href":"https:\/\/quicosenza.it\/news\/wp-json\/wp\/v2\/types\/post"}],"author":[{"embeddable":true,"href":"https:\/\/quicosenza.it\/news\/wp-json\/wp\/v2\/users\/55"}],"replies":[{"embeddable":true,"href":"https:\/\/quicosenza.it\/news\/wp-json\/wp\/v2\/comments?post=264112"}],"version-history":[{"count":0,"href":"https:\/\/quicosenza.it\/news\/wp-json\/wp\/v2\/posts\/264112\/revisions"}],"wp:featuredmedia":[{"embeddable":true,"href":"https:\/\/quicosenza.it\/news\/wp-json\/wp\/v2\/media\/264113"}],"wp:attachment":[{"href":"https:\/\/quicosenza.it\/news\/wp-json\/wp\/v2\/media?parent=264112"}],"wp:term":[{"taxonomy":"category","embeddable":true,"href":"https:\/\/quicosenza.it\/news\/wp-json\/wp\/v2\/categories?post=264112"},{"taxonomy":"post_tag","embeddable":true,"href":"https:\/\/quicosenza.it\/news\/wp-json\/wp\/v2\/tags?post=264112"}],"curies":[{"name":"wp","href":"https:\/\/api.w.org\/{rel}","templated":true}]}}