{"id":264135,"date":"2025-07-12T17:00:26","date_gmt":"2025-07-12T15:00:26","guid":{"rendered":"https:\/\/www.quicosenza.it\/news\/?p=264135"},"modified":"2025-07-12T17:09:46","modified_gmt":"2025-07-12T15:09:46","slug":"sandro-principe-in-40-giorni-gettate-le-basi-del-rilancio-di-rende-nuovo-svincolo-autostradale-cruciale","status":"publish","type":"post","link":"https:\/\/quicosenza.it\/news\/sandro-principe-in-40-giorni-gettate-le-basi-del-rilancio-di-rende-nuovo-svincolo-autostradale-cruciale\/","title":{"rendered":"Sandro Principe \u00abIn 40 giorni gettate le basi del rilancio di Rende. Nuovo svincolo della A2 cruciale\u00bb &#8211; VIDEO"},"content":{"rendered":"<p>RENDE \u2013 Un mese dopo l\u2019<strong>insediamento ufficiale della giunta<\/strong>, il sindaco di Rende Sandro Principe ha voluto incontrare la stampa <strong>per fare il punto sull\u2019attivit\u00e0 amministrativa e annunciare le strategie per il futuro<\/strong>. Una conferenza che nelle intenzioni del primo cittadino, diventer\u00e0 appuntamento periodico con l&#8217;obiettivo di garantire trasparenza e coinvolgimento costante della cittadinanza. Il sindaco Sandro Principe quindi oggi, ha incontrato la stampa per instaurare un rapporto istituzionale. \u00ab\u00c8 una chiacchierata metodologica \u2013 ha spiegato \u2013<strong> ma \u00e8 giusto condividere cosa stiamo facendo per affrontare l\u2019emergenza e pianificare il futuro<\/strong>\u00bb.<\/p>\n<h3>I piani\u00a0urbanistici\u00a0attuativi<\/h3>\n<p>Durante la conferenza si \u00e8 parlato di urbanistica e infrastrutture: verso un equilibrio territoriale, tema cardine lo sviluppo urbanistico. Il sindaco ha confermato gli obiettivi dichiarati in campagna elettorale: \u00ab<strong>Stiamo lavorando per raggiungere un equilibrio territoriale che tenga conto del contesto, incentivando soluzioni che favoriscano giovani coppie e aziende innovative<\/strong>\u00bb. Tra le priorit\u00e0, l\u2019attuazione dei <b>piani<\/b>\u00a0urbanistici\u00a0<b>attuativi<\/b>, reperire aree per giovani coppie, che potrebbe garantire incentivi a chi sviluppa alloggi accessibili e dignitosi.<\/p>\n<p><a href=\"https:\/\/quicosenza.it\/news\/wp-content\/uploads\/2025\/07\/sandroprincipes2.jpg\"><img loading=\"lazy\" decoding=\"async\" class=\"wp-image-264166 aligncenter\" src=\"https:\/\/quicosenza.it\/news\/wp-content\/uploads\/2025\/07\/sandroprincipes2.jpg\" alt=\"\" width=\"523\" height=\"345\" title=\"\" srcset=\"https:\/\/quicosenza.it\/news\/wp-content\/uploads\/2025\/07\/sandroprincipes2.jpg 970w, https:\/\/quicosenza.it\/news\/wp-content\/uploads\/2025\/07\/sandroprincipes2-300x198.jpg 300w, https:\/\/quicosenza.it\/news\/wp-content\/uploads\/2025\/07\/sandroprincipes2-768x507.jpg 768w, https:\/\/quicosenza.it\/news\/wp-content\/uploads\/2025\/07\/sandroprincipes2-637x420.jpg 637w, https:\/\/quicosenza.it\/news\/wp-content\/uploads\/2025\/07\/sandroprincipes2-150x99.jpg 150w, https:\/\/quicosenza.it\/news\/wp-content\/uploads\/2025\/07\/sandroprincipes2-696x459.jpg 696w\" sizes=\"auto, (max-width: 523px) 100vw, 523px\" \/><\/a><\/p>\n<h3>PSC e visione futura. Prioritario il nuovo svincolo della A2<\/h3>\n<p>Parallelamente all\u2019intervento sull\u2019emergenza, l\u2019amministrazione ha avviato il lavoro di pianificazione urbana. \u00ab<strong>Abbiamo dato indicazioni precise per la revisione del PSC<\/strong>\u00bb, ha spiegato Principe, con un\u2019attenzione particolare alle infrastrutture, ma anche alla creazione di <strong>aree dedicate alle aziende innovative e alle nuove famiglie.<\/strong> Un doppio binario \u2013 emergenza e futuro \u2013 che punta a restituire dignit\u00e0 e visione alla citt\u00e0.\u00a0Sul fronte infrastrutturale, il progetto del nuovo<strong> svincolo autostradale di Settimo rimane cruciale.<\/strong> I contatti con ANAS sono attivi e, secondo quanto riferito dal sindaco, i lavori dovrebbero concludersi nella tarda primavera. Parallelamente, il Comune sta lavorando per migliorare la <a href=\"https:\/\/quicosenza.it\/news\/area-urbana\/rende-bretella-tra-la-stazione-di-quattromiglia-e-lo-svincolo-della-a2-disco-verde-per-concludere-i-lavori\" target=\"_blank\" rel=\"noopener\">viabilit\u00e0 secondaria<\/a> che <strong>collegher\u00e0 il nuovo svincolo con le infrastrutture esistenti, in particolare con l\u2019Universit\u00e0 della Calabria<\/strong>.<\/p>\n<p>Principe ha inoltre avanzato una proposta per <strong>deviare il traffico pesante fuori dal centro abitato,<\/strong> ipotizzando <strong>un passaggio su tramite l&#8217;uscita di Montalto della A2 Taverna<\/strong>, d\u2019intesa con il Comune di Montalto. \u00abL\u2019idea ha suscitato discussioni, ma resta sul tavolo come soluzione provvisoria, in attesa di interventi pi\u00f9 strutturali\u00bb, ha precisato.<\/p>\n<h3>Welfare e sanit\u00e0: attenzione alle famiglie e ai servizi<\/h3>\n<p>Ampio spazio \u00e8 stato dedicato anche alle politiche sociali. \u00ab<strong>Un occhio particolare lo riserveremo alla famiglia<\/strong> \u2013 ha detto il sindaco \u2013 con un welfare che incentivi la natalit\u00e0 e sostenga le nuove generazioni\u00bb. In quest\u2019ottica, l\u2019amministrazione sta lavorando alla ricerca di fondi per progetti di sostegno concreto, anche attraverso il nuovo Piano dei servizi sociali, attualmente in fase di aggiornamento dopo la recente Conferenza dei Sindaci.<\/p>\n<p>Prosegue anche la <strong>collaborazione con l\u2019ASP per la realizzazione della Casa di Comunit\u00e0 a Quattromiglia<\/strong>. Il progetto rientra nei finanziamenti del PNRR, ma, ha avvertito Principe, \u00ab<strong>restano criticit\u00e0 legate alla dotazione di attrezzature e personale<\/strong>\u00bb. L\u2019obiettivo, tuttavia, \u00e8 completare la struttura per garantire un presidio sanitario territoriale efficiente.<\/p>\n<p><a href=\"https:\/\/quicosenza.it\/news\/wp-content\/uploads\/2025\/07\/sandroprincipes1.jpg\"><img loading=\"lazy\" decoding=\"async\" class=\"wp-image-264167 aligncenter\" src=\"https:\/\/quicosenza.it\/news\/wp-content\/uploads\/2025\/07\/sandroprincipes1.jpg\" alt=\"\" width=\"497\" height=\"328\" title=\"\" srcset=\"https:\/\/quicosenza.it\/news\/wp-content\/uploads\/2025\/07\/sandroprincipes1.jpg 970w, https:\/\/quicosenza.it\/news\/wp-content\/uploads\/2025\/07\/sandroprincipes1-300x198.jpg 300w, https:\/\/quicosenza.it\/news\/wp-content\/uploads\/2025\/07\/sandroprincipes1-768x507.jpg 768w, https:\/\/quicosenza.it\/news\/wp-content\/uploads\/2025\/07\/sandroprincipes1-637x420.jpg 637w, https:\/\/quicosenza.it\/news\/wp-content\/uploads\/2025\/07\/sandroprincipes1-150x99.jpg 150w, https:\/\/quicosenza.it\/news\/wp-content\/uploads\/2025\/07\/sandroprincipes1-696x459.jpg 696w\" sizes=\"auto, (max-width: 497px) 100vw, 497px\" \/><\/a><\/p>\n<h3>Universit\u00e0 e zona industriale: trattenere i giovani sul territorio<\/h3>\n<p>Tra le ambizioni dichiarate, quella di rendere Rende una citt\u00e0 attrattiva per i giovani. In quest\u2019ottica, il sindaco ha sottolineato l<strong>\u2019importanza di rafforzare i rapporti con l\u2019Universit\u00e0 della Calabria<\/strong>. \u00abA<strong>spettiamo il nuovo rettore per stabilire un dialogo stabile e strategico<\/strong> \u2013 ha spiegato \u2013 perch\u00e9 vogliamo non solo trattenere i giovani che studiano qui, ma anche attrarre nuovi talenti\u00bb.\u00a0L\u2019assessore competente ha gi\u00e0 avviato audizioni con rappresentanti del commercio, dell\u2019industria e dell\u2019artigianato. Obiettivo: costruire una strategia condivisa per il rilancio della zona industriale. \u00ab<strong>Un\u2019economia moderna<\/strong>\u00a0non pu\u00f2 essere n\u00e9 liberista senza regole, n\u00e9 statalista e fallimentare. Vogliamo essere un\u2019amministrazione riformista, radicale nei valori ma pragmatica nelle soluzioni, per coniugare libert\u00e0 e giustizia sociale\u00bb.<\/p>\n<h3>Centro storico: totem per l\u2019anagrafe, bancomat e uffici decentrati<\/h3>\n<p data-start=\"1413\" data-end=\"1931\">Principe ha dichiarato l\u2019intenzione della giunta di puntare fortemente sul recupero del <strong data-start=\"1501\" data-end=\"1519\">centro storico<\/strong>, storicamente sottovalutato. Il sindaco ha ammesso che in passato alcune scelte <strong data-start=\"1600\" data-end=\"1634\">riformiste non furono comprese<\/strong>, ma ora \u00e8 il momento di concretizzarle:<strong> restauro del castello, completamento della scuola elementare, e investimenti mirati sull\u2019artigianato locale e sui negozi di prodotti tipici. <\/strong>\u00abAbbiamo modificato l\u2019agenda urbana per destinare risorse dove servono davvero\u00bb, ha sottolineato. Il Comune sta trattando con Banca Intesa per <strong>acquisire i locali dell\u2019ex banca al centro storico<\/strong>, dove sorger\u00e0 un <strong data-start=\"2297\" data-end=\"2321\">totem per l\u2019anagrafe<\/strong>, un <strong data-start=\"2326\" data-end=\"2338\">bancomat<\/strong> e <strong data-start=\"2341\" data-end=\"2397\">uffici decentrati del sindaco e degli amministratori<\/strong>. L\u2019obiettivo \u00e8 garantire una presenza istituzionale reale e quotidiana nel cuore della citt\u00e0.<\/p>\n<p data-start=\"2560\" data-end=\"2635\"><strong>Su 800.000 euro disponibili, 500.000 saranno destinati al centro storico.<\/strong>\u201d Il sindaco ha dettagliato la <strong data-start=\"2666\" data-end=\"2692\">ripartizione dei fondi<\/strong>: 300<strong data-start=\"2698\" data-end=\"2714\">.000 euro<\/strong> per strutture ricettive e l&#8217;accoglienza (B&amp;B, alberghi) <strong data-start=\"2759\" data-end=\"2775\">200.000 euro<\/strong> per <strong data-start=\"2780\" data-end=\"2802\">botteghe artigiane<\/strong> e <strong data-start=\"2805\" data-end=\"2823\">piccoli negozi di nicchia. <\/strong>\u201cIl centro storico avr\u00e0 un piccolo minimarket e incentivi mirati\u201d, insieme a banca intesa anche l&#8217;apertura del bancomat nel centro storico.<\/p>\n<p data-start=\"4004\" data-end=\"4315\"><strong data-start=\"4232\" data-end=\"4257\">Festival della Storia<\/strong>, da lanciare gi\u00e0 nel contesto del <strong data-start=\"4292\" data-end=\"4314\">Settembre Rendente<\/strong>. \u00abInviteremo 3-4 grandi intellettuali per discutere la storia d\u2019Italia, la cultura, la memoria. Questo \u00e8 il primo passo\u00bb. Rende non sar\u00e0 solo <strong data-start=\"4623\" data-end=\"4648\">cantanti e spettacoli<\/strong>, ma anche <strong data-start=\"4659\" data-end=\"4719\">dibattito culturale, investimenti strutturali e identit\u00e0<\/strong>. La citt\u00e0, dice Principe, deve riscoprire la propria vocazione storica e <strong data-start=\"4793\" data-end=\"4829\">guardare avanti con radici salde<\/strong>.<\/p>\n<h3 data-start=\"4004\" data-end=\"4315\">Manutenzione straordinaria: \u201cRende era abbandonata\u201d<\/h3>\n<p data-start=\"4004\" data-end=\"4315\">La prima urgenza \u00e8 stata la manutenzione ordinaria e straordinaria. \u00ab<strong>La citt\u00e0 era in stato di abbandono<\/strong>\u00bb, ha evidenziato il sindaco, che ha avviato immediatamente interventi di pulizia delle strade e ri<strong>mozione delle erbacce, coinvolgendo la Multiservizi<\/strong> e intensificando i controlli da parte dei vigili urbani per contrastare l\u2019abbandono dei rifiuti. Sul fronte delle infrastrutture, sono <strong>in corso interventi per la riparazione delle buche e il ripristino del manto stradale.<\/strong> In particolare, \u00e8 stato indetto un bando \u2013 in scadenza il 4 agosto \u2013 per un accordo quadro da <strong>quasi 4,5 milioni di euro dedicato alla bitumatura dell\u2019intero territorio comunale.<\/strong> Il primo contratto, da 380.000 euro, interesser\u00e0 il centro citt\u00e0 e lo stradone della zona industriale.<\/p>\n<h3 data-start=\"4004\" data-end=\"4315\">Un tocco di bellezza: ciclamini in arrivo<\/h3>\n<p data-start=\"4004\" data-end=\"4315\">Non solo interventi strutturali, ma anche a<strong>ttenzione all\u2019immagine urbana<\/strong>. Sebbene le alte temperature estive impediscano la messa a dimora dei fiori, il sindaco ha annunciato che a fine settembre inizier\u00e0 la piantumazione di una grande fornitura di ciclamini, per restituire a Rende un\u2019immagine pi\u00f9 curata e accogliente.<\/p>\n<p data-start=\"4004\" data-end=\"4315\">\n","protected":false},"excerpt":{"rendered":"<p>RENDE \u2013 Un mese dopo l\u2019insediamento ufficiale della giunta, il sindaco di Rende Sandro Principe ha voluto incontrare la stampa per fare il punto sull\u2019attivit\u00e0 amministrativa e annunciare le strategie per il futuro. Una conferenza che nelle intenzioni del primo cittadino, diventer\u00e0 appuntamento periodico con l&#8217;obiettivo di garantire trasparenza e coinvolgimento costante della cittadinanza. Il [&hellip;]<\/p>\n","protected":false},"author":34,"featured_media":264161,"comment_status":"closed","ping_status":"closed","sticky":false,"template":"","format":"video","meta":{"_acf_changed":false,"footnotes":"","jetpack_publicize_message":"","jetpack_publicize_feature_enabled":true,"jetpack_social_post_already_shared":false,"jetpack_social_options":{"image_generator_settings":{"template":"highway","default_image_id":0,"font":"","enabled":false},"version":2}},"categories":[563,44],"tags":[19,135],"class_list":["post-264135","post","type-post","status-publish","format-video","has-post-thumbnail","hentry","category-area-urbana","category-rende","tag-copertina","tag-video","post_format-post-format-video"],"acf":[],"jetpack_publicize_connections":[],"_links":{"self":[{"href":"https:\/\/quicosenza.it\/news\/wp-json\/wp\/v2\/posts\/264135","targetHints":{"allow":["GET"]}}],"collection":[{"href":"https:\/\/quicosenza.it\/news\/wp-json\/wp\/v2\/posts"}],"about":[{"href":"https:\/\/quicosenza.it\/news\/wp-json\/wp\/v2\/types\/post"}],"author":[{"embeddable":true,"href":"https:\/\/quicosenza.it\/news\/wp-json\/wp\/v2\/users\/34"}],"replies":[{"embeddable":true,"href":"https:\/\/quicosenza.it\/news\/wp-json\/wp\/v2\/comments?post=264135"}],"version-history":[{"count":0,"href":"https:\/\/quicosenza.it\/news\/wp-json\/wp\/v2\/posts\/264135\/revisions"}],"wp:featuredmedia":[{"embeddable":true,"href":"https:\/\/quicosenza.it\/news\/wp-json\/wp\/v2\/media\/264161"}],"wp:attachment":[{"href":"https:\/\/quicosenza.it\/news\/wp-json\/wp\/v2\/media?parent=264135"}],"wp:term":[{"taxonomy":"category","embeddable":true,"href":"https:\/\/quicosenza.it\/news\/wp-json\/wp\/v2\/categories?post=264135"},{"taxonomy":"post_tag","embeddable":true,"href":"https:\/\/quicosenza.it\/news\/wp-json\/wp\/v2\/tags?post=264135"}],"curies":[{"name":"wp","href":"https:\/\/api.w.org\/{rel}","templated":true}]}}