{"id":264185,"date":"2025-07-13T09:36:05","date_gmt":"2025-07-13T07:36:05","guid":{"rendered":"https:\/\/www.quicosenza.it\/news\/?p=264185"},"modified":"2025-07-13T09:50:22","modified_gmt":"2025-07-13T07:50:22","slug":"lieto-fine-ritrovato-allen-il-bambino-di-5-anni-scomparso-venerdi-e-vivo-e-sta-bene","status":"publish","type":"post","link":"https:\/\/quicosenza.it\/news\/lieto-fine-ritrovato-allen-il-bambino-di-5-anni-scomparso-venerdi-e-vivo-e-sta-bene\/","title":{"rendered":"Lieto fine: ritrovato Allen, il bambino di 5 anni scomparso venerd\u00ec. \u00c8 vivo e sta bene"},"content":{"rendered":"<p>GENOVA- \u00c8 stato <strong>ritrovato vivo Allen, il bambino di 5 anni scomparso venerd\u00ec notte da un camping di Latte,<\/strong> a Ventimiglia in Liguria. Il bimbo s<strong>ta bene ed \u00e8 stato portato a braccia dai soccorritori<\/strong>, <strong>accolto dall&#8217;applauso di una piccola folla<\/strong> che si era radunata nella piazzetta di Latte in attesa di notizie.<\/p>\n<p><a href=\"https:\/\/quicosenza.it\/news\/wp-content\/uploads\/2025\/07\/Allen2.jpg\"><img loading=\"lazy\" decoding=\"async\" class=\"wp-image-264187 aligncenter\" src=\"https:\/\/quicosenza.it\/news\/wp-content\/uploads\/2025\/07\/Allen2.jpg\" alt=\"\" width=\"554\" height=\"369\" title=\"\" srcset=\"https:\/\/quicosenza.it\/news\/wp-content\/uploads\/2025\/07\/Allen2.jpg 970w, https:\/\/quicosenza.it\/news\/wp-content\/uploads\/2025\/07\/Allen2-300x200.jpg 300w, https:\/\/quicosenza.it\/news\/wp-content\/uploads\/2025\/07\/Allen2-768x512.jpg 768w, https:\/\/quicosenza.it\/news\/wp-content\/uploads\/2025\/07\/Allen2-630x420.jpg 630w, https:\/\/quicosenza.it\/news\/wp-content\/uploads\/2025\/07\/Allen2-150x100.jpg 150w, https:\/\/quicosenza.it\/news\/wp-content\/uploads\/2025\/07\/Allen2-696x464.jpg 696w\" sizes=\"auto, (max-width: 554px) 100vw, 554px\" \/><\/a><\/p>\n<p><strong>In molti si sono commossi alla notizia del ritrovamento e delle buone condizioni di salute del bambino<\/strong>, che sarebbe stato ritrovato<strong> su una collina alle spalle di Latte<\/strong>. <strong>Pianto liberatorio anche il proprietario della villetta<\/strong>, l\u2019uomo che per ultimo lo aveva incrociato aiutandolo ad attraversare la strada <strong>e sentito a lungo dai carabinieri in queste 48 ore<\/strong>. Nelle ultime ore a cercare il piccolo forze dell&#8217;ordine, vigili del fuoco, Protezione civile e volontari con droni\u00a0 termocamere, cani e un elicottero perlustrando le colline intorno a Latte, a pochi chilometri dal confine con la Francia.<\/p>\n<p><iframe loading=\"lazy\" style=\"border: none; overflow: hidden;\" src=\"https:\/\/www.facebook.com\/plugins\/video.php?height=314&amp;href=https%3A%2F%2Fwww.facebook.com%2Flocalteam.it%2Fvideos%2F1407618000489076%2F&amp;show_text=false&amp;width=560&amp;t=0\" width=\"560\" height=\"314\" frameborder=\"0\" scrolling=\"no\" allowfullscreen=\"allowfullscreen\"><\/iframe><\/p>\n<div dir=\"auto\">l piccolo, che <strong>da una telecamera di sicurezza era stato ripreso mentre indossava una maglia bianca e dei pantaloncini verdi<\/strong>, si era allontanato ap<strong>profittando di una distrazione del padre, che stava montando la tenda in cui avrebbe dovuto trascorrere qualche giorno di villeggiatura<\/strong> con i genitori e la sorella. L&#8217;uomo, l\u2019ultimo ad aver visto il piccolo, aveva raccontato di aver incrociato il bimbo nei pressi nel suo giardino di casa. \u00abPap\u00e0, pap\u00e0\u00bb. Queste le parole gridate da Allen Bernard Ganao che avrebbero attirato l\u2019attenzione dell\u2019uomo, sentito a lungo dagli inquirenti. L\u2019adulto si sarebbe avvicinato al piccolo e l<strong>o avrebbe accompagnato fino a un bivio<\/strong>. Questa mattina la notizia del ritrovamento.<\/div>\n","protected":false},"excerpt":{"rendered":"<p>GENOVA- \u00c8 stato ritrovato vivo Allen, il bambino di 5 anni scomparso venerd\u00ec notte da un camping di Latte, a Ventimiglia in Liguria. Il bimbo sta bene ed \u00e8 stato portato a braccia dai soccorritori, accolto dall&#8217;applauso di una piccola folla che si era radunata nella piazzetta di Latte in attesa di notizie. In molti [&hellip;]<\/p>\n","protected":false},"author":55,"featured_media":264186,"comment_status":"closed","ping_status":"closed","sticky":false,"template":"","format":"standard","meta":{"_acf_changed":false,"footnotes":"","jetpack_publicize_message":"","jetpack_publicize_feature_enabled":true,"jetpack_social_post_already_shared":false,"jetpack_social_options":{"image_generator_settings":{"template":"highway","default_image_id":0,"font":"","enabled":false},"version":2}},"categories":[16],"tags":[19],"class_list":["post-264185","post","type-post","status-publish","format-standard","has-post-thumbnail","hentry","category-italia","tag-copertina"],"acf":[],"jetpack_publicize_connections":[],"_links":{"self":[{"href":"https:\/\/quicosenza.it\/news\/wp-json\/wp\/v2\/posts\/264185","targetHints":{"allow":["GET"]}}],"collection":[{"href":"https:\/\/quicosenza.it\/news\/wp-json\/wp\/v2\/posts"}],"about":[{"href":"https:\/\/quicosenza.it\/news\/wp-json\/wp\/v2\/types\/post"}],"author":[{"embeddable":true,"href":"https:\/\/quicosenza.it\/news\/wp-json\/wp\/v2\/users\/55"}],"replies":[{"embeddable":true,"href":"https:\/\/quicosenza.it\/news\/wp-json\/wp\/v2\/comments?post=264185"}],"version-history":[{"count":0,"href":"https:\/\/quicosenza.it\/news\/wp-json\/wp\/v2\/posts\/264185\/revisions"}],"wp:featuredmedia":[{"embeddable":true,"href":"https:\/\/quicosenza.it\/news\/wp-json\/wp\/v2\/media\/264186"}],"wp:attachment":[{"href":"https:\/\/quicosenza.it\/news\/wp-json\/wp\/v2\/media?parent=264185"}],"wp:term":[{"taxonomy":"category","embeddable":true,"href":"https:\/\/quicosenza.it\/news\/wp-json\/wp\/v2\/categories?post=264185"},{"taxonomy":"post_tag","embeddable":true,"href":"https:\/\/quicosenza.it\/news\/wp-json\/wp\/v2\/tags?post=264185"}],"curies":[{"name":"wp","href":"https:\/\/api.w.org\/{rel}","templated":true}]}}