{"id":264190,"date":"2025-07-13T11:05:24","date_gmt":"2025-07-13T09:05:24","guid":{"rendered":"https:\/\/www.quicosenza.it\/news\/?p=264190"},"modified":"2025-07-13T13:42:27","modified_gmt":"2025-07-13T11:42:27","slug":"e-cosentina-la-prima-rettrice-nella-storia-della-puglia-si-tratta-di-maria-antonietta-aiello","status":"publish","type":"post","link":"https:\/\/quicosenza.it\/news\/e-cosentina-la-prima-rettrice-nella-storia-della-puglia-si-tratta-di-maria-antonietta-aiello\/","title":{"rendered":"\u00c8 cosentina la prima rettrice nella storia della Puglia: si tratta di Maria Antonietta Aiello"},"content":{"rendered":"<p>COSENZA &#8211; \u00c8 nata e ha studiato in Calabria la <strong>prima rettrice nella storia della Puglia<\/strong>. Si tratta di <strong>Maria Antonietta Aiello,<\/strong> docente di Ingegneria, originaria di <strong>Marzi<\/strong>, in provincia di Cosenza, si \u00e8 <strong>laureata in Ingegneria presso l&#8217;Universit\u00e0 della Calabria.<\/strong> Aiello \u00e8 stata eletta <strong>al vertice di UniSalento<\/strong> e guider\u00e0 l\u2019ateneo fino al <strong>2031<\/strong>. Sar\u00e0 lei, dal prossimo 1\u00b0 novembre, a prendere il testimone dal rettore uscente <strong>Fabio Pollice.<\/strong><\/p>\n<p>Un traguardo eccezionale quello che si festeggia dunque in tutto il mondo accademico pugliese e non solo e che porta grande soddisfazione e ammirazione in tutta la Calabria ed in particolare nella provincia di Cosenza che ha visto la nuova rettrice di UniSalento crescere e formarsi.<\/p>\n<h3>Prima rettrice in Puglia, Aiello: &#8220;UniSalento una casa dove tutti devono sentirsi benvenuti\u201d<\/h3>\n<p>I voti della comunit\u00e0 accademica sono <strong>confluiti in blocco verso Aiello<\/strong> nel secondo turno delle votazioni, dopo che gli altri due candidati si sono ritirati. Si trattava di Luigi Melica, direttore del Dipartimento di Scienze giuridiche e Salvatore Rizzello, direttore della Scuola superiore Isufi. La docente cosentina ricopirima nell&#8217;universit\u00e0 puglieese gi\u00e0 il ruolo di <strong>prorettrice vicaria<\/strong> e <strong>ordinaria di Tecnica delle costruzioni<\/strong> al Dipartimento di Ingegneria dell\u2019innovazione.<\/p>\n<p><em>\u201cVorrei innanzitutto ringraziare la comunit\u00e0 accademica, i docenti, il personale tecnico amministrativo, gli studenti e le studentesse <\/em>\u2013 il commentato a caldo della professoressa Aiello a seguito della nomina &#8211; <em>per il sostegno e la fiducia che mi hanno accordato: sento forte la <strong>responsabilit\u00e0 di onorare l\u2019impegno che mi hanno affidato,<\/strong> accompagnando con rinnovata forza e determinazione il cammino di UniSalento verso un nuovo orizzonte di progresso che metta sempre al centro le persone, i loro problemi, i loro sogni&#8221;. <\/em><\/p>\n<p><em>&#8220;Nel settantesimo anniversario dalla sua fondazione, \u00e8 per me motivo di <strong>orgoglio diventare la prima rettrice di questo ateneo<\/strong>: non ho dubbi che altre ce ne saranno, perch\u00e9 non c\u2019\u00e8 alternativa a un <strong>futuro di reali pari opportunit\u00e0<\/strong> se si vuole, insieme, alimentare la ricerca, l\u2019economia e tenere viva e vivace questa Casa della conoscenza che \u00e8 l\u2019Universit\u00e0 del Salento. <strong>Una casa <\/strong><\/em>&#8211; ha concluso la nuova rettrice &#8211;<em><strong> dove tutti e tutte devono sentirsi benvenuti\u201d.\u00a0<\/strong><\/em><\/p>\n","protected":false},"excerpt":{"rendered":"<p>COSENZA &#8211; \u00c8 nata e ha studiato in Calabria la prima rettrice nella storia della Puglia. Si tratta di Maria Antonietta Aiello, docente di Ingegneria, originaria di Marzi, in provincia di Cosenza, si \u00e8 laureata in Ingegneria presso l&#8217;Universit\u00e0 della Calabria. Aiello \u00e8 stata eletta al vertice di UniSalento e guider\u00e0 l\u2019ateneo fino al 2031. [&hellip;]<\/p>\n","protected":false},"author":90,"featured_media":264191,"comment_status":"closed","ping_status":"closed","sticky":false,"template":"","format":"standard","meta":{"_acf_changed":false,"footnotes":"","jetpack_publicize_message":"","jetpack_publicize_feature_enabled":true,"jetpack_social_post_already_shared":false,"jetpack_social_options":{"image_generator_settings":{"template":"highway","default_image_id":0,"font":"","enabled":false},"version":2}},"categories":[28],"tags":[19],"class_list":["post-264190","post","type-post","status-publish","format-standard","has-post-thumbnail","hentry","category-provincia","tag-copertina"],"acf":[],"jetpack_publicize_connections":[],"_links":{"self":[{"href":"https:\/\/quicosenza.it\/news\/wp-json\/wp\/v2\/posts\/264190","targetHints":{"allow":["GET"]}}],"collection":[{"href":"https:\/\/quicosenza.it\/news\/wp-json\/wp\/v2\/posts"}],"about":[{"href":"https:\/\/quicosenza.it\/news\/wp-json\/wp\/v2\/types\/post"}],"author":[{"embeddable":true,"href":"https:\/\/quicosenza.it\/news\/wp-json\/wp\/v2\/users\/90"}],"replies":[{"embeddable":true,"href":"https:\/\/quicosenza.it\/news\/wp-json\/wp\/v2\/comments?post=264190"}],"version-history":[{"count":0,"href":"https:\/\/quicosenza.it\/news\/wp-json\/wp\/v2\/posts\/264190\/revisions"}],"wp:featuredmedia":[{"embeddable":true,"href":"https:\/\/quicosenza.it\/news\/wp-json\/wp\/v2\/media\/264191"}],"wp:attachment":[{"href":"https:\/\/quicosenza.it\/news\/wp-json\/wp\/v2\/media?parent=264190"}],"wp:term":[{"taxonomy":"category","embeddable":true,"href":"https:\/\/quicosenza.it\/news\/wp-json\/wp\/v2\/categories?post=264190"},{"taxonomy":"post_tag","embeddable":true,"href":"https:\/\/quicosenza.it\/news\/wp-json\/wp\/v2\/tags?post=264190"}],"curies":[{"name":"wp","href":"https:\/\/api.w.org\/{rel}","templated":true}]}}