{"id":264264,"date":"2025-07-14T10:54:00","date_gmt":"2025-07-14T08:54:00","guid":{"rendered":"https:\/\/www.quicosenza.it\/news\/?p=264264"},"modified":"2025-07-14T10:58:22","modified_gmt":"2025-07-14T08:58:22","slug":"il-ritorno-del-caldo-africano-nuova-ondata-rovente-in-calabria-fino-a-fine-luglio-picchi-di-39-gradi","status":"publish","type":"post","link":"https:\/\/quicosenza.it\/news\/il-ritorno-del-caldo-africano-nuova-ondata-rovente-in-calabria-fino-a-fine-luglio-picchi-di-39-gradi\/","title":{"rendered":"Il ritorno del caldo africano. Nuova ondata rovente in Calabria fino a fine luglio, picchi di 39 gradi"},"content":{"rendered":"<p>COSENZA &#8211; Nuova ondata di <strong>caldo africano alle port<\/strong>e, con a<strong>umento delle temperature e picchi di caldo,<\/strong> previsti tra la fine e l&#8217;inizio della prossima settimana, quando toccheremo anche valori nuovamente vicini ai 39 gradi se non addirittura superiori. A inizio luglio, un fronte atlantico ha portato una <a href=\"https:\/\/quicosenza.it\/news\/calabria\/tregua-dal-caldo-africano-irrompe-laria-fresca-e-arrivano-rovesci-e-temporali-allerta-gialla-nel-cosentino\" target=\"_blank\" rel=\"noopener\">breve tregua<\/a> dall&#8217;afa e dalle temperature roventi. Le correnti pi\u00f9 fresche dal Nord Europa, con <strong>associati anche temporali e rovesci<\/strong>, hanno fatto calare diffusamente le temperature anche in Calabria,<strong> con un clima decisamente pi\u00f9 fresco e gradevole senza picchi di calore<\/strong>. La situazione \u00e8 per\u00f2 destinata a cambiare, visto che l&#8217;anticiclone africano \u00e8 pronto a tornare alla carica.<\/p>\n<h3>Caldo africano in aumento: il picco tra il 18 e il 25 luglio<\/h3>\n<p>Gi\u00e0 a partire da domani <strong>l\u2019anticiclone subtropicale inizier\u00e0 la sua rimonta verso Nord,<\/strong> spingendo <strong>masse di aria rovente dal Nord Africa verso il Centro-Sud<\/strong>, in estensione al Nord. A met\u00e0 settimana, <strong>attorno al 17\u201318 luglio, le temperature saliranno in maniera pi\u00f9 marcata<\/strong> soprattutto al Sud e sulle due Isole, dove registreremo ovunque valori superiori ai 35 gradi. Entro la fine della settimana l\u2019Italia sar\u00e0 nuovamente dominata dal caldo africano, <strong>con l\u2019anticiclone subtropicale in piena azione e umidit\u00e0 in aumento anche la notte<\/strong>.<\/p>\n<p><a href=\"https:\/\/quicosenza.it\/news\/wp-content\/uploads\/2023\/08\/Caldo-agosto-previsioni-ferragosto.jpg\"><img loading=\"lazy\" decoding=\"async\" class=\"wp-image-208668 aligncenter\" src=\"https:\/\/quicosenza.it\/news\/wp-content\/uploads\/2023\/08\/Caldo-agosto-previsioni-ferragosto.jpg\" alt=\"Caldo rovente agosto 2023 previsioni ferragosto\" width=\"550\" height=\"346\" title=\"\" srcset=\"https:\/\/quicosenza.it\/news\/wp-content\/uploads\/2023\/08\/Caldo-agosto-previsioni-ferragosto.jpg 970w, https:\/\/quicosenza.it\/news\/wp-content\/uploads\/2023\/08\/Caldo-agosto-previsioni-ferragosto-300x189.jpg 300w, https:\/\/quicosenza.it\/news\/wp-content\/uploads\/2023\/08\/Caldo-agosto-previsioni-ferragosto-768x483.jpg 768w, https:\/\/quicosenza.it\/news\/wp-content\/uploads\/2023\/08\/Caldo-agosto-previsioni-ferragosto-150x94.jpg 150w, https:\/\/quicosenza.it\/news\/wp-content\/uploads\/2023\/08\/Caldo-agosto-previsioni-ferragosto-696x438.jpg 696w, https:\/\/quicosenza.it\/news\/wp-content\/uploads\/2023\/08\/Caldo-agosto-previsioni-ferragosto-668x420.jpg 668w\" sizes=\"auto, (max-width: 550px) 100vw, 550px\" \/><\/a><\/p>\n<p>Solo il Nord potrebbe risentire di qualche fenomeno convettivo o temporale di calore.<strong> Intorno al 18\u201125 luglio ecco che il caldo africano si intensificher\u00e0 ulteriormente<\/strong> con picchi anche di 39 gradi nelle zone interne. Una possibile tregua dalla nuova ondata di caldo africano potrebbe registrarsi solo verso la fine del mese.<\/p>\n","protected":false},"excerpt":{"rendered":"<p>COSENZA &#8211; Nuova ondata di caldo africano alle porte, con aumento delle temperature e picchi di caldo, previsti tra la fine e l&#8217;inizio della prossima settimana, quando toccheremo anche valori nuovamente vicini ai 39 gradi se non addirittura superiori. A inizio luglio, un fronte atlantico ha portato una breve tregua dall&#8217;afa e dalle temperature roventi. [&hellip;]<\/p>\n","protected":false},"author":55,"featured_media":253708,"comment_status":"closed","ping_status":"closed","sticky":false,"template":"","format":"standard","meta":{"_acf_changed":false,"footnotes":"","jetpack_publicize_message":"","jetpack_publicize_feature_enabled":true,"jetpack_social_post_already_shared":false,"jetpack_social_options":{"image_generator_settings":{"template":"highway","default_image_id":0,"font":"","enabled":false},"version":2}},"categories":[17],"tags":[19],"class_list":["post-264264","post","type-post","status-publish","format-standard","has-post-thumbnail","hentry","category-calabria","tag-copertina"],"acf":[],"jetpack_publicize_connections":[],"_links":{"self":[{"href":"https:\/\/quicosenza.it\/news\/wp-json\/wp\/v2\/posts\/264264","targetHints":{"allow":["GET"]}}],"collection":[{"href":"https:\/\/quicosenza.it\/news\/wp-json\/wp\/v2\/posts"}],"about":[{"href":"https:\/\/quicosenza.it\/news\/wp-json\/wp\/v2\/types\/post"}],"author":[{"embeddable":true,"href":"https:\/\/quicosenza.it\/news\/wp-json\/wp\/v2\/users\/55"}],"replies":[{"embeddable":true,"href":"https:\/\/quicosenza.it\/news\/wp-json\/wp\/v2\/comments?post=264264"}],"version-history":[{"count":0,"href":"https:\/\/quicosenza.it\/news\/wp-json\/wp\/v2\/posts\/264264\/revisions"}],"wp:featuredmedia":[{"embeddable":true,"href":"https:\/\/quicosenza.it\/news\/wp-json\/wp\/v2\/media\/253708"}],"wp:attachment":[{"href":"https:\/\/quicosenza.it\/news\/wp-json\/wp\/v2\/media?parent=264264"}],"wp:term":[{"taxonomy":"category","embeddable":true,"href":"https:\/\/quicosenza.it\/news\/wp-json\/wp\/v2\/categories?post=264264"},{"taxonomy":"post_tag","embeddable":true,"href":"https:\/\/quicosenza.it\/news\/wp-json\/wp\/v2\/tags?post=264264"}],"curies":[{"name":"wp","href":"https:\/\/api.w.org\/{rel}","templated":true}]}}