{"id":264289,"date":"2025-07-14T15:30:36","date_gmt":"2025-07-14T13:30:36","guid":{"rendered":"https:\/\/www.quicosenza.it\/news\/?p=264289"},"modified":"2025-07-14T13:52:44","modified_gmt":"2025-07-14T11:52:44","slug":"amendolara-soccorsa-una-tartaruga-marina-in-difficolta-sara-curata-nel-crtm-di-isola-capo-rizzuto","status":"publish","type":"post","link":"https:\/\/quicosenza.it\/news\/amendolara-soccorsa-una-tartaruga-marina-in-difficolta-sara-curata-nel-crtm-di-isola-capo-rizzuto\/","title":{"rendered":"Amendolara, soccorsa una tartaruga marina in difficolt\u00e0. Sar\u00e0 curata nel CRTM di Isola Capo Rizzuto"},"content":{"rendered":"<div class=\"xdj266r x14z9mp xat24cr x1lziwak x1vvkbs x126k92a\">\n<div dir=\"auto\">AMENDOLARA (CS) &#8211; Un <strong>grosso esemplare di tartaruga marina <\/strong><strong>\u00e8 stata soccorsa e recuperata sulla spiaggia di Amendolara,<\/strong> dal personale della Guardia Costiera, con il supporto di un cittadino del posto e dei supporto dei veterinari. L&#8217;esemplare sar\u00e0 curato nel Centro Recupero Tartarughe Marine (CRTM) di Isola Capo Rizzuto.<\/div>\n<div dir=\"auto\"><\/div>\n<div dir=\"auto\">&#8220;Sabato pomeriggio &#8211; ha spiegato Maria Rita Acciardi Sindaco di Amendolara &#8211; <strong>una tartaruga marina in evidente difficolt\u00e0 \u00e8 approdata sulla nostra spiaggia, molto provata e bisognosa di cure<\/strong>. Grazie all\u2019intervento della Guardia Costiera, al prezioso aiuto del nostro concittadino Pino Golia e al supporto dei veterinari specializzati, l<strong>\u2019animale \u00e8 stato soccorso in sicurezza e avviato verso il Centro di recupero di Isola Capo Rizzuto, dove ricever\u00e0 tutte le cure necessarie<\/strong>. Un sentito ringraziamento a chi si \u00e8 attivato con professionalit\u00e0 e sensibilit\u00e0. Questi gesti raccontano il rispetto che nutriamo per l\u2019ambiente e la vita che lo abita. Buona fortuna, piccola viaggiatrice del mare&#8221;.<\/div>\n<\/div>\n","protected":false},"excerpt":{"rendered":"<p>AMENDOLARA (CS) &#8211; Un grosso esemplare di tartaruga marina \u00e8 stata soccorsa e recuperata sulla spiaggia di Amendolara, dal personale della Guardia Costiera, con il supporto di un cittadino del posto e dei supporto dei veterinari. L&#8217;esemplare sar\u00e0 curato nel Centro Recupero Tartarughe Marine (CRTM) di Isola Capo Rizzuto. &#8220;Sabato pomeriggio &#8211; ha spiegato Maria [&hellip;]<\/p>\n","protected":false},"author":55,"featured_media":264292,"comment_status":"closed","ping_status":"closed","sticky":false,"template":"","format":"standard","meta":{"_acf_changed":false,"footnotes":"","jetpack_publicize_message":"","jetpack_publicize_feature_enabled":true,"jetpack_social_post_already_shared":false,"jetpack_social_options":{"image_generator_settings":{"template":"highway","default_image_id":0,"font":"","enabled":false},"version":2}},"categories":[572],"tags":[19],"class_list":["post-264289","post","type-post","status-publish","format-standard","has-post-thumbnail","hentry","category-ionio","tag-copertina"],"acf":[],"jetpack_publicize_connections":[],"_links":{"self":[{"href":"https:\/\/quicosenza.it\/news\/wp-json\/wp\/v2\/posts\/264289","targetHints":{"allow":["GET"]}}],"collection":[{"href":"https:\/\/quicosenza.it\/news\/wp-json\/wp\/v2\/posts"}],"about":[{"href":"https:\/\/quicosenza.it\/news\/wp-json\/wp\/v2\/types\/post"}],"author":[{"embeddable":true,"href":"https:\/\/quicosenza.it\/news\/wp-json\/wp\/v2\/users\/55"}],"replies":[{"embeddable":true,"href":"https:\/\/quicosenza.it\/news\/wp-json\/wp\/v2\/comments?post=264289"}],"version-history":[{"count":0,"href":"https:\/\/quicosenza.it\/news\/wp-json\/wp\/v2\/posts\/264289\/revisions"}],"wp:featuredmedia":[{"embeddable":true,"href":"https:\/\/quicosenza.it\/news\/wp-json\/wp\/v2\/media\/264292"}],"wp:attachment":[{"href":"https:\/\/quicosenza.it\/news\/wp-json\/wp\/v2\/media?parent=264289"}],"wp:term":[{"taxonomy":"category","embeddable":true,"href":"https:\/\/quicosenza.it\/news\/wp-json\/wp\/v2\/categories?post=264289"},{"taxonomy":"post_tag","embeddable":true,"href":"https:\/\/quicosenza.it\/news\/wp-json\/wp\/v2\/tags?post=264289"}],"curies":[{"name":"wp","href":"https:\/\/api.w.org\/{rel}","templated":true}]}}