{"id":264345,"date":"2025-07-15T07:43:58","date_gmt":"2025-07-15T05:43:58","guid":{"rendered":"https:\/\/www.quicosenza.it\/news\/?p=264345"},"modified":"2025-07-15T07:47:07","modified_gmt":"2025-07-15T05:47:07","slug":"era-ricercato-per-una-tentata-rapina-alle-poste-latitante-cosentino-arrestato-in-abruzzo","status":"publish","type":"post","link":"https:\/\/quicosenza.it\/news\/era-ricercato-per-una-tentata-rapina-alle-poste-latitante-cosentino-arrestato-in-abruzzo\/","title":{"rendered":"Era ricercato per una tentata rapina alle Poste, latitante cosentino arrestato in Abruzzo"},"content":{"rendered":"<p>TERAMO &#8211; E&#8217; stato arrestato dalla Squadra mobile il 37enne originario del Cosentino, ritenuto l&#8217;autore della tentata rapina all\u2019Ufficio Postale di Villa Tordinia, a Teramo messa a segno sabato 12 luglio. Gli agenti lo hanno bloccato nel Comune di Crognaleto, dove si era rifugiato. Era\u00a0latitante da quasi un mese, era gi\u00e0 destinatario di due ordinanze di custodia cautelare in carcere, per <strong>reati simili commessi in Calabria<\/strong>. Era inoltre sottoposto alla misura di sorveglianza speciale con obbligo di soggiorno, che ha violato nascondendosi in Abruzzo.<\/p>\n<p>Le indagini hanno consentito, attraverso la visione delle immagini di videosorveglianza e l\u2019incrocio con le banche dati, di arrivare al blitz per la sua cattura, avvenuto domenica. I poliziotti hanno aspettato che il 37enne uscisse da un\u2019abitazione e lo hanno seguito per poi bloccarlo <strong>mentre era a bordo di un\u2019auto con un&#8217;altra persona<\/strong>. Scattata anche una mirata perquisizione sono stati trovate e sequestrate fascette, nastro adesivo, una scatola con lo scontrino dell&#8217;acquisto di una pistola giocattolo simile a quella abbandonata durante la fuga e abiti compatibili con quelli usati il giorno della tentata rapina, mentre la <strong>felpa<\/strong> indossata il giorno del colpo \u00e8 stata trovata, cos\u00ec come da lui indicato, sotto un ponte a Villa Ripa. Il 37enne cosentino \u00e8 stato trasferito nel carcere di Teramo, a disposizione dell\u2019Autorit\u00e0 Giudiziaria.<\/p>\n","protected":false},"excerpt":{"rendered":"<p>TERAMO &#8211; E&#8217; stato arrestato dalla Squadra mobile il 37enne originario del Cosentino, ritenuto l&#8217;autore della tentata rapina all\u2019Ufficio Postale di Villa Tordinia, a Teramo messa a segno sabato 12 luglio. Gli agenti lo hanno bloccato nel Comune di Crognaleto, dove si era rifugiato. Era\u00a0latitante da quasi un mese, era gi\u00e0 destinatario di due ordinanze [&hellip;]<\/p>\n","protected":false},"author":42,"featured_media":264346,"comment_status":"closed","ping_status":"closed","sticky":false,"template":"","format":"standard","meta":{"_acf_changed":false,"footnotes":"","jetpack_publicize_message":"","jetpack_publicize_feature_enabled":true,"jetpack_social_post_already_shared":false,"jetpack_social_options":{"image_generator_settings":{"template":"highway","default_image_id":0,"font":"","enabled":false},"version":2}},"categories":[16],"tags":[19],"class_list":["post-264345","post","type-post","status-publish","format-standard","has-post-thumbnail","hentry","category-italia","tag-copertina"],"acf":[],"jetpack_publicize_connections":[],"_links":{"self":[{"href":"https:\/\/quicosenza.it\/news\/wp-json\/wp\/v2\/posts\/264345","targetHints":{"allow":["GET"]}}],"collection":[{"href":"https:\/\/quicosenza.it\/news\/wp-json\/wp\/v2\/posts"}],"about":[{"href":"https:\/\/quicosenza.it\/news\/wp-json\/wp\/v2\/types\/post"}],"author":[{"embeddable":true,"href":"https:\/\/quicosenza.it\/news\/wp-json\/wp\/v2\/users\/42"}],"replies":[{"embeddable":true,"href":"https:\/\/quicosenza.it\/news\/wp-json\/wp\/v2\/comments?post=264345"}],"version-history":[{"count":0,"href":"https:\/\/quicosenza.it\/news\/wp-json\/wp\/v2\/posts\/264345\/revisions"}],"wp:featuredmedia":[{"embeddable":true,"href":"https:\/\/quicosenza.it\/news\/wp-json\/wp\/v2\/media\/264346"}],"wp:attachment":[{"href":"https:\/\/quicosenza.it\/news\/wp-json\/wp\/v2\/media?parent=264345"}],"wp:term":[{"taxonomy":"category","embeddable":true,"href":"https:\/\/quicosenza.it\/news\/wp-json\/wp\/v2\/categories?post=264345"},{"taxonomy":"post_tag","embeddable":true,"href":"https:\/\/quicosenza.it\/news\/wp-json\/wp\/v2\/tags?post=264345"}],"curies":[{"name":"wp","href":"https:\/\/api.w.org\/{rel}","templated":true}]}}