{"id":264499,"date":"2025-07-16T20:00:27","date_gmt":"2025-07-16T18:00:27","guid":{"rendered":"https:\/\/www.quicosenza.it\/news\/?p=264499"},"modified":"2025-07-16T19:21:59","modified_gmt":"2025-07-16T17:21:59","slug":"cassano-ionio-articoloventuno-chiede-trasparenza-su-casa-serena-servono-scelte-nuove-e-coraggiose","status":"publish","type":"post","link":"https:\/\/quicosenza.it\/news\/cassano-ionio-articoloventuno-chiede-trasparenza-su-casa-serena-servono-scelte-nuove-e-coraggiose\/","title":{"rendered":"Cassano Ionio, ArticoloVentuno chiede trasparenza su Casa Serena: \u00abServono scelte nuove e coraggiose\u00bb"},"content":{"rendered":"<p>CASSANO IONIO (CS) &#8211; Il gruppo consiliare <strong>ArticoloVentuno<\/strong> scende in campo in difesa di <strong>Casa Serena<\/strong>, la struttura di riposo per anziani presente in citt\u00e0, chidendo chiarezza e specificando che ora serve un <strong>passo nuovo e decisivo<\/strong> per cambiare lo stato delle cose. <em>&#8220;Casa Serena<\/em> &#8211; precisa il gruppo &#8211; <em>\u00e8 un patrimonio della nostra comunit\u00e0, ma oggi <strong>attraversa una fase molto delicata&#8221;. <\/strong><\/em><\/p>\n<p>ArticoloVentuno ha sollevato, infatti, <strong>diverse problematiche<\/strong> che coinvolgono le assunzioni, il lavoro del consiglio di amministrazione e la gestione, fortemente legata all&#8217;amministrazione comunale. Un modus operandi che per il gruppo non va pi\u00f9 bene e che necessita di rinnovamento.<\/p>\n<h3>Casa Serena: le inconcruenze techiche segnalate da ArticoloVentuno<\/h3>\n<p>&#8220;Nel corso degli ultimi anni, l\u2019istituto ha sistematicamente adottato <strong>procedure selettive<\/strong> basate esclusivamente su <strong>titoli e colloqui<\/strong>. Una prassi forse consentita dalla normativa, ma che \u2013 se adottata come unica modalit\u00e0 \u2013 rischia di risultare poco selettiva e scarsamente trasparente. Non sorprende, dunque, che attorno a queste procedure si sia generato <strong>un clima di incertezza<\/strong>, fatto di dubbi e &#8216;toto-nomi'&#8221; precisa in prima battuta il gruppo chiedendo chiarezza e precisando che questa \u00e8 &#8220;un\u2019esigenza legittima&#8221;.<\/p>\n<p>A questi primi dubbi ne solleva altri: <em>&#8220;Il <strong>Collegio dei Revisori dei Conti ha rimesso il proprio mandato,<\/strong> sollevando criticit\u00e0 normative e gravi dubbi sulla sostenibilit\u00e0 economica delle recenti decisioni assunzionali. Nonostante ci\u00f2, il <strong>CdA ha proseguito<\/strong> per la sua strada, pubblicando <strong>nuovi avvisi senza attendere alcuna verifica<\/strong>. Una scelta che, in un momento cos\u00ec delicato, impone una riflessione seria&#8221;.<\/em><\/p>\n<p>A questo, si aggiuge, ArticoloVentuno un ulteriore elemento di allarme: &#8220;Una modifica statutaria stabilisce che, in caso di dissesto, gli oneri ricadrebbero sul Comune. Un rischio diretto per le casse pubbliche, in un contesto finanziario gi\u00e0 fragile, che richiede ancora pi\u00f9 cautela e attenzione&#8221;.<\/p>\n<h3>C&#8217;\u00e8 anche uno snodo politico<\/h3>\n<p>La questione, come fa presente il gruppo, non riguarda solo gli\u00a0aspetti tecnici ma ha anche <em>&#8220;un <strong>nodo politico.<\/strong> L\u2019attuale Consiglio di Amministrazione \u00e8 espressione della passata amministrazione comunale. In buona sostanza si tratta di incarichi fiduciari che appartengono a una stagione ormai superata. Alla luce delle elezioni, sarebbe un atto di sensibilit\u00e0 istituzionale rimettere il mandato e lasciare che la nuova amministrazione possa operare in coerenza con la volont\u00e0 popolare&#8221;.\u00a0<\/em><\/p>\n<p>Per tutti questi motivi ArticoloVentuno chiede di <em>&#8220;<strong>voltare pagina, di superare un metodo gestionale e un modello di governance<\/strong> che ha permesso alla politica negli ultimi trent\u2019anni di <strong>occupare spazi impropri, a scapito dell\u2019interesse collettivo<\/strong>. Un sistema inadeguato, da superare con <strong>scelte nuove e coraggiose<\/strong> che devono andare al di l\u00e0 delle persone e delle appartenenze&#8221;.\u00a0<\/em><\/p>\n<h3>Cosa \u00e8 necessario fare per ArticoloVentuno<\/h3>\n<p>Un primo segnale positivo \u00e8 gi\u00e0 arrivato segnala il gruppo: <em>&#8220;La sospensione delle prove concorsuali. Un gesto di buon senso&#8221;<\/em> ma questo non basta ribadisce.<em> &#8220;Serve compiere ulteriori passi in avanti per garantire piena trasparenza, condivisione e fiducia. E serve farlo in fretta.\u00a0 Ed \u00e8 proprio per questo che chiediamo un impegno collettivo per la trasparenza.<\/em><br \/>\n<em>Da parte degli attuali amministratori dell\u2019ente, dell\u2019Amministrazione comunale e della Regione Calabria, che ha il compito di vigilare e che finora non l\u2019ha fatto. Serve un <strong>approfondimento istituzionale, rigoroso e serio<\/strong>&#8220;.\u00a0<\/em><\/p>\n<p>Per tutti questi motivi ArticoloVentuno chiede che la vicenda venga affrontata all\u2019interno della <strong>Commissione consiliare competente<\/strong> oppure attraverso una <strong>Commissione speciale a tempo.\u00a0<\/strong><\/p>\n","protected":false},"excerpt":{"rendered":"<p>CASSANO IONIO (CS) &#8211; Il gruppo consiliare ArticoloVentuno scende in campo in difesa di Casa Serena, la struttura di riposo per anziani presente in citt\u00e0, chidendo chiarezza e specificando che ora serve un passo nuovo e decisivo per cambiare lo stato delle cose. &#8220;Casa Serena &#8211; precisa il gruppo &#8211; \u00e8 un patrimonio della nostra [&hellip;]<\/p>\n","protected":false},"author":90,"featured_media":144827,"comment_status":"closed","ping_status":"closed","sticky":false,"template":"","format":"standard","meta":{"_acf_changed":false,"footnotes":"","jetpack_publicize_message":"","jetpack_publicize_feature_enabled":true,"jetpack_social_post_already_shared":false,"jetpack_social_options":{"image_generator_settings":{"template":"highway","default_image_id":0,"font":"","enabled":false},"version":2}},"categories":[28],"tags":[19],"class_list":["post-264499","post","type-post","status-publish","format-standard","has-post-thumbnail","hentry","category-provincia","tag-copertina"],"acf":[],"jetpack_publicize_connections":[],"_links":{"self":[{"href":"https:\/\/quicosenza.it\/news\/wp-json\/wp\/v2\/posts\/264499","targetHints":{"allow":["GET"]}}],"collection":[{"href":"https:\/\/quicosenza.it\/news\/wp-json\/wp\/v2\/posts"}],"about":[{"href":"https:\/\/quicosenza.it\/news\/wp-json\/wp\/v2\/types\/post"}],"author":[{"embeddable":true,"href":"https:\/\/quicosenza.it\/news\/wp-json\/wp\/v2\/users\/90"}],"replies":[{"embeddable":true,"href":"https:\/\/quicosenza.it\/news\/wp-json\/wp\/v2\/comments?post=264499"}],"version-history":[{"count":0,"href":"https:\/\/quicosenza.it\/news\/wp-json\/wp\/v2\/posts\/264499\/revisions"}],"wp:featuredmedia":[{"embeddable":true,"href":"https:\/\/quicosenza.it\/news\/wp-json\/wp\/v2\/media\/144827"}],"wp:attachment":[{"href":"https:\/\/quicosenza.it\/news\/wp-json\/wp\/v2\/media?parent=264499"}],"wp:term":[{"taxonomy":"category","embeddable":true,"href":"https:\/\/quicosenza.it\/news\/wp-json\/wp\/v2\/categories?post=264499"},{"taxonomy":"post_tag","embeddable":true,"href":"https:\/\/quicosenza.it\/news\/wp-json\/wp\/v2\/tags?post=264499"}],"curies":[{"name":"wp","href":"https:\/\/api.w.org\/{rel}","templated":true}]}}