{"id":264578,"date":"2025-07-17T07:38:46","date_gmt":"2025-07-17T05:38:46","guid":{"rendered":"https:\/\/www.quicosenza.it\/news\/?p=264578"},"modified":"2025-07-17T07:38:46","modified_gmt":"2025-07-17T05:38:46","slug":"aggressione-shock-farmacista-accoltellato-nel-suo-negozio-fermato-il-figlio-del-vecchio-titolare","status":"publish","type":"post","link":"https:\/\/quicosenza.it\/news\/aggressione-shock-farmacista-accoltellato-nel-suo-negozio-fermato-il-figlio-del-vecchio-titolare\/","title":{"rendered":"Aggressione shock: farmacista accoltellato nel suo negozio, fermato il figlio del vecchio titolare"},"content":{"rendered":"<p>NICOTERA (VV) &#8211;<strong> Un farmacista di 55 anni \u00e8 stato accoltellato nel tardo pomeriggio<\/strong> <strong>di ieri a Nicotera da un 24enne<\/strong>. L&#8217;episodio si \u00e8 verificato intorno <strong>alle 19<\/strong> all&#8217;interno dell&#8217;attivit\u00e0 in via III Rione Margherita. Al momento del ferimento nel locale c&#8217;erano alcune persone oltre al titolare che \u00e8 stato<strong> raggiunto alla gola da un fendente<\/strong> sferrato dal giovane che subito dopo si \u00e8 allontanato lasciando la vittima per terra. Sono stati i testimoni presenti a soccorrere il professionista e a dare l&#8217;allarme.<\/p>\n<p>I carabinieri si sono qui messi immediatamente alla ricerca del p<strong>resunto responsabile che \u00e8 stato rintracciato all&#8217;interno di un bar<\/strong> poco distante in stato confusionale ed arrestato. Il farmacista invece \u00e8 stato trasferito presso l&#8217;ospedale di Catanzaro ma secondo le prime informazioni n<strong>on sarebbe in pericolo di vita<\/strong>. In ordine al movente, ci sono alcuni aspetti da chiarire ma \u00e8 certo che i due si conoscessero e che il 24enne sia il figlio del precedente proprietario dell&#8217;attivit\u00e0. Le indagini sono coordinate dalla Procura di Vibo.<\/p>\n","protected":false},"excerpt":{"rendered":"<p>NICOTERA (VV) &#8211; Un farmacista di 55 anni \u00e8 stato accoltellato nel tardo pomeriggio di ieri a Nicotera da un 24enne. L&#8217;episodio si \u00e8 verificato intorno alle 19 all&#8217;interno dell&#8217;attivit\u00e0 in via III Rione Margherita. Al momento del ferimento nel locale c&#8217;erano alcune persone oltre al titolare che \u00e8 stato raggiunto alla gola da un [&hellip;]<\/p>\n","protected":false},"author":58,"featured_media":264579,"comment_status":"closed","ping_status":"closed","sticky":false,"template":"","format":"standard","meta":{"_acf_changed":false,"footnotes":"","jetpack_publicize_message":"","jetpack_publicize_feature_enabled":true,"jetpack_social_post_already_shared":false,"jetpack_social_options":{"image_generator_settings":{"template":"highway","default_image_id":0,"font":"","enabled":false},"version":2}},"categories":[17],"tags":[19],"class_list":["post-264578","post","type-post","status-publish","format-standard","has-post-thumbnail","hentry","category-calabria","tag-copertina"],"acf":[],"jetpack_publicize_connections":[],"_links":{"self":[{"href":"https:\/\/quicosenza.it\/news\/wp-json\/wp\/v2\/posts\/264578","targetHints":{"allow":["GET"]}}],"collection":[{"href":"https:\/\/quicosenza.it\/news\/wp-json\/wp\/v2\/posts"}],"about":[{"href":"https:\/\/quicosenza.it\/news\/wp-json\/wp\/v2\/types\/post"}],"author":[{"embeddable":true,"href":"https:\/\/quicosenza.it\/news\/wp-json\/wp\/v2\/users\/58"}],"replies":[{"embeddable":true,"href":"https:\/\/quicosenza.it\/news\/wp-json\/wp\/v2\/comments?post=264578"}],"version-history":[{"count":0,"href":"https:\/\/quicosenza.it\/news\/wp-json\/wp\/v2\/posts\/264578\/revisions"}],"wp:featuredmedia":[{"embeddable":true,"href":"https:\/\/quicosenza.it\/news\/wp-json\/wp\/v2\/media\/264579"}],"wp:attachment":[{"href":"https:\/\/quicosenza.it\/news\/wp-json\/wp\/v2\/media?parent=264578"}],"wp:term":[{"taxonomy":"category","embeddable":true,"href":"https:\/\/quicosenza.it\/news\/wp-json\/wp\/v2\/categories?post=264578"},{"taxonomy":"post_tag","embeddable":true,"href":"https:\/\/quicosenza.it\/news\/wp-json\/wp\/v2\/tags?post=264578"}],"curies":[{"name":"wp","href":"https:\/\/api.w.org\/{rel}","templated":true}]}}