{"id":264596,"date":"2025-07-19T08:00:04","date_gmt":"2025-07-19T06:00:04","guid":{"rendered":"https:\/\/www.quicosenza.it\/news\/?p=264596"},"modified":"2025-07-17T11:47:20","modified_gmt":"2025-07-17T09:47:20","slug":"bollette-in-calabria-lestate-e-salata-tra-le-regioni-dove-si-spende-di-piu","status":"publish","type":"post","link":"https:\/\/quicosenza.it\/news\/bollette-in-calabria-lestate-e-salata-tra-le-regioni-dove-si-spende-di-piu\/","title":{"rendered":"Bollette, in Calabria l&#8217;estate &#8220;\u00e8 salata&#8221;: tra le regioni dove si spende di pi\u00f9"},"content":{"rendered":"<p>COSENZA &#8211; La <strong>Calabria<\/strong> \u00e8 tra le regioni dove si <strong>spende di pi\u00f9 in bolletta<\/strong>. \u00c8 quanto emerge da una ricerca realizzata dall&#8217;Osservatorio di Switcho che segnala che per la nostra regione c&#8217;\u00e8 stato un a<strong>umento medio del +45%<\/strong>, con un <strong>rincaro<\/strong> complessivo in bolletta di <strong>29 euro<\/strong> tra luglio e agosto.<\/p>\n<p>La provincia che ha visto bollette pi\u00f9 &#8220;salate&#8221; \u00e8 quella di <strong>Crotone <\/strong>con un <strong>+55% e 41 euro<\/strong> in termini di costi. Seguono <strong>Reggio Calabria con un +56%<\/strong> e una spesa aggiuntiva di <strong>40 euro<\/strong>. Leggermente pi\u00f9 moderati i consumi nelle province di <strong>Cosenza<\/strong>, con un <strong>+40%<\/strong> e una spesa aggiuntiva di <strong>24 euro.<\/strong> Ultima <strong>Catanzaro<\/strong> con un <strong>+38%<\/strong> e un rincaro di <strong>23 euro.<\/strong><\/p>\n<h3>Bollette estive: aumenti in tutta Italia ma la Calabria va oltre il trend nazionale<\/h3>\n<p>I mesi estivi, da sempre, sono stati pi\u00f9 dispendiosi per gli italiani con una crescita del 35% dei consumi a luglio e agosto, rispetto a giugno, principalmente a causa del maggiore utilizzo dei condizionatori. Un trend che si conferma anche per questa estate.\u00a0<i>&#8220;L&#8217;aumento medio nazionale in bolletta complessivo nei due mesi di caldo estivo sarebbe, infatti, di\u00a0<b>21\u00a0<\/b><b>euro&#8221; <\/b><\/i>si legge nella ricerca. &#8220;<i>Una cifra tutto sommato abbordabile&#8221; <\/i>si precisa anche se le cifre aumentano da regione a regione, e la Calabria \u00e8 ai primi posti. Le spese della <strong>provincia di Cosenza e Catanzaro riflettono riflettono maggiormente il dato nazionale.\u00a0<\/strong><\/p>\n<p><img loading=\"lazy\" decoding=\"async\" class=\"aligncenter wp-image-264599 size-full\" src=\"https:\/\/quicosenza.it\/news\/wp-content\/uploads\/2025\/07\/Bollette-Calabria.jpg\" alt=\"\" width=\"643\" height=\"211\" title=\"\" srcset=\"https:\/\/quicosenza.it\/news\/wp-content\/uploads\/2025\/07\/Bollette-Calabria.jpg 643w, https:\/\/quicosenza.it\/news\/wp-content\/uploads\/2025\/07\/Bollette-Calabria-300x98.jpg 300w, https:\/\/quicosenza.it\/news\/wp-content\/uploads\/2025\/07\/Bollette-Calabria-150x49.jpg 150w\" sizes=\"auto, (max-width: 643px) 100vw, 643px\" \/><\/p>\n","protected":false},"excerpt":{"rendered":"<p>COSENZA &#8211; La Calabria \u00e8 tra le regioni dove si spende di pi\u00f9 in bolletta. \u00c8 quanto emerge da una ricerca realizzata dall&#8217;Osservatorio di Switcho che segnala che per la nostra regione c&#8217;\u00e8 stato un aumento medio del +45%, con un rincaro complessivo in bolletta di 29 euro tra luglio e agosto. La provincia che [&hellip;]<\/p>\n","protected":false},"author":90,"featured_media":199129,"comment_status":"closed","ping_status":"closed","sticky":false,"template":"","format":"standard","meta":{"_acf_changed":false,"footnotes":"","jetpack_publicize_message":"","jetpack_publicize_feature_enabled":true,"jetpack_social_post_already_shared":false,"jetpack_social_options":{"image_generator_settings":{"template":"highway","default_image_id":0,"font":"","enabled":false},"version":2}},"categories":[17],"tags":[19],"class_list":["post-264596","post","type-post","status-publish","format-standard","has-post-thumbnail","hentry","category-calabria","tag-copertina"],"acf":[],"jetpack_publicize_connections":[],"_links":{"self":[{"href":"https:\/\/quicosenza.it\/news\/wp-json\/wp\/v2\/posts\/264596","targetHints":{"allow":["GET"]}}],"collection":[{"href":"https:\/\/quicosenza.it\/news\/wp-json\/wp\/v2\/posts"}],"about":[{"href":"https:\/\/quicosenza.it\/news\/wp-json\/wp\/v2\/types\/post"}],"author":[{"embeddable":true,"href":"https:\/\/quicosenza.it\/news\/wp-json\/wp\/v2\/users\/90"}],"replies":[{"embeddable":true,"href":"https:\/\/quicosenza.it\/news\/wp-json\/wp\/v2\/comments?post=264596"}],"version-history":[{"count":0,"href":"https:\/\/quicosenza.it\/news\/wp-json\/wp\/v2\/posts\/264596\/revisions"}],"wp:featuredmedia":[{"embeddable":true,"href":"https:\/\/quicosenza.it\/news\/wp-json\/wp\/v2\/media\/199129"}],"wp:attachment":[{"href":"https:\/\/quicosenza.it\/news\/wp-json\/wp\/v2\/media?parent=264596"}],"wp:term":[{"taxonomy":"category","embeddable":true,"href":"https:\/\/quicosenza.it\/news\/wp-json\/wp\/v2\/categories?post=264596"},{"taxonomy":"post_tag","embeddable":true,"href":"https:\/\/quicosenza.it\/news\/wp-json\/wp\/v2\/tags?post=264596"}],"curies":[{"name":"wp","href":"https:\/\/api.w.org\/{rel}","templated":true}]}}