{"id":264651,"date":"2025-07-20T17:00:55","date_gmt":"2025-07-20T15:00:55","guid":{"rendered":"https:\/\/www.quicosenza.it\/news\/?p=264651"},"modified":"2025-07-17T16:09:10","modified_gmt":"2025-07-17T14:09:10","slug":"a-san-pietro-in-amantea-una-nuova-casapaese-per-demenze-presentata-la-campagna-di-crowdfunding","status":"publish","type":"post","link":"https:\/\/quicosenza.it\/news\/a-san-pietro-in-amantea-una-nuova-casapaese-per-demenze-presentata-la-campagna-di-crowdfunding\/","title":{"rendered":"A San Pietro in Amantea una nuova CasaPaese per demenze, presentata la campagna di crowdfunding"},"content":{"rendered":"<p>SAN PIETRO IN AMANTEA (CS) &#8211; Si estende l\u2019eco silenzioso ma potente del modello CasaPaese, la rivoluzionaria <strong>struttura dedicata alle persone affette da Alzheimer<\/strong> e <strong>demenze<\/strong> che mette al <strong>centro la dignit\u00e0, la libert\u00e0 e l\u2019umanit\u00e0 dei suoi ospiti<\/strong>. Dopo l\u2019esperienza pionieristica avviata a <strong>Cicala<\/strong>, piccolo borgo in provincia di Catanzaro, ora \u00e8 la volta di <strong>San Pietro in Amantea, nel cosentino,<\/strong> dove nascer\u00e0 una <strong>nuova CasaPaese<\/strong>, interamente <strong>autofinanziata<\/strong> grazie a una <strong>rete virtuosa di cittadini, imprese e associazioni<\/strong>.<\/p>\n<h3>\u201cQuando la comunit\u00e0 si prende cura\u201d<\/h3>\n<p>La <strong>prima tappa<\/strong> concreta sar\u00e0 l\u2019evento di <strong>presentazione della campagna di crowdfunding<\/strong>, intitolato \u201cQuando la comunit\u00e0 si prende cura\u201d, che si terr\u00e0 <strong>marted\u00ec 22 luglio, alle ore 19<\/strong>, presso la Sala Consiliare \u201cInes Nervi Carratelli\u201d del Comune di San Pietro in Amantea.\u00a0L\u2019iniziativa, organizzata dai Club Service Rotary E-Club Al Manti\u00e1h Calabria e Inner Wheel Amantea, con il supporto del Comune e della Fondazione Ra.Gi., sar\u00e0 un\u2019occasione per raccontare \u2013 con testimonianze dirette e contributi scientifici \u2013 come la cura possa e debba essere un fatto comunitario e non istituzionalizzato.<\/p>\n<p><img loading=\"lazy\" decoding=\"async\" class=\" wp-image-264655 aligncenter\" src=\"https:\/\/quicosenza.it\/news\/wp-content\/uploads\/2025\/07\/casapaese-san-pietro-amantea-demenze-02.jpg\" alt=\"\" width=\"511\" height=\"255\" title=\"\" srcset=\"https:\/\/quicosenza.it\/news\/wp-content\/uploads\/2025\/07\/casapaese-san-pietro-amantea-demenze-02.jpg 970w, https:\/\/quicosenza.it\/news\/wp-content\/uploads\/2025\/07\/casapaese-san-pietro-amantea-demenze-02-300x150.jpg 300w, https:\/\/quicosenza.it\/news\/wp-content\/uploads\/2025\/07\/casapaese-san-pietro-amantea-demenze-02-768x383.jpg 768w, https:\/\/quicosenza.it\/news\/wp-content\/uploads\/2025\/07\/casapaese-san-pietro-amantea-demenze-02-842x420.jpg 842w, https:\/\/quicosenza.it\/news\/wp-content\/uploads\/2025\/07\/casapaese-san-pietro-amantea-demenze-02-150x75.jpg 150w, https:\/\/quicosenza.it\/news\/wp-content\/uploads\/2025\/07\/casapaese-san-pietro-amantea-demenze-02-696x347.jpg 696w\" sizes=\"auto, (max-width: 511px) 100vw, 511px\" \/><\/p>\n<p>Dopo i saluti istituzionali, apriranno i lavori Miriam Bruno, presidente del Rotary E-Club Al Manti\u00e1h Calabria, e Angela De Grazia, presidente Inner Wheel Amantea. Seguiranno gli interventi di esperti del settore sociosanitario e del mondo accademico:<\/p>\n<p>&#8211; Elena Sodano, presidente della Fondazione Ra.Gi. e ideatrice del modello CasaPaese,<br \/>\n&#8211; Maurizio Berardelli, geriatra ASP Cosenza,<br \/>\n&#8211; Rosaria Quartucci, dirigente medico presso il Servizio Psichiatrico di Diagnosi e Cura di Cosenza,<br \/>\n&#8211; Stefania Ruberto, direttore ff del Servizio Psichiatrico di Cetraro,<br \/>\n&#8211; Giorgio Volpentesta, professore aggregato di Neurochirurgia all\u2019Universit\u00e0 Magna Graecia di Catanzaro.<\/p>\n<p>A moderare l\u2019incontro sar\u00e0 il giornalista Rino Muoio, mentre le conclusioni saranno affidate a Francesco Socievole, Governatore Emerito del Distretto 2102 del Rotary. L\u2019evento punta a coinvolgere tutta la comunit\u00e0 in un <strong>progetto dal grande valore etico e sociale<\/strong>, che sfida l\u2019abbandono istituzionale con la forza della solidariet\u00e0 reale. Perch\u00e9, come dimostra CasaPaese, anche senza fondi pubblici, si pu\u00f2 ancora costruire una sanit\u00e0 che &#8216;cura con cura&#8217;.<\/p>\n","protected":false},"excerpt":{"rendered":"<p>SAN PIETRO IN AMANTEA (CS) &#8211; Si estende l\u2019eco silenzioso ma potente del modello CasaPaese, la rivoluzionaria struttura dedicata alle persone affette da Alzheimer e demenze che mette al centro la dignit\u00e0, la libert\u00e0 e l\u2019umanit\u00e0 dei suoi ospiti. Dopo l\u2019esperienza pionieristica avviata a Cicala, piccolo borgo in provincia di Catanzaro, ora \u00e8 la volta [&hellip;]<\/p>\n","protected":false},"author":42,"featured_media":264656,"comment_status":"closed","ping_status":"closed","sticky":false,"template":"","format":"standard","meta":{"_acf_changed":false,"footnotes":"","jetpack_publicize_message":"","jetpack_publicize_feature_enabled":true,"jetpack_social_post_already_shared":false,"jetpack_social_options":{"image_generator_settings":{"template":"highway","default_image_id":0,"font":"","enabled":false},"version":2}},"categories":[576],"tags":[19],"class_list":["post-264651","post","type-post","status-publish","format-standard","has-post-thumbnail","hentry","category-tirreno","tag-copertina"],"acf":[],"jetpack_publicize_connections":[],"_links":{"self":[{"href":"https:\/\/quicosenza.it\/news\/wp-json\/wp\/v2\/posts\/264651","targetHints":{"allow":["GET"]}}],"collection":[{"href":"https:\/\/quicosenza.it\/news\/wp-json\/wp\/v2\/posts"}],"about":[{"href":"https:\/\/quicosenza.it\/news\/wp-json\/wp\/v2\/types\/post"}],"author":[{"embeddable":true,"href":"https:\/\/quicosenza.it\/news\/wp-json\/wp\/v2\/users\/42"}],"replies":[{"embeddable":true,"href":"https:\/\/quicosenza.it\/news\/wp-json\/wp\/v2\/comments?post=264651"}],"version-history":[{"count":0,"href":"https:\/\/quicosenza.it\/news\/wp-json\/wp\/v2\/posts\/264651\/revisions"}],"wp:featuredmedia":[{"embeddable":true,"href":"https:\/\/quicosenza.it\/news\/wp-json\/wp\/v2\/media\/264656"}],"wp:attachment":[{"href":"https:\/\/quicosenza.it\/news\/wp-json\/wp\/v2\/media?parent=264651"}],"wp:term":[{"taxonomy":"category","embeddable":true,"href":"https:\/\/quicosenza.it\/news\/wp-json\/wp\/v2\/categories?post=264651"},{"taxonomy":"post_tag","embeddable":true,"href":"https:\/\/quicosenza.it\/news\/wp-json\/wp\/v2\/tags?post=264651"}],"curies":[{"name":"wp","href":"https:\/\/api.w.org\/{rel}","templated":true}]}}