{"id":264727,"date":"2025-07-20T19:00:13","date_gmt":"2025-07-20T17:00:13","guid":{"rendered":"https:\/\/www.quicosenza.it\/news\/?p=264727"},"modified":"2025-07-18T10:32:30","modified_gmt":"2025-07-18T08:32:30","slug":"padri-separati-dalla-cassazione-uno-spiraglio-assegno-di-mantenimento-ridotto-se-il-reddito-diminuisce","status":"publish","type":"post","link":"https:\/\/quicosenza.it\/news\/padri-separati-dalla-cassazione-uno-spiraglio-assegno-di-mantenimento-ridotto-se-il-reddito-diminuisce\/","title":{"rendered":"Padri separati, dalla Cassazione uno spiraglio: assegno di mantenimento ridotto se il reddito diminuisce"},"content":{"rendered":"<p>ROMA &#8211; Dalla <strong>Cassazione<\/strong> arriva una <strong>svolta<\/strong> che fa tirare un sospiro di sollievo ai<strong> padri saperati<\/strong> che sono chiamati a pagare<strong> l&#8217;assegno di mantenimento.<\/strong> In una recente sentenza, infatti, come fa sapere<strong> l&#8217;associazione Codici<\/strong> \u00e8 stato stabilito che l<strong>&#8216;assegno di mantenimento<\/strong> per i figli deve essere <strong>proporzionato<\/strong> alle <strong>reali capacit\u00e0 economiche<\/strong> di <strong>entrambi i genitori. <\/strong><\/p>\n<p><strong>&#8220;<\/strong>Secondo la sentenza della Cassazione &#8211; spiega Codici &#8211; se il padre non riesce a mantenere i figli perch\u00e9 il suo stipendio \u00e8 troppo basso rispetto all&#8217;assegno mensile che deve corrispondere, <strong>l&#8217;assegno di mantenimento va ridotto. <\/strong>Soprattutto se il <strong>reddito<\/strong> del genitore <strong>\u00e8 cambiato<\/strong> nel corso degli anni&#8221;. Una sentenza decisiva, dunque, secondo <strong>Ivano Giacomelli<\/strong>, segretario nazionale di Codici, che sottilinea come questa novit\u00e0 rappresenti &#8220;finalmente il riconoscimento di un <strong>principio di equit\u00e0<\/strong> che la nostra associazione sostiene da anni&#8221;.<\/p>\n<h3>Padri separati: per Codici dalla Cassazione &#8220;sentena storica sull&#8217;assegno di mantenimento&#8221;<\/h3>\n<p>I giudici hanno dato ragione a un padre costretto a versare 600 euro mensili su uno stipendio di 1.400 euro racconta Codici per entrare nel dettaglio dellla vicenda. &#8220;Come evidenziato nella sentenza, <strong>l&#8217;assegno di mantenimento non \u00e8 immutabile<\/strong> e non \u00e8 nemmeno una <strong>punizione<\/strong> nei confronti del <strong>genitore che \u00e8 andato via di casa,<\/strong> ma deve essere <strong>giusto, sostenibile e sempre proporzionato<\/strong>&#8221; aggiunge l&#8217;associazione che da anni \u00e8 impegnata in un&#8217;attivit\u00e0 di assistenza dedicata ai padri separati in difficolt\u00e0 attraverso la campagna &#8220;Voglio pap\u00e0&#8221;.<\/p>\n<p>&#8220;\u00c8 una <strong>svolta storica<\/strong> nella giurisprudenza italiana \u2013 afferma ancora Giacomelli \u2013. Troppo spesso abbiamo assistito a situazioni paradossali in cui padri separati si trovavano in condizioni di indigenza, impossibilitati a garantire una vita dignitosa a s\u00e9 stessi e, di conseguenza, compromettendo anche la qualit\u00e0 del tempo trascorso con i propri figli. I giudici hanno stabilito finalmente un principio logico. <strong>Ogni genitore deve mantenere i figli in base alle proprie entrate&#8221;.<\/strong><\/p>\n<p>L&#8217;assegno che spesso si rivela insostenibile per molti padri separari &#8220;deve essere <strong>determinato<\/strong> considerando le <strong>esigenze del figlio, il tenore di vita<\/strong> che aveva prima della separazione, il tempo che passa con ciascun genitore e la <strong>valenza economica dei compiti domestici e di cura<\/strong> assunti da ciascun genitore. &#8211; precisa e conclude Codici &#8211; Naturalmente la speranza \u00e8 che questo non sia un caso isolato. Auspichiamo che questa s<strong>entenza diventi effettivamente giurisprudenza consolidata<\/strong> e che tutti i tribunali italiani applichino questi principi di equit\u00e0 e proporzionalit\u00e0. \u00c8 fondamentale che si <strong>superi<\/strong> definitivamente la <strong>logica punitiva<\/strong> che ha caratterizzato troppo spesso le decisioni in materia di separazioni&#8221;.<\/p>\n","protected":false},"excerpt":{"rendered":"<p>ROMA &#8211; Dalla Cassazione arriva una svolta che fa tirare un sospiro di sollievo ai padri saperati che sono chiamati a pagare l&#8217;assegno di mantenimento. In una recente sentenza, infatti, come fa sapere l&#8217;associazione Codici \u00e8 stato stabilito che l&#8216;assegno di mantenimento per i figli deve essere proporzionato alle reali capacit\u00e0 economiche di entrambi i [&hellip;]<\/p>\n","protected":false},"author":90,"featured_media":160154,"comment_status":"closed","ping_status":"closed","sticky":false,"template":"","format":"standard","meta":{"_acf_changed":false,"footnotes":"","jetpack_publicize_message":"","jetpack_publicize_feature_enabled":true,"jetpack_social_post_already_shared":false,"jetpack_social_options":{"image_generator_settings":{"template":"highway","default_image_id":0,"font":"","enabled":false},"version":2}},"categories":[16],"tags":[19],"class_list":["post-264727","post","type-post","status-publish","format-standard","has-post-thumbnail","hentry","category-italia","tag-copertina"],"acf":[],"jetpack_publicize_connections":[],"_links":{"self":[{"href":"https:\/\/quicosenza.it\/news\/wp-json\/wp\/v2\/posts\/264727","targetHints":{"allow":["GET"]}}],"collection":[{"href":"https:\/\/quicosenza.it\/news\/wp-json\/wp\/v2\/posts"}],"about":[{"href":"https:\/\/quicosenza.it\/news\/wp-json\/wp\/v2\/types\/post"}],"author":[{"embeddable":true,"href":"https:\/\/quicosenza.it\/news\/wp-json\/wp\/v2\/users\/90"}],"replies":[{"embeddable":true,"href":"https:\/\/quicosenza.it\/news\/wp-json\/wp\/v2\/comments?post=264727"}],"version-history":[{"count":0,"href":"https:\/\/quicosenza.it\/news\/wp-json\/wp\/v2\/posts\/264727\/revisions"}],"wp:featuredmedia":[{"embeddable":true,"href":"https:\/\/quicosenza.it\/news\/wp-json\/wp\/v2\/media\/160154"}],"wp:attachment":[{"href":"https:\/\/quicosenza.it\/news\/wp-json\/wp\/v2\/media?parent=264727"}],"wp:term":[{"taxonomy":"category","embeddable":true,"href":"https:\/\/quicosenza.it\/news\/wp-json\/wp\/v2\/categories?post=264727"},{"taxonomy":"post_tag","embeddable":true,"href":"https:\/\/quicosenza.it\/news\/wp-json\/wp\/v2\/tags?post=264727"}],"curies":[{"name":"wp","href":"https:\/\/api.w.org\/{rel}","templated":true}]}}