{"id":264766,"date":"2025-07-18T13:30:07","date_gmt":"2025-07-18T11:30:07","guid":{"rendered":"https:\/\/www.quicosenza.it\/news\/?p=264766"},"modified":"2025-07-18T12:32:40","modified_gmt":"2025-07-18T10:32:40","slug":"cosenza-un-pulmino-per-linclusione-a-sostegno-di-affavori-al-via-la-raccolta-fondi","status":"publish","type":"post","link":"https:\/\/quicosenza.it\/news\/cosenza-un-pulmino-per-linclusione-a-sostegno-di-affavori-al-via-la-raccolta-fondi\/","title":{"rendered":"Cosenza, un pulmino per l&#8217;inclusione a sostegno di &#8220;Affavor\u00ec&#8221;: al via la raccolta fondi"},"content":{"rendered":"<p>COSENZA &#8211; Un <strong>pulmino di 8 posti<\/strong> usato, affidabile e accessibile, completo di assicurazione, passaggio di propriet\u00e0 e piccoli adattamenti, gi\u00e0 individuato e pronto per partire. \u00c8 questo quello che serve ai <strong>ragazzi<\/strong> coinvolti nel progetto di <a href=\"https:\/\/quicosenza.it\/news\/area-urbana\/inclusione-lavoro-e-umanita-apre-a-cosenza-affavori-la-trattoria-che-da-valore-alle-fragilita\" target=\"_blank\" rel=\"noopener\">&#8220;Affavor\u00ec \u2013 Trattoria delle persone&#8221;<\/a> per <strong>spostarsi in sicurezza<\/strong> ed in autonomia e poter raggiungere, senza problemi, ogni giorno il loro luogo di lavoro.<\/p>\n<p>Per acquistare il mezzo servono\u00a0<strong>8 mila euro<\/strong> e <strong>La Terra di Piero ODV,<\/strong> promotrice dell&#8217;iniziativa, si appella ai cittadini bruzi lanciando <strong>una raccolta fondi<\/strong> su <strong>Produzioni dal Basso,<\/strong> prima piattaforma italiana di crowdfunding e social innovation rinominando il veicolo <strong>Pulmino dell&#8217;inclusione.\u00a0<\/strong><\/p>\n<h3>A cosa servir\u00e0 il pulmino dell&#8217;inclusione<\/h3>\n<p>Il pulmino per l&#8217;inclusione permetter\u00e0 di sostenere il progetto &#8220;Affavor\u00ec \u2013 Trattoria delle persone&#8221;, una realt\u00e0 unica nel cuore di Cosenza nata per offrire un&#8217;opportunit\u00e0 concreta di <strong>inclusione lavorativa, autonomia e dignit\u00e0<\/strong> a <strong>giovani e adulti con disabilit\u00e0.<\/strong> Molti dei ragazzi coinvolti nel progetto, come spiegato i volontari de La Terra di Piero, vivono in zone difficilmente raggiungibili, non hanno la possibilit\u00e0 di muoversi in autonomia e dipendono spesso da genitori, volontari o da passaggi occasionali per raggiungere il luogo di lavoro.<\/p>\n<p>Un limite che rischia di <strong>compromettere la continuit\u00e0 e l&#8217;efficacia del progetto.<\/strong> Il pulmino per l&#8217;inclusione permetterebbe, invece, ai ragazzi di essere autonomi e di spostarsi in maniera sicura ed efficiente. Quello che serve, spiega La Terra di Piero, \u00e8 solo <strong>&#8220;un piccolo aiuto collettivo&#8221;.<\/strong><\/p>\n<h3>Pulmino dell&#8217;inclusione per &#8220;Affavor\u00ec&#8221;: &#8220;Un passo verso la libert\u00e0&#8221;<\/h3>\n<p>&#8220;Affavor\u00ec \u00e8 molto pi\u00f9 di una trattoria &#8211; ricorda l&#8217;associazione &#8211; \u00e8 un luogo dove ogni giorno si cucina e si cresce insieme, dove i ragazzi mettono in campo passione, impegno e talento in cucina, in sala e nella gestione del locale. Ma c&#8217;\u00e8 un ostacolo che ancora limita il pieno sviluppo del progetto: la <strong>mancanza di un mezzo di trasporto&#8221;. <\/strong><\/p>\n<p>Ecco allora che il pulmino per l&#8217;inclusione al quale si \u00e8 pensato, come hanno\u00a0spiegato i volontari de La Terra di Piero, rappresenta &#8220;<strong>un passo verso la libert\u00e0,<\/strong> verso la <strong>realizzazione di un sogno.<\/strong> Vogliamo che ogni ragazzo possa arrivare in trattoria con la sicurezza e la serenit\u00e0 che merita.&#8221;<\/p>\n","protected":false},"excerpt":{"rendered":"<p>COSENZA &#8211; Un pulmino di 8 posti usato, affidabile e accessibile, completo di assicurazione, passaggio di propriet\u00e0 e piccoli adattamenti, gi\u00e0 individuato e pronto per partire. \u00c8 questo quello che serve ai ragazzi coinvolti nel progetto di &#8220;Affavor\u00ec \u2013 Trattoria delle persone&#8221; per spostarsi in sicurezza ed in autonomia e poter raggiungere, senza problemi, ogni [&hellip;]<\/p>\n","protected":false},"author":90,"featured_media":264769,"comment_status":"closed","ping_status":"closed","sticky":false,"template":"","format":"standard","meta":{"_acf_changed":false,"footnotes":"","jetpack_publicize_message":"","jetpack_publicize_feature_enabled":true,"jetpack_social_post_already_shared":false,"jetpack_social_options":{"image_generator_settings":{"template":"highway","default_image_id":0,"font":"","enabled":false},"version":2}},"categories":[563,42],"tags":[19],"class_list":["post-264766","post","type-post","status-publish","format-standard","has-post-thumbnail","hentry","category-area-urbana","category-cosenza","tag-copertina"],"acf":[],"jetpack_publicize_connections":[],"_links":{"self":[{"href":"https:\/\/quicosenza.it\/news\/wp-json\/wp\/v2\/posts\/264766","targetHints":{"allow":["GET"]}}],"collection":[{"href":"https:\/\/quicosenza.it\/news\/wp-json\/wp\/v2\/posts"}],"about":[{"href":"https:\/\/quicosenza.it\/news\/wp-json\/wp\/v2\/types\/post"}],"author":[{"embeddable":true,"href":"https:\/\/quicosenza.it\/news\/wp-json\/wp\/v2\/users\/90"}],"replies":[{"embeddable":true,"href":"https:\/\/quicosenza.it\/news\/wp-json\/wp\/v2\/comments?post=264766"}],"version-history":[{"count":0,"href":"https:\/\/quicosenza.it\/news\/wp-json\/wp\/v2\/posts\/264766\/revisions"}],"wp:featuredmedia":[{"embeddable":true,"href":"https:\/\/quicosenza.it\/news\/wp-json\/wp\/v2\/media\/264769"}],"wp:attachment":[{"href":"https:\/\/quicosenza.it\/news\/wp-json\/wp\/v2\/media?parent=264766"}],"wp:term":[{"taxonomy":"category","embeddable":true,"href":"https:\/\/quicosenza.it\/news\/wp-json\/wp\/v2\/categories?post=264766"},{"taxonomy":"post_tag","embeddable":true,"href":"https:\/\/quicosenza.it\/news\/wp-json\/wp\/v2\/tags?post=264766"}],"curies":[{"name":"wp","href":"https:\/\/api.w.org\/{rel}","templated":true}]}}