{"id":264794,"date":"2025-07-18T16:30:10","date_gmt":"2025-07-18T14:30:10","guid":{"rendered":"https:\/\/www.quicosenza.it\/news\/?p=264794"},"modified":"2025-07-18T16:05:26","modified_gmt":"2025-07-18T14:05:26","slug":"cosenza-firmata-in-comune-la-convenzione-con-i-falchi-maggiore-sostegno-alla-popolazione-nei-momenti-di-criticita","status":"publish","type":"post","link":"https:\/\/quicosenza.it\/news\/cosenza-firmata-in-comune-la-convenzione-con-i-falchi-maggiore-sostegno-alla-popolazione-nei-momenti-di-criticita\/","title":{"rendered":"Cosenza, firmata in Comune la convenzione con &#8220;I Falchi&#8221;: maggiore sostegno alla popolazione nei momenti di criticit\u00e0"},"content":{"rendered":"<p>COSENZA &#8211; Firmata questa mattina una <strong>convenzione<\/strong> tra l&#8217;associazione di Protezione Civile <strong>&#8220;I Falchi&#8221;<\/strong> ed il <strong>settore di protezione Civile del Comune di Cosenza.<\/strong> Un atto che rientra nell&#8217;ambito delle misure che l&#8217;amministrazione bruzia &#8220;ha adottato per <strong>proteggere la popolazione,<\/strong> specialmente le persone pi\u00f9 vulnerabili, in caso di eventi prevedibili di calamit\u00e0 ed emergenze territoriali&#8221; come si legge in una nota di Palazzo dei Bruzi.<\/p>\n<p>La convenzione siglata con l&#8217;associazione I Falchi che con una delegazione ha incontrato questa mattina il sindaco <strong>Franz Caruso<\/strong> e l&#8217;assessore alla protezione civile, <strong>Veronica Buffone<\/strong>, ha stabilito il supporto operativo nelle <strong>fasi di criticit\u00e0<\/strong> del territorio ed a servizio e soccorso dei cittadini e della <strong>pubblica incolumit\u00e0<\/strong>, oltre che per assistenza e consulenza al settore. Immediata sar\u00e0 l&#8217;attivit\u00e0 che verr\u00e0 svolta nelle prossime settimane per <strong>contrastare le ondate di calore<\/strong> ed una eventuale emergenza caldo, soprattutto a tutela delle <strong>fasce pi\u00f9 fragili<\/strong> della citt\u00e0.<\/p>\n<h3>Cosenza, convenzione con &#8220;I Falchi&#8221; in Comune, Caruso: &#8220;Priorit\u00e0 al forte caldo&#8221;<\/h3>\n<p>&#8220;Con l&#8217;intento di i<strong>nnalzare il livello nella gestione coordinata delle eventuali criticit\u00e0 del territorio e per offrire servizi adeguati alla comunit\u00e0<\/strong> \u2013 ha affermato il sindaco Franz Caruso \u2013 ci siamo avvalsi del sostegno dell&#8217; ODV &#8221; I Falchi&#8221;, che ha partecipato all&#8217;apposito avviso pubblico dal Comune. E&#8217; indubbio che in questo momento la <strong>priorit\u00e0 \u00e8 data dalle eventuali ondate di forte caldo<\/strong> che dovrebbero arrivare, per cui il supporto dell&#8217;associazione sar\u00e0 convogliato in questo settore, per quanto di competenza. La loro attivit\u00e0, comunque, sar\u00e0 prestata <strong>a tutto campo nei diversi momenti e situazioni di rischio,<\/strong> prevenzione ed assistenza alla popolazione nell&#8217;intero arco dell&#8217;anno. Si operer\u00e0, insomma, in maniera integrata, al fine di garantire pieno sostegno ai cittadini&#8221;.<\/p>\n<p>&#8220;L&#8217;Associazione di Protezione Civile &#8220;I Falchi&#8221;- ha specificato l&#8217;Assessore alla Protezione Civile, <strong>Veronica Buffone<\/strong> &#8211; eseguir\u00e0 attivit\u00e0 in supporto al nostro settore di protezione civile e alle UTMC (unit\u00e0 tecniche mobili comunali) per il triennio 25\/27.Nello specifico, provveder\u00e0 al monitoraggio costante delle situazioni a rischio (livello fiumi, situazione allagamento sottopassi, presenza di ghiaccio sulla strada, etc.), a prestare assistenza e supporto relativamente alle emergenze da rischio sismico e garantir\u00e0 la presenza di personale proprio presso la sede dell&#8217;unit\u00e0 di crisi, quando attivata e, comunque, seguir\u00e0 tutte le attivit\u00e0 previste nel Piano Comunale di protezione Civile offrendo una disponibilit\u00e0\/reperibilit\u00e0 h 24, compresi giorni festivi, pre-festivi e domenicali&#8221;.<\/p>\n","protected":false},"excerpt":{"rendered":"<p>COSENZA &#8211; Firmata questa mattina una convenzione tra l&#8217;associazione di Protezione Civile &#8220;I Falchi&#8221; ed il settore di protezione Civile del Comune di Cosenza. Un atto che rientra nell&#8217;ambito delle misure che l&#8217;amministrazione bruzia &#8220;ha adottato per proteggere la popolazione, specialmente le persone pi\u00f9 vulnerabili, in caso di eventi prevedibili di calamit\u00e0 ed emergenze territoriali&#8221; [&hellip;]<\/p>\n","protected":false},"author":90,"featured_media":264796,"comment_status":"closed","ping_status":"closed","sticky":false,"template":"","format":"standard","meta":{"_acf_changed":false,"footnotes":"","jetpack_publicize_message":"","jetpack_publicize_feature_enabled":true,"jetpack_social_post_already_shared":false,"jetpack_social_options":{"image_generator_settings":{"template":"highway","default_image_id":0,"font":"","enabled":false},"version":2}},"categories":[563,42],"tags":[19],"class_list":["post-264794","post","type-post","status-publish","format-standard","has-post-thumbnail","hentry","category-area-urbana","category-cosenza","tag-copertina"],"acf":[],"jetpack_publicize_connections":[],"_links":{"self":[{"href":"https:\/\/quicosenza.it\/news\/wp-json\/wp\/v2\/posts\/264794","targetHints":{"allow":["GET"]}}],"collection":[{"href":"https:\/\/quicosenza.it\/news\/wp-json\/wp\/v2\/posts"}],"about":[{"href":"https:\/\/quicosenza.it\/news\/wp-json\/wp\/v2\/types\/post"}],"author":[{"embeddable":true,"href":"https:\/\/quicosenza.it\/news\/wp-json\/wp\/v2\/users\/90"}],"replies":[{"embeddable":true,"href":"https:\/\/quicosenza.it\/news\/wp-json\/wp\/v2\/comments?post=264794"}],"version-history":[{"count":0,"href":"https:\/\/quicosenza.it\/news\/wp-json\/wp\/v2\/posts\/264794\/revisions"}],"wp:featuredmedia":[{"embeddable":true,"href":"https:\/\/quicosenza.it\/news\/wp-json\/wp\/v2\/media\/264796"}],"wp:attachment":[{"href":"https:\/\/quicosenza.it\/news\/wp-json\/wp\/v2\/media?parent=264794"}],"wp:term":[{"taxonomy":"category","embeddable":true,"href":"https:\/\/quicosenza.it\/news\/wp-json\/wp\/v2\/categories?post=264794"},{"taxonomy":"post_tag","embeddable":true,"href":"https:\/\/quicosenza.it\/news\/wp-json\/wp\/v2\/tags?post=264794"}],"curies":[{"name":"wp","href":"https:\/\/api.w.org\/{rel}","templated":true}]}}