{"id":264798,"date":"2025-07-18T16:01:03","date_gmt":"2025-07-18T14:01:03","guid":{"rendered":"https:\/\/www.quicosenza.it\/news\/?p=264798"},"modified":"2025-07-18T16:01:03","modified_gmt":"2025-07-18T14:01:03","slug":"mare-inquinato-falso-la-regione-si-arrabbia-e-legambiente-replica-equivocare-significa-strumentalizzare","status":"publish","type":"post","link":"https:\/\/quicosenza.it\/news\/mare-inquinato-falso-la-regione-si-arrabbia-e-legambiente-replica-equivocare-significa-strumentalizzare\/","title":{"rendered":"&#8220;Mare inquinato? Falso&#8221;: la Regione si arrabbia e Legambiente replica &#8220;equivocare significa strumentalizzare&#8221;"},"content":{"rendered":"<p>COSENZA &#8211; Le<strong> dichiarazioni dell&#8217;Assessore all&#8217;ambiente della regione Calabria Giovanni Calabrese<\/strong>, intervenuto dopo i dati <a href=\"https:\/\/quicosenza.it\/news\/calabria\/goletta-verde-in-calabria-13-punti-su-23-sono-oltre-i-limiti-di-legge-sono-foci-di-fiumi-o-torrenti\" target=\"_blank\" rel=\"noopener\">diffusi da Legambiente<\/a>, hanno suscitato inevitabilmente<strong> polemiche e prese di posizioni<\/strong>, soprattutto da parte di turisti e villeggianti, tra chi evidenzia<strong> che negli ultimi anni tanto \u00e8 stato fatto tanto con un deciso miglioramento della situazione<\/strong>, tra chi invece parla di<strong> problemi non risolti soprattutto lungo il Tirreno<\/strong> postando foto della situazione del mare. E mentre tra Regione e Legambiente \u00e8 partito un botta e risposta, da due giorni, con il mare mosso<strong>, tutta la fascia che va dall&#8217;Alto Tirreno fino a Lamezia <\/strong>vede nel mare <strong>la presenza della<\/strong> &#8220;<strong>solita&#8221; striscia rosastra,<\/strong> decine di segnalazioni con tanto di foto arrivate in redazione.<\/p>\n<p>&#8220;<em>In merito alla smentita dei dati di Goletta verde da parte dell&#8217; assessore Calabrese, <strong>allego alla presente le foto dello stato di sporco del mare che da pi\u00f9 giorni sta interessando Torremezzo di Falconara<\/strong>&#8230; Queste sono di oggi, un vero s<\/em>chifo!\u00a0<strong><em>L&#8217;assessore ha ragione, i dati di Goletta verde non sono veritieri, per Difetto per\u00f2!!!&#8221;<\/em><\/strong><\/p>\n<p><a href=\"https:\/\/quicosenza.it\/news\/wp-content\/uploads\/2025\/07\/Mare-Sporco_02.jpg\"><img loading=\"lazy\" decoding=\"async\" class=\"wp-image-264802 aligncenter\" src=\"https:\/\/quicosenza.it\/news\/wp-content\/uploads\/2025\/07\/Mare-Sporco_02.jpg\" alt=\"\" width=\"516\" height=\"336\" title=\"\" srcset=\"https:\/\/quicosenza.it\/news\/wp-content\/uploads\/2025\/07\/Mare-Sporco_02.jpg 970w, https:\/\/quicosenza.it\/news\/wp-content\/uploads\/2025\/07\/Mare-Sporco_02-300x195.jpg 300w, https:\/\/quicosenza.it\/news\/wp-content\/uploads\/2025\/07\/Mare-Sporco_02-768x500.jpg 768w, https:\/\/quicosenza.it\/news\/wp-content\/uploads\/2025\/07\/Mare-Sporco_02-645x420.jpg 645w, https:\/\/quicosenza.it\/news\/wp-content\/uploads\/2025\/07\/Mare-Sporco_02-150x98.jpg 150w, https:\/\/quicosenza.it\/news\/wp-content\/uploads\/2025\/07\/Mare-Sporco_02-696x453.jpg 696w\" sizes=\"auto, (max-width: 516px) 100vw, 516px\" \/><\/a><\/p>\n<p>Riannodiamo i fili: ieri pomeriggio l&#8217;Assessore all&#8217;Ambiente della Regione Calabria <strong>ha definito &#8220;<a href=\"https:\/\/quicosenza.it\/news\/calabria\/mare-inquinato-lassessore-calabrese-smentisce-i-dati-di-goletta-verde-non-veritieri\" target=\"_blank\" rel=\"noopener\">non veritieri<\/a>&#8221; i dati diffusi da Legambiente<\/strong> in relazione all&#8217;inquinamento del mare calabrese che, secondo l&#8217;associazione ambientalista, <strong>si attesta al 57%, sulla base del campionamento realizzato in 23 punti,<\/strong> principalmente alle foci dei fiumi. Calabrese ha spiegato che i dati erano relativi <strong>solo a 23 prelievi rispetto agli oltre 3.000 che la Regione realizza costantemente nel corso dell&#8217;anno<\/strong>.<\/p>\n<p>&#8220;Sono nel 2025 ne abbiamo fatti 1.947 e su questi <strong>solo per il 2% risulta una non conformit\u00e0 e riferito alle foci dei fiumi<\/strong>&#8221; ha quindi tuonato &#8220;<strong>d<\/strong>i<strong>re oggi che il mare della Calabria \u00e8 inquinato per il 57% \u00e8 assolutamente falso<\/strong>. Non possiamo accettare che venga detto questo, n\u00e9 che per motivi politici si cavalchi una notizia completamente infondata. Non \u00e8 giusto nei confronti dei calabresi perch\u00e9 il mare della Calabria \u00e8 un mare pulito, non inquinato, sicuramente con criticit\u00e0 che noi riscontriamo quotidianamente e su cui interveniamo&#8221;.<\/p>\n<h3>I dati di Arpacal sulla salute del mare calabrese<\/h3>\n<p>Secondo i dati forniti dall&#8217;Arpacal, <strong>nel corso del 2024 sono stati eseguiti 3.811 campionamenti, con un valore di non conformit\u00e0 pari al 1,8% mentre quest&#8217;anno, fino al 30 giugno, ne sono stati eseguiti 1.947, con un livello di non conformit\u00e0 pari al 2%<\/strong>. Secondo l&#8217;assessore Calabrese, <strong>&#8220;le acque della Calabria sono eccellenti per il 93%<\/strong>. Vogliamo tranquillizzare i calabresi, i turisti e lo facciamo anche nel rispetto di tanti operatori turistici che investono risorse e fanno sacrifici con le loro attivit\u00e0. Tutto ci\u00f2 non \u00e8 corretto&#8221;.<\/p>\n<h3>La replica di Legambiente: non assegniamo patenti di idoneit\u00e0<\/h3>\n<p>All&#8217;Assessore ha replicato direttamente Legambiente che ha cercato di spegnere le polemiche evidenziando che <strong>&#8220;si \u00e9 ribadito che i dati dei 23 campionamenti eseguiti lungo le coste della Calabria non riguardano la balneabilit\u00e0 delle acque costiere, n\u00e9 tantomeno esprimono un giudizio sulla qualit\u00e0 delle acque marine o assegnano patenti di idoneit\u00e0<\/strong>. Come riportato nella titolazione del comunicato stampa ed esplicitato nel corpo del testo, oltre che ribadito dalla portavoce di Goletta Verde Laura Brambilla e dalla presidente regionale Anna Parretta &#8211; si aggiunge &#8211; l<strong>&#8216;indagine ha riguardato il campionamento di punti critici presso le foci di fiumi e canali<\/strong> per verificare la possibile presenza di inquinamento di natura microbiologica dovuta ad una cattiva o assente depurazione delle acque reflue, un problema strutturale della regione Calabria che troppo lentamente si sta provando a risolvere e che minaccia la qualit\u00e0 delle acque costiere.<\/p>\n<p><a href=\"https:\/\/quicosenza.it\/news\/wp-content\/uploads\/2025\/07\/calabrese-mare-conferenza-stampa-goletta-verde-01.jpg\"><img loading=\"lazy\" decoding=\"async\" class=\"wp-image-264673 aligncenter\" src=\"https:\/\/quicosenza.it\/news\/wp-content\/uploads\/2025\/07\/calabrese-mare-conferenza-stampa-goletta-verde-01.jpg\" alt=\"\" width=\"559\" height=\"346\" title=\"\" srcset=\"https:\/\/quicosenza.it\/news\/wp-content\/uploads\/2025\/07\/calabrese-mare-conferenza-stampa-goletta-verde-01.jpg 970w, https:\/\/quicosenza.it\/news\/wp-content\/uploads\/2025\/07\/calabrese-mare-conferenza-stampa-goletta-verde-01-300x186.jpg 300w, https:\/\/quicosenza.it\/news\/wp-content\/uploads\/2025\/07\/calabrese-mare-conferenza-stampa-goletta-verde-01-768x475.jpg 768w, https:\/\/quicosenza.it\/news\/wp-content\/uploads\/2025\/07\/calabrese-mare-conferenza-stampa-goletta-verde-01-679x420.jpg 679w, https:\/\/quicosenza.it\/news\/wp-content\/uploads\/2025\/07\/calabrese-mare-conferenza-stampa-goletta-verde-01-150x93.jpg 150w, https:\/\/quicosenza.it\/news\/wp-content\/uploads\/2025\/07\/calabrese-mare-conferenza-stampa-goletta-verde-01-696x431.jpg 696w, https:\/\/quicosenza.it\/news\/wp-content\/uploads\/2025\/07\/calabrese-mare-conferenza-stampa-goletta-verde-01-356x220.jpg 356w\" sizes=\"auto, (max-width: 559px) 100vw, 559px\" \/><\/a><\/p>\n<h3>&#8220;Giudizio il mare inquinato \u00e8 riferito al singolo punto di prelievo&#8221;<\/h3>\n<p>&#8220;II giudizio espresso da Goletta verde di &#8216;Inquinato&#8217; o &#8216;fortemente Inquinato&#8217; <strong>\u00e8 chiaramente e ben specificato che \u00e8 riferito al singolo punto dettagliatamente riportato nel comunicato, nella tabella allegata e nella mappa online e in nessun modo \u00e8 riferito a interi tratti di costa, litorali o porzioni di mare<\/strong>.\u00a0 Ci stupisce, quindi, che la Regione Calabria, per mezzo dei suoi rappresentanti intervenuti ieri nella conferenza stampa organizzata dalla Regione stessa per smentire i dati riportati il giorno prima da Legambiente, <strong>abbia confuso e paragonato il lavoro svolto dalle autorit\u00e0 competenti e gli obiettivi del monitoraggio<\/strong> previsti dalla normativa vigente in tema di balneazione con il monitoraggio scientifico e rigoroso portato avanti dall&#8217;associazione, che ha finalit\u00e0 completamente differenti e che semmai si integra a quanto svolto dalle istituzioni, non andando a sostituirsi. Un punto questo espressamente riportato nel comunicato stampa di Goletta verde criticato dalla Regione&#8221;.<\/p>\n<h3>&#8220;Equivocare significa strumentalizzare&#8221;<\/h3>\n<p>&#8220;Equivocare significa, da chiunque provenga, voler strumentalizzare dati a fini di campagna elettorale. L<strong>egambiente, da decenni effettua in tutte le regioni, i medesimi controlli prevalentemente in punti critici come fiumi e canali di sbocco<\/strong>. Si tratta di punti, notoriamente non balneabili, ma che costituiscono fonti di inquinamento su cui Legambiente vuole porre l&#8217;attenzione perch\u00e9 si intervenga in maniera risolutiva. <strong>La vera differenza \u00e8 che mentre le istituzioni dichiarano apertamente che le foci dei fiumi siano inquinate e lo prendono come un dato di fatto, sottovalutando un problema importante<\/strong>, Legambiente si \u00e8 sempre battuta, si batte e continuer\u00e0 a battersi affinch\u00e9 i nostri corsi d&#8217;acqua tornino ad essere quello che dovrebbero essere. Uno straordinario corridoio ecologico che connette le montagne con il mare e non un luogo dove sversare inquinanti che inevitabilmente finiscono in mare&#8221;.<\/p>\n<p>&#8220;<strong>Il nostro obiettivo \u00e8 fare in tutti i fiumi italiani quello che \u00e8 stato fatto sulla Senna a Parigi<\/strong>. Legambiente, con tutte le sue strutture nazionali, regionali e locali, non gira la testa dall&#8217;altra parte e non nasconde la polvere sotto il tappet<strong>o. Se sulla depurazione non ci sono problemi, come sostenuto ieri nella conferenza stampa dalla Regione, perch\u00e9 le autorit\u00e0 competenti non campionano le foci dei fiumi come la stessa normativa sulla balneazione prevedrebbe?<\/strong> E perch\u00e9 le nostre analisi certificate sui prelievi alle foci risultano troppo spesso inquinate, oltretutto nel corso degli anni? Queste sono le domande che la Regione si dovrebbe porre, invece di arrampicarsi sugli specchi per difendere l&#8217;indifendibile. Le<strong> polemiche di queste ore non hanno dunque fondamento.<\/strong> Si tratta, invece, di lavorare in sinergia per risolvere definitivamente le annose questioni della mala depurazione in Calabria, nell&#8217;interesse dell&#8217;ambiente, della salute, della collettivit\u00e0 e dell&#8217;economia calabrese&#8221;.<\/p>\n<p>&nbsp;<\/p>\n","protected":false},"excerpt":{"rendered":"<p>COSENZA &#8211; Le dichiarazioni dell&#8217;Assessore all&#8217;ambiente della regione Calabria Giovanni Calabrese, intervenuto dopo i dati diffusi da Legambiente, hanno suscitato inevitabilmente polemiche e prese di posizioni, soprattutto da parte di turisti e villeggianti, tra chi evidenzia che negli ultimi anni tanto \u00e8 stato fatto tanto con un deciso miglioramento della situazione, tra chi invece parla [&hellip;]<\/p>\n","protected":false},"author":55,"featured_media":264804,"comment_status":"closed","ping_status":"closed","sticky":false,"template":"","format":"standard","meta":{"_acf_changed":false,"footnotes":"","jetpack_publicize_message":"","jetpack_publicize_feature_enabled":true,"jetpack_social_post_already_shared":false,"jetpack_social_options":{"image_generator_settings":{"template":"highway","default_image_id":0,"font":"","enabled":false},"version":2}},"categories":[17],"tags":[19],"class_list":["post-264798","post","type-post","status-publish","format-standard","has-post-thumbnail","hentry","category-calabria","tag-copertina"],"acf":[],"jetpack_publicize_connections":[],"_links":{"self":[{"href":"https:\/\/quicosenza.it\/news\/wp-json\/wp\/v2\/posts\/264798","targetHints":{"allow":["GET"]}}],"collection":[{"href":"https:\/\/quicosenza.it\/news\/wp-json\/wp\/v2\/posts"}],"about":[{"href":"https:\/\/quicosenza.it\/news\/wp-json\/wp\/v2\/types\/post"}],"author":[{"embeddable":true,"href":"https:\/\/quicosenza.it\/news\/wp-json\/wp\/v2\/users\/55"}],"replies":[{"embeddable":true,"href":"https:\/\/quicosenza.it\/news\/wp-json\/wp\/v2\/comments?post=264798"}],"version-history":[{"count":0,"href":"https:\/\/quicosenza.it\/news\/wp-json\/wp\/v2\/posts\/264798\/revisions"}],"wp:featuredmedia":[{"embeddable":true,"href":"https:\/\/quicosenza.it\/news\/wp-json\/wp\/v2\/media\/264804"}],"wp:attachment":[{"href":"https:\/\/quicosenza.it\/news\/wp-json\/wp\/v2\/media?parent=264798"}],"wp:term":[{"taxonomy":"category","embeddable":true,"href":"https:\/\/quicosenza.it\/news\/wp-json\/wp\/v2\/categories?post=264798"},{"taxonomy":"post_tag","embeddable":true,"href":"https:\/\/quicosenza.it\/news\/wp-json\/wp\/v2\/tags?post=264798"}],"curies":[{"name":"wp","href":"https:\/\/api.w.org\/{rel}","templated":true}]}}