{"id":264812,"date":"2025-07-18T20:00:03","date_gmt":"2025-07-18T18:00:03","guid":{"rendered":"https:\/\/www.quicosenza.it\/news\/?p=264812"},"modified":"2025-07-18T20:02:02","modified_gmt":"2025-07-18T18:02:02","slug":"senza-proroga-del-personale-pnrr-a-rischio-i-progetti-nei-comuni-lappello-dei-sindaci-alla-meloni","status":"publish","type":"post","link":"https:\/\/quicosenza.it\/news\/senza-proroga-del-personale-pnrr-a-rischio-i-progetti-nei-comuni-lappello-dei-sindaci-alla-meloni\/","title":{"rendered":"Senza proroga del personale PNRR, a rischio i progetti nei Comuni: l&#8217;appello dei sindaci alla Meloni"},"content":{"rendered":"<p>COSENZA &#8211; Il<strong> gruppo \u201cSe Sei Sindaco\u201d<\/strong>, una comunit\u00e0 che coinvolge ne<strong>l confronto e nello scambio di idee tutti i sindaci d\u2019Italia, ha deciso di scrivere alla premiere Giorgia Meloni<\/strong> e al ministro degli Affari Europei Tommaso Foti, per porre all&#8217;attenzione &#8220;una questione di fondamentale importanza per l&#8217;efficace attuazione dei progetti previsti dal Piano Nazionale di Ripresa e Resilienza (PNRR) nei nostri comuni. Negli ultimi anni, i Comuni italiani hanno affrontato sfide enormi, impegnandosi a realizzare interventi strategici volti a rilanciare l&#8217;economia, migliorare servizi e infrastrutture e, in generale, garantire un futuro migliore per le nostre comunit\u00e0.<\/p>\n<p>A tal fine,<strong> il personale assunto, con contratto di lavoro autonomo,<\/strong> specificamente per l&#8217;attuazione dei progetti PNRR ha rappresentato e rappresenta una risorsa preziosa e fondamentale. Tuttavia,<strong> molti di questi contratti sono in scadenza e, senza una proroga adeguata, si rischia di compromettere l&#8217;intera realizzazione dei progetti.<\/strong> Confermiamo che la presenza di personale qualificato e dedicato \u00e8 vitale non solo per il buon andamento delle attivit\u00e0 progettuali, ma anche per la gestione e il monitoraggio delle stesse, in un contesto in cui la tempestivit\u00e0 e l&#8217;efficienza sono imprescindibili.<\/p>\n<p>La proroga di tali contratti non solo garantirebbe la continuit\u00e0 delle attivit\u00e0, ma consentirebbe anche una migliore pianificazione e gestione delle risorse da parte dei comuni. Pertanto, chiediamo alle SS.LL. gentilmente di considerare <strong>la possibilit\u00e0 di dotare i Comuni dei fondi necessari e di autorizzarli a estendere la durata dei contratti del personale assunto per l&#8217;attuazione dei progetti PNRR fino al 30 Giugno 2026,<\/strong> in modo da assicurare che gli obiettivi ambiziosi del piano possano essere raggiunti con successo. Confidando nella Vostra comprensione e nel Vostro impegno per il benessere dei nostri territori, ringraziamo anticipatamente per l&#8217;attenzione che vorrete dare a questa importante questione. In attesa di un Vostro cortese riscontro, porgiamo i nostri pi\u00f9 cordiali saluti. FIRMATARI Numero di comuni di cui almeno un amministratore ha firmato: 97. Numero di cittadini rappresentati: 427.906&#8243;.<\/p>\n<p><img loading=\"lazy\" decoding=\"async\" class=\"alignnone wp-image-264823 size-full\" src=\"https:\/\/quicosenza.it\/news\/wp-content\/uploads\/2025\/07\/sindaci-1.png\" alt=\"\" width=\"541\" height=\"766\" title=\"\" srcset=\"https:\/\/quicosenza.it\/news\/wp-content\/uploads\/2025\/07\/sindaci-1.png 541w, https:\/\/quicosenza.it\/news\/wp-content\/uploads\/2025\/07\/sindaci-1-212x300.png 212w, https:\/\/quicosenza.it\/news\/wp-content\/uploads\/2025\/07\/sindaci-1-297x420.png 297w, https:\/\/quicosenza.it\/news\/wp-content\/uploads\/2025\/07\/sindaci-1-150x212.png 150w, https:\/\/quicosenza.it\/news\/wp-content\/uploads\/2025\/07\/sindaci-1-300x425.png 300w\" sizes=\"auto, (max-width: 541px) 100vw, 541px\" \/><img loading=\"lazy\" decoding=\"async\" class=\"alignnone wp-image-264824 size-full\" src=\"https:\/\/quicosenza.it\/news\/wp-content\/uploads\/2025\/07\/sindaci-2.png\" alt=\"\" width=\"549\" height=\"406\" title=\"\" srcset=\"https:\/\/quicosenza.it\/news\/wp-content\/uploads\/2025\/07\/sindaci-2.png 549w, https:\/\/quicosenza.it\/news\/wp-content\/uploads\/2025\/07\/sindaci-2-300x222.png 300w, https:\/\/quicosenza.it\/news\/wp-content\/uploads\/2025\/07\/sindaci-2-80x60.png 80w, https:\/\/quicosenza.it\/news\/wp-content\/uploads\/2025\/07\/sindaci-2-150x111.png 150w, https:\/\/quicosenza.it\/news\/wp-content\/uploads\/2025\/07\/sindaci-2-485x360.png 485w\" sizes=\"auto, (max-width: 549px) 100vw, 549px\" \/><\/p>\n<p>&nbsp;<\/p>\n<p>&nbsp;<\/p>\n","protected":false},"excerpt":{"rendered":"<p>COSENZA &#8211; Il gruppo \u201cSe Sei Sindaco\u201d, una comunit\u00e0 che coinvolge nel confronto e nello scambio di idee tutti i sindaci d\u2019Italia, ha deciso di scrivere alla premiere Giorgia Meloni e al ministro degli Affari Europei Tommaso Foti, per porre all&#8217;attenzione &#8220;una questione di fondamentale importanza per l&#8217;efficace attuazione dei progetti previsti dal Piano Nazionale [&hellip;]<\/p>\n","protected":false},"author":58,"featured_media":264814,"comment_status":"closed","ping_status":"closed","sticky":false,"template":"","format":"standard","meta":{"_acf_changed":false,"footnotes":"","jetpack_publicize_message":"","jetpack_publicize_feature_enabled":true,"jetpack_social_post_already_shared":false,"jetpack_social_options":{"image_generator_settings":{"template":"highway","default_image_id":0,"font":"","enabled":false},"version":2}},"categories":[17],"tags":[19],"class_list":["post-264812","post","type-post","status-publish","format-standard","has-post-thumbnail","hentry","category-calabria","tag-copertina"],"acf":[],"jetpack_publicize_connections":[],"_links":{"self":[{"href":"https:\/\/quicosenza.it\/news\/wp-json\/wp\/v2\/posts\/264812","targetHints":{"allow":["GET"]}}],"collection":[{"href":"https:\/\/quicosenza.it\/news\/wp-json\/wp\/v2\/posts"}],"about":[{"href":"https:\/\/quicosenza.it\/news\/wp-json\/wp\/v2\/types\/post"}],"author":[{"embeddable":true,"href":"https:\/\/quicosenza.it\/news\/wp-json\/wp\/v2\/users\/58"}],"replies":[{"embeddable":true,"href":"https:\/\/quicosenza.it\/news\/wp-json\/wp\/v2\/comments?post=264812"}],"version-history":[{"count":0,"href":"https:\/\/quicosenza.it\/news\/wp-json\/wp\/v2\/posts\/264812\/revisions"}],"wp:featuredmedia":[{"embeddable":true,"href":"https:\/\/quicosenza.it\/news\/wp-json\/wp\/v2\/media\/264814"}],"wp:attachment":[{"href":"https:\/\/quicosenza.it\/news\/wp-json\/wp\/v2\/media?parent=264812"}],"wp:term":[{"taxonomy":"category","embeddable":true,"href":"https:\/\/quicosenza.it\/news\/wp-json\/wp\/v2\/categories?post=264812"},{"taxonomy":"post_tag","embeddable":true,"href":"https:\/\/quicosenza.it\/news\/wp-json\/wp\/v2\/tags?post=264812"}],"curies":[{"name":"wp","href":"https:\/\/api.w.org\/{rel}","templated":true}]}}