{"id":264819,"date":"2025-07-18T19:22:35","date_gmt":"2025-07-18T17:22:35","guid":{"rendered":"https:\/\/www.quicosenza.it\/news\/?p=264819"},"modified":"2025-07-18T19:22:35","modified_gmt":"2025-07-18T17:22:35","slug":"reset-lex-assessore-di-rende-pino-munno-assolto-amareggiato-per-lingiustizia-subita","status":"publish","type":"post","link":"https:\/\/quicosenza.it\/news\/reset-lex-assessore-di-rende-pino-munno-assolto-amareggiato-per-lingiustizia-subita\/","title":{"rendered":"Reset, l&#8217;ex assessore di Rende Pino Munno assolto: \u00abamareggiato per l&#8217;ingiustizia subita\u00bb"},"content":{"rendered":"<p>RENDE (CS) &#8211; &#8220;In questi anni ho scelto di rimanere in silenzio, con il cuore distrutto per l&#8217;ingiustizia subita, scoraggiato per le accuse infondate che mi sono state rivolte, amareggiato per il processo mediatico che ho subito, sconfortato per tutto il male gratuito di cui io e la mia famiglia siamo stati vittime&#8221;. Lo dichiara <strong>l&#8217;ex assessore del Comune di Rende<\/strong>,<strong> Pino Munno, assolto<\/strong> dopo essere stato indagato nel maxi <strong><a href=\"https:\/\/quicosenza.it\/news\/area-urbana\/maxiprocesso-reset-ndrangheta-a-cosenza-e-hinterland-58-condanne-assolto-lex-sindaco-manna-nomi\" target=\"_blank\" rel=\"noopener\">processo Reset, <\/a><\/strong>l\u2019inchiesta <strong>sulla \u2018ndrangheta \u201cconfederata\u201d nel capoluogo bruzio<\/strong>, condotta dalla Dda di Catanzaro.<\/p>\n<p>&#8220;Dentro di me per\u00f2 ho sempre mantenuto un barlume di speranza, <strong>avevo ancora fiducia nella Giustizia e nei Giudici, ho sempre voluto credere che la verit\u00e0 sarebbe uscita fuori<\/strong> e finalmente ieri questo \u00e8 avvenuto. Ieri sono stato assolto perch\u00e9 il fatto non sussiste. Ieri, io, la mia famiglia e tutte le persone che con sincero affetto mi sono sempre rimaste accanto in questi anni bui, abbiamo potuto gioire perch\u00e9 finalmente la verit\u00e0 \u00e8 emersa. <strong>Sono grato, alla mia famiglia, ai miei amici e in modo particolare al mio validissimo Avvocato Gianluca Garritano.<\/strong> Aggiungo, sotto il profilo politico, che a causa di maxi-inchieste che puntualmente vengono ridimensionate con raffiche di assoluzioni, <strong>la citt\u00e0 di Rende \u00e8 stato condannata ingiustamente a due anni di Commissariamento<\/strong> e nessuno sar\u00e0 responsabile per i danni enormi provocati&#8221;.<\/p>\n<h3><strong>Garritano: &#8220;Elementi inconsistenti ed evidente pregiudizio&#8221;<\/strong><\/h3>\n<p>&#8220;Chiaramente siamo assolutamente soddisfatti dell\u2019assoluzione perch\u00e9 il fatto non sussiste. Abbiamo sempre creduto che non poteva essere altrimenti perch\u00e9 l\u2019impianto accusatorio si fondava su elementi inconsistenti e dettati da un evidente pregiudizio&#8221;, dichiara l&#8217;avvocato Garritano. &#8220;L\u2019ennesimo maxi processo terminato con pi\u00f9 assoluzioni rispetto alle condanne. <strong>Noi penalisti da tempo chiediamo interventi legislativi<\/strong> <strong>che effettivamente tutelino il principio del giusto processo<\/strong> <strong>e della presunzione d\u2019innocenza.<\/strong> Sotto l\u2019aspetto politico per lo scioglimento del Comune di Rende per infiltrazioni mafiose, valuteremo se ricorrere in futuro alla Cedu perch\u00e9 la legge italiana non prevede alcuna forma di risarcimento e\/o d\u00ed responsabilit\u00e0 nel caso in cui le cause che hanno determinato lo scioglimento di un Comune siano poi risultate totalmente infondate dal l\u2019autorit\u00e0 giudiziaria procedente&#8221;.<\/p>\n","protected":false},"excerpt":{"rendered":"<p>RENDE (CS) &#8211; &#8220;In questi anni ho scelto di rimanere in silenzio, con il cuore distrutto per l&#8217;ingiustizia subita, scoraggiato per le accuse infondate che mi sono state rivolte, amareggiato per il processo mediatico che ho subito, sconfortato per tutto il male gratuito di cui io e la mia famiglia siamo stati vittime&#8221;. Lo dichiara [&hellip;]<\/p>\n","protected":false},"author":58,"featured_media":264820,"comment_status":"closed","ping_status":"closed","sticky":false,"template":"","format":"standard","meta":{"_acf_changed":false,"footnotes":"","jetpack_publicize_message":"","jetpack_publicize_feature_enabled":true,"jetpack_social_post_already_shared":false,"jetpack_social_options":{"image_generator_settings":{"template":"highway","default_image_id":0,"font":"","enabled":false},"version":2}},"categories":[563,44],"tags":[19],"class_list":["post-264819","post","type-post","status-publish","format-standard","has-post-thumbnail","hentry","category-area-urbana","category-rende","tag-copertina"],"acf":[],"jetpack_publicize_connections":[],"_links":{"self":[{"href":"https:\/\/quicosenza.it\/news\/wp-json\/wp\/v2\/posts\/264819","targetHints":{"allow":["GET"]}}],"collection":[{"href":"https:\/\/quicosenza.it\/news\/wp-json\/wp\/v2\/posts"}],"about":[{"href":"https:\/\/quicosenza.it\/news\/wp-json\/wp\/v2\/types\/post"}],"author":[{"embeddable":true,"href":"https:\/\/quicosenza.it\/news\/wp-json\/wp\/v2\/users\/58"}],"replies":[{"embeddable":true,"href":"https:\/\/quicosenza.it\/news\/wp-json\/wp\/v2\/comments?post=264819"}],"version-history":[{"count":0,"href":"https:\/\/quicosenza.it\/news\/wp-json\/wp\/v2\/posts\/264819\/revisions"}],"wp:featuredmedia":[{"embeddable":true,"href":"https:\/\/quicosenza.it\/news\/wp-json\/wp\/v2\/media\/264820"}],"wp:attachment":[{"href":"https:\/\/quicosenza.it\/news\/wp-json\/wp\/v2\/media?parent=264819"}],"wp:term":[{"taxonomy":"category","embeddable":true,"href":"https:\/\/quicosenza.it\/news\/wp-json\/wp\/v2\/categories?post=264819"},{"taxonomy":"post_tag","embeddable":true,"href":"https:\/\/quicosenza.it\/news\/wp-json\/wp\/v2\/tags?post=264819"}],"curies":[{"name":"wp","href":"https:\/\/api.w.org\/{rel}","templated":true}]}}