{"id":264827,"date":"2025-07-18T22:17:05","date_gmt":"2025-07-18T20:17:05","guid":{"rendered":"https:\/\/www.quicosenza.it\/news\/?p=264827"},"modified":"2025-07-19T09:04:34","modified_gmt":"2025-07-19T07:04:34","slug":"vinitaly-and-the-city-taglia-il-nastro-lollobrigida-litalia-difende-il-vino-perche-e-cultura-lavoro-e-identita","status":"publish","type":"post","link":"https:\/\/quicosenza.it\/news\/vinitaly-and-the-city-taglia-il-nastro-lollobrigida-litalia-difende-il-vino-perche-e-cultura-lavoro-e-identita\/","title":{"rendered":"Vinitaly and the City taglia il nastro, Lollobrigida: &#8220;l&#8217;Italia difende il vino perch\u00e8 \u00e8 cultura, lavoro e identit\u00e0&#8221;"},"content":{"rendered":"<p>CASSANO ALLO IONIO (CS) &#8211; &#8220;<strong>In questa regione possiamo essere eccellenti<\/strong>&#8220;. Sono le parole del presidente della Regione, <strong>Roberto Occhiuto<\/strong>, aprendo la seconda edizione di Vinitaly and the City, la &#8216;tre giorni&#8217; ospitata nel parco archeologico di Sibari fino a domenica. Al taglio del nastro il direttore generale di Arsac, Fulvia Caligiuri, l&#8217;assessore regionale all&#8217;agricoltura, Gianluca Gallo, il presidente della Regione Calabria, Roberto Occhiuto e il presidente di Verona Fiere, Federico Bricolo, il campione di nuoto Amaurys Perez, e ospite d&#8217;onore, il ministro dell&#8217;Agricoltura, della Sovranit\u00e0 Alimentare e delle Foreste, Francesco Lollobrigida.<\/p>\n<p><img loading=\"lazy\" decoding=\"async\" class=\" wp-image-264829 aligncenter\" src=\"https:\/\/quicosenza.it\/news\/wp-content\/uploads\/2025\/07\/gallo-e-occhiuto.jpg\" alt=\"\" width=\"559\" height=\"419\" title=\"\" srcset=\"https:\/\/quicosenza.it\/news\/wp-content\/uploads\/2025\/07\/gallo-e-occhiuto.jpg 970w, https:\/\/quicosenza.it\/news\/wp-content\/uploads\/2025\/07\/gallo-e-occhiuto-300x225.jpg 300w, https:\/\/quicosenza.it\/news\/wp-content\/uploads\/2025\/07\/gallo-e-occhiuto-768x576.jpg 768w, https:\/\/quicosenza.it\/news\/wp-content\/uploads\/2025\/07\/gallo-e-occhiuto-560x420.jpg 560w, https:\/\/quicosenza.it\/news\/wp-content\/uploads\/2025\/07\/gallo-e-occhiuto-80x60.jpg 80w, https:\/\/quicosenza.it\/news\/wp-content\/uploads\/2025\/07\/gallo-e-occhiuto-150x113.jpg 150w, https:\/\/quicosenza.it\/news\/wp-content\/uploads\/2025\/07\/gallo-e-occhiuto-696x522.jpg 696w, https:\/\/quicosenza.it\/news\/wp-content\/uploads\/2025\/07\/gallo-e-occhiuto-265x198.jpg 265w\" sizes=\"auto, (max-width: 559px) 100vw, 559px\" \/><\/p>\n<p>Il <strong>presidente della Regione, <\/strong>ha voluto porre l&#8217;accento sulle grandi possibilit\u00e0 che la Calabria offre ai giovani, molti dei quali purtroppo ancora vanno via: &#8220;Questa iniziativa serve a costruire la speranza per una regione che \u00e8 straordinaria e che, \u00e8 stata raccontata solo per i suoi problemi e non per le sue eccellenze&#8221;. &#8220;Che i nostri prodotti siano eccezionali lo sappiamo da sempre ma \u00e8 nel mondo che dobbiamo andare a raccontarlo &#8211; ha aggiunto Occhiuto &#8211; ed \u00e8 l\u00ec che si crea il valore aggiunto. Questo \u00e8 un evento di grande intelligenza&#8221;. Il governatore, rivolgendo un plauso nei confronti di Gianluca Gallo, l&#8217;ha definito il &#8220;Maradona degli assessori regionali all&#8217;agricoltura&#8221; per sottolineare tutto l&#8217;apporto dato al settore in Calabria.<\/p>\n<p><img loading=\"lazy\" decoding=\"async\" class=\" wp-image-264835 aligncenter\" src=\"https:\/\/quicosenza.it\/news\/wp-content\/uploads\/2025\/07\/taglio-nastro-vinitaly-02.jpg\" alt=\"\" width=\"595\" height=\"335\" title=\"\" srcset=\"https:\/\/quicosenza.it\/news\/wp-content\/uploads\/2025\/07\/taglio-nastro-vinitaly-02.jpg 970w, https:\/\/quicosenza.it\/news\/wp-content\/uploads\/2025\/07\/taglio-nastro-vinitaly-02-300x169.jpg 300w, https:\/\/quicosenza.it\/news\/wp-content\/uploads\/2025\/07\/taglio-nastro-vinitaly-02-768x432.jpg 768w, https:\/\/quicosenza.it\/news\/wp-content\/uploads\/2025\/07\/taglio-nastro-vinitaly-02-746x420.jpg 746w, https:\/\/quicosenza.it\/news\/wp-content\/uploads\/2025\/07\/taglio-nastro-vinitaly-02-150x84.jpg 150w, https:\/\/quicosenza.it\/news\/wp-content\/uploads\/2025\/07\/taglio-nastro-vinitaly-02-696x392.jpg 696w\" sizes=\"auto, (max-width: 595px) 100vw, 595px\" \/><\/p>\n<p>&#8220;In questi due anni &#8211; ha proseguito Occhiuto &#8211; abbiamo dimostrato che le iniziative ben riuscite si possono fare non solo al Nord, ma anche al Sud. Vorrei che eventi come questo convincessero i giovani e le loro famiglie che non \u00e8 pi\u00f9 vero che questa regione non ha pi\u00f9 futuro e non ha speranza. In questa regione le cose perbene si possono fare, e possiamo dimostrare di essere eccellenti&#8221;.<\/p>\n<p>&#8220;Il rapporto tra le eccellenze vitivinicole e quelle turistiche \u00e8 fondamentale, perch\u00e8 <strong>\u00e8 il racconto della Calabria eccellente che non \u00e8 mai stata raccontata prima,<\/strong> ed \u00e8 bellissimo che questo venga fatto in un luogo simbolico come il <strong>Parco Archeologico di Sibari<\/strong> che \u00e8 sconosciuto ai pi\u00f9, ed invece \u00e8 un&#8217;autentica eccellenza di una regione che ha un pezzo di Magna Grecia importante, che non ha saputo valorizzare in passato&#8221; ha concluso il governatore Occhiuto.<\/p>\n<p><img loading=\"lazy\" decoding=\"async\" class=\" wp-image-264833 aligncenter\" src=\"https:\/\/quicosenza.it\/news\/wp-content\/uploads\/2025\/07\/occhiuto-gallo-lollobrigida-orsomarso.jpg\" alt=\"\" width=\"565\" height=\"424\" title=\"\" srcset=\"https:\/\/quicosenza.it\/news\/wp-content\/uploads\/2025\/07\/occhiuto-gallo-lollobrigida-orsomarso.jpg 970w, https:\/\/quicosenza.it\/news\/wp-content\/uploads\/2025\/07\/occhiuto-gallo-lollobrigida-orsomarso-300x225.jpg 300w, https:\/\/quicosenza.it\/news\/wp-content\/uploads\/2025\/07\/occhiuto-gallo-lollobrigida-orsomarso-768x576.jpg 768w, https:\/\/quicosenza.it\/news\/wp-content\/uploads\/2025\/07\/occhiuto-gallo-lollobrigida-orsomarso-560x420.jpg 560w, https:\/\/quicosenza.it\/news\/wp-content\/uploads\/2025\/07\/occhiuto-gallo-lollobrigida-orsomarso-80x60.jpg 80w, https:\/\/quicosenza.it\/news\/wp-content\/uploads\/2025\/07\/occhiuto-gallo-lollobrigida-orsomarso-150x113.jpg 150w, https:\/\/quicosenza.it\/news\/wp-content\/uploads\/2025\/07\/occhiuto-gallo-lollobrigida-orsomarso-696x522.jpg 696w, https:\/\/quicosenza.it\/news\/wp-content\/uploads\/2025\/07\/occhiuto-gallo-lollobrigida-orsomarso-265x198.jpg 265w\" sizes=\"auto, (max-width: 565px) 100vw, 565px\" \/><\/p>\n<h3>Ministro Lollobrigida &#8220;Siamo qui per difendere il vino&#8221;<\/h3>\n<p>&#8220;La Calabria in questi anni probabilmente \u00e8 stata la regione che meglio ha saputo crescere in termini di valore aggiunto &#8211; ha dichiarato il ministro <strong>Francesco Lollobrigida <\/strong>nel suo intervento conclusivo &#8211; riuscendo a diventare la <strong>prima regione italiana per biologico e nel vino<\/strong>&#8220;.\u00a0Il ministro ha sottolineato anche il <strong>calore e l&#8217;ospitalit\u00e0 unica dei calabresi<\/strong> definendo l&#8217;iniziativa &#8220;di grande intelligenza&#8221; perch\u00e8 mette insieme due elementi, il nome del Vinitaly, che rappresenta il vino italiano nel mondo, e la competenza della Calabria in questo settore.<\/p>\n<p>&#8220;Siamo qui per difendere il vino &#8211; ha proseguito il ministro <strong>Lollobrigida<\/strong> &#8211; Sembra infatti che per qualcuno sia diventato veleno, nonostante venga consumato da milioni di anni. Certo va utilizzato moderatamente e bisogna pensare alla qualit\u00e0 pi\u00f9 che alla quantit\u00e0, ma lo dobbiamo difendere,<strong> l&#8217;Italia lo difende perche \u00e8 la nostra identit\u00e0<\/strong>, e lo faremo per tutte le regioni e anche per tutti i cittadini che oggi sono qui per assaggiarlo&#8221;.<\/p>\n<p>Breve l&#8217;intervento di<strong> Fulvia Caligiuri, direttore generale di Arsac<\/strong> che ha voluto far parlare il suo cuore: &#8220;\u00e8 stata un&#8217;emozione iniziare lo scorso anno, ma \u00e8 un&#8217;emozione ancora pi\u00f9 forte vedervi qui e vedere realizzato quello che finora era su carta&#8221; riferendosi all&#8217;accordo di collaborazione fattiva nato con Verona Fiere. &#8220;Rispetto allo scorso anno volevamo alzare l&#8217;asticella e ci siamo riusciti&#8221;.<\/p>\n<p><img loading=\"lazy\" decoding=\"async\" class=\" wp-image-264830 aligncenter\" src=\"https:\/\/quicosenza.it\/news\/wp-content\/uploads\/2025\/07\/lollobrigida-e-gallo.jpg\" alt=\"\" width=\"513\" height=\"385\" title=\"\" srcset=\"https:\/\/quicosenza.it\/news\/wp-content\/uploads\/2025\/07\/lollobrigida-e-gallo.jpg 970w, https:\/\/quicosenza.it\/news\/wp-content\/uploads\/2025\/07\/lollobrigida-e-gallo-300x225.jpg 300w, https:\/\/quicosenza.it\/news\/wp-content\/uploads\/2025\/07\/lollobrigida-e-gallo-768x576.jpg 768w, https:\/\/quicosenza.it\/news\/wp-content\/uploads\/2025\/07\/lollobrigida-e-gallo-560x420.jpg 560w, https:\/\/quicosenza.it\/news\/wp-content\/uploads\/2025\/07\/lollobrigida-e-gallo-80x60.jpg 80w, https:\/\/quicosenza.it\/news\/wp-content\/uploads\/2025\/07\/lollobrigida-e-gallo-150x113.jpg 150w, https:\/\/quicosenza.it\/news\/wp-content\/uploads\/2025\/07\/lollobrigida-e-gallo-696x522.jpg 696w, https:\/\/quicosenza.it\/news\/wp-content\/uploads\/2025\/07\/lollobrigida-e-gallo-265x198.jpg 265w\" sizes=\"auto, (max-width: 513px) 100vw, 513px\" \/><\/p>\n<p>A prendere la parola anche <strong>Gianluca Gallo<\/strong>: &#8220;La presenza del ministro Lollobrigida impreziosisce gli sforzi di tutti coloro che hanno lavorato per organizzare questa manifestazione che \u00e8 il <strong>racconto di una storia ultramillenaria<\/strong>&#8220;. Per l&#8217;assessore regionale all&#8217;Agricoltura \u00e8 un <strong>tesoro che ogni calabrese deve custodire<\/strong> e &#8220;di cui deve essere orgoglioso e consapevole che attraverso le produzioni agricole, in questa terra, ognuno pu\u00f2 costruire il futuro dei propri figli&#8221;. &#8220;Stiamo crescendo nei numeri ma c&#8217;\u00e8 ancora molto da fare&#8221;. Non sono mancati da parte dell&#8217;assessore regionale i ringraziamenti agli &#8220;amici&#8221; di Verona Fiere &#8220;per aver creduto in questa iniziativa e che ci hanno consentito di implementare l&#8217;azione di promozione che coinvolge tutta la nostra regione&#8221;.<\/p>\n\n\t\t<style>\n\t\t\t#gallery-1 {\n\t\t\t\tmargin: auto;\n\t\t\t}\n\t\t\t#gallery-1 .gallery-item {\n\t\t\t\tfloat: left;\n\t\t\t\tmargin-top: 10px;\n\t\t\t\ttext-align: center;\n\t\t\t\twidth: 33%;\n\t\t\t}\n\t\t\t#gallery-1 img {\n\t\t\t\tborder: 2px solid #cfcfcf;\n\t\t\t}\n\t\t\t#gallery-1 .gallery-caption {\n\t\t\t\tmargin-left: 0;\n\t\t\t}\n\t\t\t\/* see gallery_shortcode() in wp-includes\/media.php *\/\n\t\t<\/style>\n\t\t<div id='gallery-1' class='gallery galleryid-264827 gallery-columns-3 gallery-size-large'><dl class='gallery-item'>\n\t\t\t<dt class='gallery-icon landscape'>\n\t\t\t\t<a href='https:\/\/quicosenza.it\/news\/vinitaly-and-the-city-taglia-il-nastro-lollobrigida-litalia-difende-il-vino-perche-e-cultura-lavoro-e-identita\/intervento-lollobrigida-01\/'><img loading=\"lazy\" decoding=\"async\" width=\"740\" height=\"426\" src=\"https:\/\/quicosenza.it\/news\/wp-content\/uploads\/2025\/07\/intervento-lollobrigida-01.jpg\" class=\"attachment-large size-large\" alt=\"\" srcset=\"https:\/\/quicosenza.it\/news\/wp-content\/uploads\/2025\/07\/intervento-lollobrigida-01.jpg 970w, https:\/\/quicosenza.it\/news\/wp-content\/uploads\/2025\/07\/intervento-lollobrigida-01-300x173.jpg 300w, https:\/\/quicosenza.it\/news\/wp-content\/uploads\/2025\/07\/intervento-lollobrigida-01-768x442.jpg 768w, https:\/\/quicosenza.it\/news\/wp-content\/uploads\/2025\/07\/intervento-lollobrigida-01-730x420.jpg 730w, https:\/\/quicosenza.it\/news\/wp-content\/uploads\/2025\/07\/intervento-lollobrigida-01-150x86.jpg 150w, https:\/\/quicosenza.it\/news\/wp-content\/uploads\/2025\/07\/intervento-lollobrigida-01-696x400.jpg 696w\" sizes=\"auto, (max-width: 740px) 100vw, 740px\" title=\"\"><\/a>\n\t\t\t<\/dt><\/dl><dl class='gallery-item'>\n\t\t\t<dt class='gallery-icon portrait'>\n\t\t\t\t<a href='https:\/\/quicosenza.it\/news\/vinitaly-and-the-city-taglia-il-nastro-lollobrigida-litalia-difende-il-vino-perche-e-cultura-lavoro-e-identita\/intervento-lollobrigida-02\/'><img loading=\"lazy\" decoding=\"async\" width=\"740\" height=\"987\" src=\"https:\/\/quicosenza.it\/news\/wp-content\/uploads\/2025\/07\/intervento-lollobrigida-02-768x1024.jpg\" class=\"attachment-large size-large\" alt=\"\" srcset=\"https:\/\/quicosenza.it\/news\/wp-content\/uploads\/2025\/07\/intervento-lollobrigida-02-768x1024.jpg 768w, https:\/\/quicosenza.it\/news\/wp-content\/uploads\/2025\/07\/intervento-lollobrigida-02-225x300.jpg 225w, https:\/\/quicosenza.it\/news\/wp-content\/uploads\/2025\/07\/intervento-lollobrigida-02-315x420.jpg 315w, https:\/\/quicosenza.it\/news\/wp-content\/uploads\/2025\/07\/intervento-lollobrigida-02-150x200.jpg 150w, https:\/\/quicosenza.it\/news\/wp-content\/uploads\/2025\/07\/intervento-lollobrigida-02-300x400.jpg 300w, https:\/\/quicosenza.it\/news\/wp-content\/uploads\/2025\/07\/intervento-lollobrigida-02-696x928.jpg 696w, https:\/\/quicosenza.it\/news\/wp-content\/uploads\/2025\/07\/intervento-lollobrigida-02.jpg 970w\" sizes=\"auto, (max-width: 740px) 100vw, 740px\" title=\"\"><\/a>\n\t\t\t<\/dt><\/dl><dl class='gallery-item'>\n\t\t\t<dt class='gallery-icon landscape'>\n\t\t\t\t<a href='https:\/\/quicosenza.it\/news\/vinitaly-and-the-city-taglia-il-nastro-lollobrigida-litalia-difende-il-vino-perche-e-cultura-lavoro-e-identita\/vinitaly-and-the-city-presentazione\/'><img loading=\"lazy\" decoding=\"async\" width=\"740\" height=\"458\" src=\"https:\/\/quicosenza.it\/news\/wp-content\/uploads\/2025\/07\/Vinitaly-and-the-city-presentazione.jpg\" class=\"attachment-large size-large\" alt=\"\" srcset=\"https:\/\/quicosenza.it\/news\/wp-content\/uploads\/2025\/07\/Vinitaly-and-the-city-presentazione.jpg 970w, https:\/\/quicosenza.it\/news\/wp-content\/uploads\/2025\/07\/Vinitaly-and-the-city-presentazione-300x186.jpg 300w, https:\/\/quicosenza.it\/news\/wp-content\/uploads\/2025\/07\/Vinitaly-and-the-city-presentazione-768x475.jpg 768w, https:\/\/quicosenza.it\/news\/wp-content\/uploads\/2025\/07\/Vinitaly-and-the-city-presentazione-679x420.jpg 679w, https:\/\/quicosenza.it\/news\/wp-content\/uploads\/2025\/07\/Vinitaly-and-the-city-presentazione-150x93.jpg 150w, https:\/\/quicosenza.it\/news\/wp-content\/uploads\/2025\/07\/Vinitaly-and-the-city-presentazione-696x431.jpg 696w, https:\/\/quicosenza.it\/news\/wp-content\/uploads\/2025\/07\/Vinitaly-and-the-city-presentazione-356x220.jpg 356w\" sizes=\"auto, (max-width: 740px) 100vw, 740px\" title=\"\"><\/a>\n\t\t\t<\/dt><\/dl><br style=\"clear: both\" \/><dl class='gallery-item'>\n\t\t\t<dt class='gallery-icon landscape'>\n\t\t\t\t<a href='https:\/\/quicosenza.it\/news\/vinitaly-and-the-city-taglia-il-nastro-lollobrigida-litalia-difende-il-vino-perche-e-cultura-lavoro-e-identita\/taglio-nastro-vinitaly-04\/'><img loading=\"lazy\" decoding=\"async\" width=\"740\" height=\"417\" src=\"https:\/\/quicosenza.it\/news\/wp-content\/uploads\/2025\/07\/taglio-nastro-vinitaly-04.jpg\" class=\"attachment-large size-large\" alt=\"\" srcset=\"https:\/\/quicosenza.it\/news\/wp-content\/uploads\/2025\/07\/taglio-nastro-vinitaly-04.jpg 970w, https:\/\/quicosenza.it\/news\/wp-content\/uploads\/2025\/07\/taglio-nastro-vinitaly-04-300x169.jpg 300w, https:\/\/quicosenza.it\/news\/wp-content\/uploads\/2025\/07\/taglio-nastro-vinitaly-04-768x432.jpg 768w, https:\/\/quicosenza.it\/news\/wp-content\/uploads\/2025\/07\/taglio-nastro-vinitaly-04-746x420.jpg 746w, https:\/\/quicosenza.it\/news\/wp-content\/uploads\/2025\/07\/taglio-nastro-vinitaly-04-150x84.jpg 150w, https:\/\/quicosenza.it\/news\/wp-content\/uploads\/2025\/07\/taglio-nastro-vinitaly-04-696x392.jpg 696w\" sizes=\"auto, (max-width: 740px) 100vw, 740px\" title=\"\"><\/a>\n\t\t\t<\/dt><\/dl><dl class='gallery-item'>\n\t\t\t<dt class='gallery-icon landscape'>\n\t\t\t\t<a href='https:\/\/quicosenza.it\/news\/vinitaly-and-the-city-taglia-il-nastro-lollobrigida-litalia-difende-il-vino-perche-e-cultura-lavoro-e-identita\/taglio-nastro-vinitaly-03\/'><img loading=\"lazy\" decoding=\"async\" width=\"740\" height=\"417\" src=\"https:\/\/quicosenza.it\/news\/wp-content\/uploads\/2025\/07\/taglio-nastro-vinitaly-03.jpg\" class=\"attachment-large size-large\" alt=\"\" srcset=\"https:\/\/quicosenza.it\/news\/wp-content\/uploads\/2025\/07\/taglio-nastro-vinitaly-03.jpg 970w, https:\/\/quicosenza.it\/news\/wp-content\/uploads\/2025\/07\/taglio-nastro-vinitaly-03-300x169.jpg 300w, https:\/\/quicosenza.it\/news\/wp-content\/uploads\/2025\/07\/taglio-nastro-vinitaly-03-768x432.jpg 768w, https:\/\/quicosenza.it\/news\/wp-content\/uploads\/2025\/07\/taglio-nastro-vinitaly-03-746x420.jpg 746w, https:\/\/quicosenza.it\/news\/wp-content\/uploads\/2025\/07\/taglio-nastro-vinitaly-03-150x84.jpg 150w, https:\/\/quicosenza.it\/news\/wp-content\/uploads\/2025\/07\/taglio-nastro-vinitaly-03-696x392.jpg 696w\" sizes=\"auto, (max-width: 740px) 100vw, 740px\" title=\"\"><\/a>\n\t\t\t<\/dt><\/dl><dl class='gallery-item'>\n\t\t\t<dt class='gallery-icon landscape'>\n\t\t\t\t<a href='https:\/\/quicosenza.it\/news\/vinitaly-and-the-city-taglia-il-nastro-lollobrigida-litalia-difende-il-vino-perche-e-cultura-lavoro-e-identita\/taglio-nastro-vinitaly-01\/'><img loading=\"lazy\" decoding=\"async\" width=\"740\" height=\"417\" src=\"https:\/\/quicosenza.it\/news\/wp-content\/uploads\/2025\/07\/taglio-nastro-vinitaly-01.jpg\" class=\"attachment-large size-large\" alt=\"\" srcset=\"https:\/\/quicosenza.it\/news\/wp-content\/uploads\/2025\/07\/taglio-nastro-vinitaly-01.jpg 970w, https:\/\/quicosenza.it\/news\/wp-content\/uploads\/2025\/07\/taglio-nastro-vinitaly-01-300x169.jpg 300w, https:\/\/quicosenza.it\/news\/wp-content\/uploads\/2025\/07\/taglio-nastro-vinitaly-01-768x432.jpg 768w, https:\/\/quicosenza.it\/news\/wp-content\/uploads\/2025\/07\/taglio-nastro-vinitaly-01-746x420.jpg 746w, https:\/\/quicosenza.it\/news\/wp-content\/uploads\/2025\/07\/taglio-nastro-vinitaly-01-150x84.jpg 150w, https:\/\/quicosenza.it\/news\/wp-content\/uploads\/2025\/07\/taglio-nastro-vinitaly-01-696x392.jpg 696w\" sizes=\"auto, (max-width: 740px) 100vw, 740px\" title=\"\"><\/a>\n\t\t\t<\/dt><\/dl><br style=\"clear: both\" \/>\n\t\t<\/div>\n\n<h3>Un brindisi e via, che Vinitaly and the City abbia inizio<\/h3>\n<p>Degustazioni, incontri, masterclass e cultura, fino a domenica 20 luglio.\u00a0 Vinitaly and the City &#8211; Calabria in Wine 2025 brinda da oggi al futuro, un sorso alla volta. Nel cuore della Magna Grecia, tra le vestigia di un\u2019antica civilt\u00e0 e il profumo inebriante dei vitigni mediterranei, ha preso il via la seconda edizione calabrese del fuori salone del celebre Vinitaly di Verona, ospitata ancora una volta nella suggestiva cornice del Parco Archeologico di Sibari, a Cassano allo Ionio.<\/p>\n<p>Un luogo simbolo della storia enologica mediterranea, che per tre giorni \u2014 dal 18 al 20 luglio \u2014 si trasformer\u00e0 in un grande teatro a cielo aperto dove vino, cultura, arte e identit\u00e0 territoriale si fondono in un\u2019esperienza immersiva senza precedenti.nologia, archeologia, musica e gastronomia. In tre parole: <strong>vino, terra, civilt\u00e0<\/strong>.<\/p>\n","protected":false},"excerpt":{"rendered":"<p>CASSANO ALLO IONIO (CS) &#8211; &#8220;In questa regione possiamo essere eccellenti&#8220;. Sono le parole del presidente della Regione, Roberto Occhiuto, aprendo la seconda edizione di Vinitaly and the City, la &#8216;tre giorni&#8217; ospitata nel parco archeologico di Sibari fino a domenica. Al taglio del nastro il direttore generale di Arsac, Fulvia Caligiuri, l&#8217;assessore regionale all&#8217;agricoltura, [&hellip;]<\/p>\n","protected":false},"author":91,"featured_media":264828,"comment_status":"closed","ping_status":"closed","sticky":false,"template":"","format":"video","meta":{"_acf_changed":false,"footnotes":"","jetpack_publicize_message":"","jetpack_publicize_feature_enabled":true,"jetpack_social_post_already_shared":false,"jetpack_social_options":{"image_generator_settings":{"template":"highway","default_image_id":0,"font":"","enabled":false},"version":2}},"categories":[17],"tags":[19,135],"class_list":["post-264827","post","type-post","status-publish","format-video","has-post-thumbnail","hentry","category-calabria","tag-copertina","tag-video","post_format-post-format-video"],"acf":[],"jetpack_publicize_connections":[],"_links":{"self":[{"href":"https:\/\/quicosenza.it\/news\/wp-json\/wp\/v2\/posts\/264827","targetHints":{"allow":["GET"]}}],"collection":[{"href":"https:\/\/quicosenza.it\/news\/wp-json\/wp\/v2\/posts"}],"about":[{"href":"https:\/\/quicosenza.it\/news\/wp-json\/wp\/v2\/types\/post"}],"author":[{"embeddable":true,"href":"https:\/\/quicosenza.it\/news\/wp-json\/wp\/v2\/users\/91"}],"replies":[{"embeddable":true,"href":"https:\/\/quicosenza.it\/news\/wp-json\/wp\/v2\/comments?post=264827"}],"version-history":[{"count":0,"href":"https:\/\/quicosenza.it\/news\/wp-json\/wp\/v2\/posts\/264827\/revisions"}],"wp:featuredmedia":[{"embeddable":true,"href":"https:\/\/quicosenza.it\/news\/wp-json\/wp\/v2\/media\/264828"}],"wp:attachment":[{"href":"https:\/\/quicosenza.it\/news\/wp-json\/wp\/v2\/media?parent=264827"}],"wp:term":[{"taxonomy":"category","embeddable":true,"href":"https:\/\/quicosenza.it\/news\/wp-json\/wp\/v2\/categories?post=264827"},{"taxonomy":"post_tag","embeddable":true,"href":"https:\/\/quicosenza.it\/news\/wp-json\/wp\/v2\/tags?post=264827"}],"curies":[{"name":"wp","href":"https:\/\/api.w.org\/{rel}","templated":true}]}}