{"id":264927,"date":"2025-07-20T18:24:42","date_gmt":"2025-07-20T16:24:42","guid":{"rendered":"https:\/\/www.quicosenza.it\/news\/?p=264927"},"modified":"2025-07-20T18:24:42","modified_gmt":"2025-07-20T16:24:42","slug":"sul-nuovo-indirizzo-scolastico-transizione-digitale-ed-ecologica-solo-fumo-negli-occhi-per-montalto","status":"publish","type":"post","link":"https:\/\/quicosenza.it\/news\/sul-nuovo-indirizzo-scolastico-transizione-digitale-ed-ecologica-solo-fumo-negli-occhi-per-montalto\/","title":{"rendered":"\u00abSul nuovo indirizzo scolastico \u201cTransizione Digitale ed Ecologica\u201d solo fumo negli occhi per Montalto\u00bb"},"content":{"rendered":"<p>MONTALTO UFFUGO (CS) &#8211; &#8220;Sento spesso parlare di continuit\u00e0 amministrativa, concetto chiave per portare risultati tangibili alle comunit\u00e0 ma che meglio verrebbe interpretato se andasse a braccetto con il garbo istituzionale, cosa che evidentemente chi ragiona \u201cborder line\u201d non pu\u00f2 avere per sua natura e neanche seguendo i corsi pi\u00f9 illuminati del pianeta. E cos\u00ec oggi, il sindaco ed il suo assessore all\u2019istruzione, pur di rendersi \u201cbelli\u201d agli occhi dei cittadini dimenticano, o forse non hanno mai avuto, l\u2019accortezza di tenere in considerazione che in Italia esistono diverse istituzioni che fra loro comunicano e lavorano per il bene comune&#8221;. Lo dichiara in una nota la<strong> consigliera comunale di Montalto Uffugo Pina Sturino.<\/strong><\/p>\n<p><strong>Mi riferiscono all\u2019annuncio spudorato, perch\u00e9 di fatto non ci sono fatti, dell\u2019accoglimento dell\u2019introduzione dell\u2019indirizzo scolastico \u201cTransizione Digitale ed Ecologica\u201d per l\u2019istituto \u2018Marconi &#8211; Guarasci\u2019,<\/strong> una narrazione trionfalistica, quasi come se a settembre si aprissero le porte delle aule. E\u2019 vero che a proporre di lavorare nella direzione dell\u2019ottenimento di questo indirizzo fu la sottoscritta gi\u00e0 nel 2022, quando anche da consigliere provinciale, lo proposi all\u2019amministrazione Caracciolo con l\u2019ausilio della dirigente dell\u2019IIS Marconi &#8211; Guarasci ma \u00e8 anche vero che purtroppo siamo lontanissimi dall\u2019obiettivo e quello che traspare \u00e8 il<strong> solito fumo negli occhi<\/strong> a cui ci ha abituati questo sindaco.<\/p>\n<p>In ogni caso, non avendo avuto riscontri nel 2022, la dirigente, giustamente e con lungimiranza, ha continuato nel solco di questa proposta sancendola di recente con una delibera del collegio dei docenti. <strong>Leggo che questa amministrazione comunale \u00e8 pronta a fornire dei locali presso l\u2019ex incubatore di Invitalia<\/strong>, proprio come ipotizzavo io nel 2022 .<strong> Ed \u00e8 per questo che l\u2019annuncio lo ritengo spudorato, <\/strong>perch\u00e9 prima di dire che il Comune \u00e8 disponibile fornendo anche una sede, <strong>l\u2019amministrazione doveva a mio giudizio verificare la fattibilit\u00e0 del progetto<\/strong> con tutti gli enti coinvolti, che sono diversi. Inoltre, c\u2019\u00e8 un altro fattore oggi, che non c\u2019era nel 2022, e che contrasta con questa ipotesi, \u00e8 il dimensionamento scolastico.<\/p>\n<p><strong>La Provincia di Cosenza,<\/strong> come evidenziavo anche in un consiglio comunale di allora, <strong>\u00e8 l\u2019unico Ente che pu\u00f2 dare parere favorevole in termini di edilizia scolastica<\/strong>, nella fattispecie in qualit\u00e0 di gestore delle scuole secondarie di secondo grado, per capirci delle vecchie scuole superiori. E\u2019 questo Ente che deve dare l\u2019assenso alla struttura indicata dal Comune ed \u00e8 sempre la Provincia di Cosenza che accoglie le proposte di nuovi indirizzi provenienti dalle delibere dei collegi docenti.<\/p>\n<p>Il dimensionamento scolastico \u00e8 stato gi\u00e0 deliberato da Provincia e Regione per gli anni scolastici dal 2024 al 2027, tuttavia, salvo nuove indicazioni ministeriali,<strong> l\u2019unica speranza che ci rimane come comunit\u00e0 montaltese, \u00e8 che l\u2019USR (Ufficio Scolastico Regionale) dia il parere favorevole<\/strong>. Sarebbe ovviamente un fatto positivo per Montalto Uffugo e non solo, cos\u00ec come auspicavo nel 2022, anche perch\u00e9 s<strong>arebbe il primo in Calabria.<\/strong><\/p>\n<p>Pertanto, anche alla luce di simili situazioni che si verificano con altri Enti sovracomunali, prima di tali uscite a mezzo stampa che sembrano per lo pi\u00f9 operazioni di marketing persuasivo nei confronti dei cittadini e verso gli altri enti coinvolti, sarebbe stato certamente pi\u00f9 consono ottenere il benestare della Provincia per quella struttura e dall\u2019USR per l\u2019attivazione dell\u2019indirizzo scolastico.<\/p>\n<p>Dunque, ecco il <strong>primo sgarbo istituzionale verso Provincia, Regione, USR e Scuola, nonch\u00e9 cittadini.<\/strong> Passiamo ai successivi sgarbi istituzionali, stavolta interni a Montalto Uffugo. Si tratta dello <strong>sgarbo verso la commissione \u201cCultura e Pubblica Istruzione\u201d<\/strong> di cui sono vicepresidente, in cui si percepisce che la Presidente, spesso risulta ignara delle decisioni prese in giunta o comunque dal sindaco e dall\u2019assessore. Nessun coinvolgimento che crea non poco imbarazzo, da cui mi auguro l\u2019assessore possa al pi\u00f9 presto sollevarci, in quanto il suo modo di fare delegittima di fatto il lavoro istituzionale della commissione.<\/p>\n<p>Ed \u00e8 per questo motivo che mi sento di consigliare al Primo cittadino di verificare il modus operandi dei propri assessori ed in particolare di quello alla Cultura, che farebbe bene ad andare oltre le risatine e le emoji perch\u00e9 ad esempio, vorremmo sapere cosa si far\u00e0 per il Festival Leoncavallo e soprattutto dove si far\u00e0. I cittadini credo che vorrebbero essere informati per tempo, per programmarsi ferie e vacanze ma non vorrebbero neanche perdersi gli spettacoli. Non credo che al 20 luglio non si sia ancora programmato nulla. E ancora, vorremmo sapere cosa avrebbe fatto l\u2019amministrazione comunale se non ci fossero state, e vivaddio meno male che ci sono, le associazioni culturali. Vorremmo sapere come intende ravvivare il centro storico visto il buio pesto in cui \u00e8 caduto. Notte fonda anche per gli esercenti, ma non per tutti, visto che a qualcuno \u00e8 concesso anche il disturbo della quiete pubblica, nonostante le normative in vigore che in primis, proprio il sindaco deve far rispettare. La speranza \u00e8 che il Primo cittadino sia conscio che non basta dire che tutto \u00e8 perfezionabile e migliorabile, perch\u00e9 tra il dire e il fare c\u2019\u00e8 di mezzo il mare ed al momento mi sembra solo un mare di prese in giro&#8221;.<\/p>\n","protected":false},"excerpt":{"rendered":"<p>MONTALTO UFFUGO (CS) &#8211; &#8220;Sento spesso parlare di continuit\u00e0 amministrativa, concetto chiave per portare risultati tangibili alle comunit\u00e0 ma che meglio verrebbe interpretato se andasse a braccetto con il garbo istituzionale, cosa che evidentemente chi ragiona \u201cborder line\u201d non pu\u00f2 avere per sua natura e neanche seguendo i corsi pi\u00f9 illuminati del pianeta. E cos\u00ec [&hellip;]<\/p>\n","protected":false},"author":58,"featured_media":264928,"comment_status":"closed","ping_status":"closed","sticky":false,"template":"","format":"standard","meta":{"_acf_changed":false,"footnotes":"","jetpack_publicize_message":"","jetpack_publicize_feature_enabled":true,"jetpack_social_post_already_shared":false,"jetpack_social_options":{"image_generator_settings":{"template":"highway","default_image_id":0,"font":"","enabled":false},"version":2}},"categories":[563,566],"tags":[19],"class_list":["post-264927","post","type-post","status-publish","format-standard","has-post-thumbnail","hentry","category-area-urbana","category-montalto","tag-copertina"],"acf":[],"jetpack_publicize_connections":[],"_links":{"self":[{"href":"https:\/\/quicosenza.it\/news\/wp-json\/wp\/v2\/posts\/264927","targetHints":{"allow":["GET"]}}],"collection":[{"href":"https:\/\/quicosenza.it\/news\/wp-json\/wp\/v2\/posts"}],"about":[{"href":"https:\/\/quicosenza.it\/news\/wp-json\/wp\/v2\/types\/post"}],"author":[{"embeddable":true,"href":"https:\/\/quicosenza.it\/news\/wp-json\/wp\/v2\/users\/58"}],"replies":[{"embeddable":true,"href":"https:\/\/quicosenza.it\/news\/wp-json\/wp\/v2\/comments?post=264927"}],"version-history":[{"count":0,"href":"https:\/\/quicosenza.it\/news\/wp-json\/wp\/v2\/posts\/264927\/revisions"}],"wp:featuredmedia":[{"embeddable":true,"href":"https:\/\/quicosenza.it\/news\/wp-json\/wp\/v2\/media\/264928"}],"wp:attachment":[{"href":"https:\/\/quicosenza.it\/news\/wp-json\/wp\/v2\/media?parent=264927"}],"wp:term":[{"taxonomy":"category","embeddable":true,"href":"https:\/\/quicosenza.it\/news\/wp-json\/wp\/v2\/categories?post=264927"},{"taxonomy":"post_tag","embeddable":true,"href":"https:\/\/quicosenza.it\/news\/wp-json\/wp\/v2\/tags?post=264927"}],"curies":[{"name":"wp","href":"https:\/\/api.w.org\/{rel}","templated":true}]}}