{"id":264995,"date":"2025-07-21T17:30:04","date_gmt":"2025-07-21T15:30:04","guid":{"rendered":"https:\/\/www.quicosenza.it\/news\/?p=264995"},"modified":"2025-07-21T16:34:58","modified_gmt":"2025-07-21T14:34:58","slug":"la-calabria-in-un-insolamento-ancora-piu-preoccupante-mazzuca-contro-occhiuto-e-la-sua-azione-sul-fronte-trasporti","status":"publish","type":"post","link":"https:\/\/quicosenza.it\/news\/la-calabria-in-un-insolamento-ancora-piu-preoccupante-mazzuca-contro-occhiuto-e-la-sua-azione-sul-fronte-trasporti\/","title":{"rendered":"\u00abLa Calabria in un insolamento ancora pi\u00f9 preoccupante\u00bb Mazzuca contro Occhiuto e la sua azione sul fronte trasporti"},"content":{"rendered":"<p>COSENZA &#8211; &#8220;Il Presidente Occhiuto, nel suo intervento al MIT in occasione della firma dell&#8217;accordo di programma per il ponte sullo stretto, ha dichiarato candidamente che <strong>in due anni e mezzo ha fatto per i trasporti quello che non si \u00e8 fatto per trent&#8217;anni.<\/strong> Ebbene questa volta siamo totalmente d&#8217;accordo con lui&#8221;. \u00c8 quanto ha affermato, con una nota di amara ironia, in una nota, il presidente del consiglio comunale di Cosenza, <strong>Giuseppe Mazzuca,<\/strong> che parla di un <strong>primato mai raggiunto<\/strong> nella nostra regione: &#8220;far <strong>precipitare la Calabria in un isolamento ancora pi\u00f9 preoccupante del trentennio precedente<\/strong>&#8220;. La critica nei confronti dell&#8217;operato del governatore e della sua Giunta sul fronte dei trasporti \u00e8 alquanto feroce ma anche chiara e diretta da parte di Mazzuca.<\/p>\n<h3>Trasporti, Mazzuca: &#8220;L&#8217;alta velocit\u00e0 si ferma a Praia a Mare&#8221;<\/h3>\n<p>&#8220;Occhiuto non ha il pudore, travolto dal suo ormai cronico delirio dell&#8217;annuncite, di tacere sul tema dell&#8217;alta velocit\u00e0 ferroviaria rispetto a cui dichiara fantomatici impegni del governo per finanziare l&#8217;opera. &#8211; ha aggiunto Giuseppe Mazzuca &#8211; La verit\u00e0, come ha svelato una recente inchiesta de &#8220;il Post&#8221;, per\u00f2 \u00e8 che <strong>l&#8217;unico progetto finora approvato \u00e8<\/strong> quello per il primo lotto, cio\u00e8 i 35 chilometri <strong>da Battipaglia a Romagnano al Monte,<\/strong> che si trova notoriamente in provincia di Salerno. Poi entro il 2032 dovrebbero essere realizzate altre due tratte, finanziate con 7,7 miliardi di euro del Piano nazionale di investimenti complementari (PNC), con il quale il governo Draghi decise di integrare i fondi del PNRR&#8221;.<\/p>\n<p>Per quanto riguarda il primo percorso, spiega ancora il presidente del consiglio comunale di Cosenza, &#8220;la linea dovrebbe fermarsi a Buonabitacolo, sempre nel salernitano, mentre la seconda tratta dovrebbe giungere <strong>fino a Praia a Mare,<\/strong> dove si congiunger\u00e0 alla linea ferroviaria esistente. <strong>Poi non \u00e8 previsto pi\u00f9 nulla<\/strong>: nella mappa allegata al regolamento europeo \u00absugli orientamenti dell&#8217;Unione per lo sviluppo della rete transeuropea dei trasporti\u00bb, approvato a giugno del 2024 dal Parlamento e dal Consiglio europeo, <strong>la linea ad alta velocit\u00e0 si ferma proprio a Praia a Mare.<\/strong> Anche nel Documento di finanza pubblica approvato dal Consiglio dei ministri ad aprile l&#8217;alta velocit\u00e0 \u00e8 indicata solo fino a Praia a Mare&#8221;.<\/p>\n<h3>Trasporto pubblico locale, Mazzuca: &#8220;Allo sbando&#8221;<\/h3>\n<p>&#8220;Tutti sanno &#8211; prosegue Mazzuca &#8211; che l&#8217;eliminazione della tratta Praia a Mare-Tarsia ha segnato la morte del progetto per ci\u00f2 che riguarda la Calabria, quello che resta \u00e8 <strong>un&#8217;opera senza senso che non risolve nessuna criticit\u00e0<\/strong> e la mera &#8220;velocizzazione&#8221; della linea ferroviaria tirrenica oggi esistente \u00e8 una<strong> presa per i fondelli a danno dei calabresi.<\/strong> La verit\u00e0 \u00e8 che il governo di centro destra, con la complicit\u00e0 di Occhiuto e della sua giunta, ha preferito <strong>dirottare le risorse in altri terrori scippando la Calabria&#8221;. <\/strong><\/p>\n<p>Ma il presidente del consiglio comunale della citt\u00e0 dei Bruzi non si ferma solo all&#8217;alta velocit\u00e0. Prende in rassegna anche il <strong>trasporto pubblico locale<\/strong> sul quale dice che \u00e8 melgio tacere perch\u00e8 &#8220;\u00e8 <strong>totalmente allo sbando<\/strong> e per cui n<strong>on si intravede alcun piano strategico della Regione<\/strong> che naviga a vista e quindi \u00e8 destinata ad affondare insieme alle speranze dei calabresi&#8221;.<\/p>\n<h3>Tutto puntato sul Ponte sullo Stretto<\/h3>\n<p>La situazione non cambia sul fronte degli interventi infrastrutturali, secondo Mazzuca, quelli che sono &#8220;riguardanti i collegamenti interni che sono stati &#8220;more solito&#8221; annunciati ma di cui n<strong>on c&#8217;\u00e8 traccia visibile.<\/strong> Alle nostre latitudini sembra che tutto passi dalla costruzione del fantomatico<strong> Ponte sullo Stretto,<\/strong> a detta di Occhiuto gi\u00e0 un attrattore d&#8217;investimenti che sono per\u00f2 sconosciuti ai pi\u00f9; ben noti sono invece gli interessi della criminalit\u00e0 organizzata rispetto ad un&#8217;opera che non rappresenta certo una priorit\u00e0 nel disastroso sistema infrastrutturale della Calabria&#8221;.<\/p>\n<p>&#8220;Il diritto alla mobilit\u00e0 negato riguarda tutti i calabresi ma soprattutto le fasce pi\u00f9 povere e pi\u00f9 deboli della popolazione che, come sul tema della salute, sono ignorate e colpite dall&#8217;azione nefasta della giunta Occhiuto. &#8211; conclude Mazzuca &#8211; Per fortuna siamo arrivati alla fine di questa disastrosa esperienza di governo e il Partito Democratico si far\u00e0 trovare pronto, insieme agli alleati, per guidare la Calabria su strade pi\u00f9 sicure verso un orizzonte di giustizia sociale&#8221;.<\/p>\n","protected":false},"excerpt":{"rendered":"<p>COSENZA &#8211; &#8220;Il Presidente Occhiuto, nel suo intervento al MIT in occasione della firma dell&#8217;accordo di programma per il ponte sullo stretto, ha dichiarato candidamente che in due anni e mezzo ha fatto per i trasporti quello che non si \u00e8 fatto per trent&#8217;anni. Ebbene questa volta siamo totalmente d&#8217;accordo con lui&#8221;. \u00c8 quanto ha [&hellip;]<\/p>\n","protected":false},"author":90,"featured_media":264250,"comment_status":"closed","ping_status":"closed","sticky":false,"template":"","format":"standard","meta":{"_acf_changed":false,"footnotes":"","jetpack_publicize_message":"","jetpack_publicize_feature_enabled":true,"jetpack_social_post_already_shared":false,"jetpack_social_options":{"image_generator_settings":{"template":"highway","default_image_id":0,"font":"","enabled":false},"version":2}},"categories":[563,42],"tags":[19],"class_list":["post-264995","post","type-post","status-publish","format-standard","has-post-thumbnail","hentry","category-area-urbana","category-cosenza","tag-copertina"],"acf":[],"jetpack_publicize_connections":[],"_links":{"self":[{"href":"https:\/\/quicosenza.it\/news\/wp-json\/wp\/v2\/posts\/264995","targetHints":{"allow":["GET"]}}],"collection":[{"href":"https:\/\/quicosenza.it\/news\/wp-json\/wp\/v2\/posts"}],"about":[{"href":"https:\/\/quicosenza.it\/news\/wp-json\/wp\/v2\/types\/post"}],"author":[{"embeddable":true,"href":"https:\/\/quicosenza.it\/news\/wp-json\/wp\/v2\/users\/90"}],"replies":[{"embeddable":true,"href":"https:\/\/quicosenza.it\/news\/wp-json\/wp\/v2\/comments?post=264995"}],"version-history":[{"count":0,"href":"https:\/\/quicosenza.it\/news\/wp-json\/wp\/v2\/posts\/264995\/revisions"}],"wp:featuredmedia":[{"embeddable":true,"href":"https:\/\/quicosenza.it\/news\/wp-json\/wp\/v2\/media\/264250"}],"wp:attachment":[{"href":"https:\/\/quicosenza.it\/news\/wp-json\/wp\/v2\/media?parent=264995"}],"wp:term":[{"taxonomy":"category","embeddable":true,"href":"https:\/\/quicosenza.it\/news\/wp-json\/wp\/v2\/categories?post=264995"},{"taxonomy":"post_tag","embeddable":true,"href":"https:\/\/quicosenza.it\/news\/wp-json\/wp\/v2\/tags?post=264995"}],"curies":[{"name":"wp","href":"https:\/\/api.w.org\/{rel}","templated":true}]}}