{"id":265135,"date":"2025-07-22T12:55:24","date_gmt":"2025-07-22T10:55:24","guid":{"rendered":"https:\/\/www.quicosenza.it\/news\/?p=265135"},"modified":"2025-07-22T13:07:01","modified_gmt":"2025-07-22T11:07:01","slug":"albero-caduto-nei-pressi-dei-13-canali-alimena-costone-va-messo-in-sicurezza-ma-mancano-i-fondi","status":"publish","type":"post","link":"https:\/\/quicosenza.it\/news\/albero-caduto-nei-pressi-dei-13-canali-alimena-costone-va-messo-in-sicurezza-ma-mancano-i-fondi\/","title":{"rendered":"Albero caduto nei pressi dei 13 Canali, Alimena: \u00abcostone va messo in sicurezza, ma mancano i fondi\u00bb"},"content":{"rendered":"<p>COSENZA &#8211; Un nuovo episodio legato al dissesto idrogeologico ha colpito ieri sera via Petrarca, poco dopo la Fontana dei 13 Canali. Intorno alle 23:00, un <a href=\"https:\/\/quicosenza.it\/news\/area-urbana\/cosenza-albero-crolla-nel-centro-storico-strada-bloccata-ma-nessun-ferito\">albero \u00e8 improvvisamente caduto<\/a> dal costone che costeggia la strada, interrompendo la circolazione e provocando danni ai cavi dell\u2019elettricit\u00e0.\u00a0Il cedimento ha causato lo <strong>spegnimento di alcune lampade dell\u2019illuminazione pubblica<\/strong> e l\u2019interruzione del funzionamento dei <strong>semafori<\/strong>, aumentando il rischio per automobilisti e residenti. Fortunatamente, non si sono registrati danni a persone.<\/p>\n<p>I primi interventi sono stati tempestivi. <strong>Grazie alla sinergia tra la Polizia Municipale, la Polizia Provinciale, i Vigili del Fuoco<\/strong>, e i <strong>settori comunali di Protezione Civile e Manutenzione<\/strong>, la situazione \u00e8 stata <strong>riportata alla normalit\u00e0 nelle ore successive<\/strong>. Intorno alle 2:00 della notte, la viabilit\u00e0 \u00e8 stata ripristinata cos\u00ec come l\u2019illuminazione e i semafori.<\/p>\n<p><img loading=\"lazy\" decoding=\"async\" class=\" wp-image-265137 aligncenter\" src=\"https:\/\/quicosenza.it\/news\/wp-content\/uploads\/2025\/07\/albero-caduto-via-petrarca-13-canali-01.jpg\" alt=\"\" width=\"565\" height=\"350\" title=\"\" srcset=\"https:\/\/quicosenza.it\/news\/wp-content\/uploads\/2025\/07\/albero-caduto-via-petrarca-13-canali-01.jpg 970w, https:\/\/quicosenza.it\/news\/wp-content\/uploads\/2025\/07\/albero-caduto-via-petrarca-13-canali-01-300x186.jpg 300w, https:\/\/quicosenza.it\/news\/wp-content\/uploads\/2025\/07\/albero-caduto-via-petrarca-13-canali-01-768x475.jpg 768w, https:\/\/quicosenza.it\/news\/wp-content\/uploads\/2025\/07\/albero-caduto-via-petrarca-13-canali-01-679x420.jpg 679w, https:\/\/quicosenza.it\/news\/wp-content\/uploads\/2025\/07\/albero-caduto-via-petrarca-13-canali-01-150x93.jpg 150w, https:\/\/quicosenza.it\/news\/wp-content\/uploads\/2025\/07\/albero-caduto-via-petrarca-13-canali-01-696x431.jpg 696w, https:\/\/quicosenza.it\/news\/wp-content\/uploads\/2025\/07\/albero-caduto-via-petrarca-13-canali-01-356x220.jpg 356w\" sizes=\"auto, (max-width: 565px) 100vw, 565px\" \/><\/p>\n<p>Il consigliere delegato al centro storico, <strong>Francesco Alimena<\/strong> ha espresso un sentito ringraziamento a nome del Comune alle squadre intervenute, con una menzione particolare per l\u2019architetto <strong>Alessandro Sangregorio<\/strong>, <strong>l\u2019assessore Francesco De Cicco<\/strong>, il consigliere <strong>Massimiliano D\u2019Antonio<\/strong> e tutti coloro che, con professionalit\u00e0 e dedizione, hanno gestito l\u2019emergenza. Ma l\u2019episodio <strong>riaccende i riflettori su una questione tutt\u2019altro che nuova<\/strong>.<\/p>\n<p>Il <strong>costone da cui \u00e8 caduto l\u2019albero \u00e8 da tempo monitorato e parzialmente interdetto<\/strong>, con la carreggiata ristretta e protetta da barriere New Jersey. \u00abAbbiamo pi\u00f9 volte richiesto all\u2019Ufficio per il <strong>Dissesto Idrogeologico della Regione Calabria<\/strong> un finanziamento per la messa in sicurezza, ma ancora nessuna risposta\u00bb.<\/p>\n<p><img loading=\"lazy\" decoding=\"async\" class=\" wp-image-265138 aligncenter\" src=\"https:\/\/quicosenza.it\/news\/wp-content\/uploads\/2025\/07\/albero-caduto-via-petrarca-13-canali-03.jpg\" alt=\"\" width=\"588\" height=\"364\" title=\"\" srcset=\"https:\/\/quicosenza.it\/news\/wp-content\/uploads\/2025\/07\/albero-caduto-via-petrarca-13-canali-03.jpg 970w, https:\/\/quicosenza.it\/news\/wp-content\/uploads\/2025\/07\/albero-caduto-via-petrarca-13-canali-03-300x186.jpg 300w, https:\/\/quicosenza.it\/news\/wp-content\/uploads\/2025\/07\/albero-caduto-via-petrarca-13-canali-03-768x475.jpg 768w, https:\/\/quicosenza.it\/news\/wp-content\/uploads\/2025\/07\/albero-caduto-via-petrarca-13-canali-03-679x420.jpg 679w, https:\/\/quicosenza.it\/news\/wp-content\/uploads\/2025\/07\/albero-caduto-via-petrarca-13-canali-03-150x93.jpg 150w, https:\/\/quicosenza.it\/news\/wp-content\/uploads\/2025\/07\/albero-caduto-via-petrarca-13-canali-03-696x431.jpg 696w, https:\/\/quicosenza.it\/news\/wp-content\/uploads\/2025\/07\/albero-caduto-via-petrarca-13-canali-03-356x220.jpg 356w\" sizes=\"auto, (max-width: 588px) 100vw, 588px\" \/><\/p>\n<p>Di fronte a critiche che spesso appaiono fuori contesto, si ricorda che sono gi\u00e0 state <strong>sistemate ben dieci frane storiche nel centro storico<\/strong>, e che non \u00e8 la mancanza di volont\u00e0 a frenare gli interventi, bens\u00ec l\u2019assenza di risorse. Anche un albero apparentemente sano pu\u00f2 cadere per fattori imprevedibili, con conseguenze potenzialmente gravi.<\/p>\n<p>In momenti come questi, oltre alla giusta richiesta di interventi strutturali, ci si aspetterebbe anche un riconoscimento per chi \u2013 spesso nell\u2019ombra \u2013 opera con spirito di servizio, anche a notte fonda, per garantire la sicurezza di tutti.<\/p>\n<p><img loading=\"lazy\" decoding=\"async\" class=\" wp-image-265136 aligncenter\" src=\"https:\/\/quicosenza.it\/news\/wp-content\/uploads\/2025\/07\/strada-riaperta-dopo-cedimento-albero-13-canali.jpg\" alt=\"strada riaperta dopo cedimento albero 13 canali\" width=\"528\" height=\"329\" title=\"\" srcset=\"https:\/\/quicosenza.it\/news\/wp-content\/uploads\/2025\/07\/strada-riaperta-dopo-cedimento-albero-13-canali.jpg 970w, https:\/\/quicosenza.it\/news\/wp-content\/uploads\/2025\/07\/strada-riaperta-dopo-cedimento-albero-13-canali-300x187.jpg 300w, https:\/\/quicosenza.it\/news\/wp-content\/uploads\/2025\/07\/strada-riaperta-dopo-cedimento-albero-13-canali-768x479.jpg 768w, https:\/\/quicosenza.it\/news\/wp-content\/uploads\/2025\/07\/strada-riaperta-dopo-cedimento-albero-13-canali-673x420.jpg 673w, https:\/\/quicosenza.it\/news\/wp-content\/uploads\/2025\/07\/strada-riaperta-dopo-cedimento-albero-13-canali-150x94.jpg 150w, https:\/\/quicosenza.it\/news\/wp-content\/uploads\/2025\/07\/strada-riaperta-dopo-cedimento-albero-13-canali-696x434.jpg 696w\" sizes=\"auto, (max-width: 528px) 100vw, 528px\" \/><\/p>\n<p>&nbsp;<\/p>\n","protected":false},"excerpt":{"rendered":"<p>COSENZA &#8211; Un nuovo episodio legato al dissesto idrogeologico ha colpito ieri sera via Petrarca, poco dopo la Fontana dei 13 Canali. Intorno alle 23:00, un albero \u00e8 improvvisamente caduto dal costone che costeggia la strada, interrompendo la circolazione e provocando danni ai cavi dell\u2019elettricit\u00e0.\u00a0Il cedimento ha causato lo spegnimento di alcune lampade dell\u2019illuminazione pubblica [&hellip;]<\/p>\n","protected":false},"author":42,"featured_media":265139,"comment_status":"closed","ping_status":"closed","sticky":false,"template":"","format":"standard","meta":{"_acf_changed":false,"footnotes":"","jetpack_publicize_message":"","jetpack_publicize_feature_enabled":true,"jetpack_social_post_already_shared":false,"jetpack_social_options":{"image_generator_settings":{"template":"highway","default_image_id":0,"font":"","enabled":false},"version":2}},"categories":[563,42],"tags":[19],"class_list":["post-265135","post","type-post","status-publish","format-standard","has-post-thumbnail","hentry","category-area-urbana","category-cosenza","tag-copertina"],"acf":[],"jetpack_publicize_connections":[],"_links":{"self":[{"href":"https:\/\/quicosenza.it\/news\/wp-json\/wp\/v2\/posts\/265135","targetHints":{"allow":["GET"]}}],"collection":[{"href":"https:\/\/quicosenza.it\/news\/wp-json\/wp\/v2\/posts"}],"about":[{"href":"https:\/\/quicosenza.it\/news\/wp-json\/wp\/v2\/types\/post"}],"author":[{"embeddable":true,"href":"https:\/\/quicosenza.it\/news\/wp-json\/wp\/v2\/users\/42"}],"replies":[{"embeddable":true,"href":"https:\/\/quicosenza.it\/news\/wp-json\/wp\/v2\/comments?post=265135"}],"version-history":[{"count":0,"href":"https:\/\/quicosenza.it\/news\/wp-json\/wp\/v2\/posts\/265135\/revisions"}],"wp:featuredmedia":[{"embeddable":true,"href":"https:\/\/quicosenza.it\/news\/wp-json\/wp\/v2\/media\/265139"}],"wp:attachment":[{"href":"https:\/\/quicosenza.it\/news\/wp-json\/wp\/v2\/media?parent=265135"}],"wp:term":[{"taxonomy":"category","embeddable":true,"href":"https:\/\/quicosenza.it\/news\/wp-json\/wp\/v2\/categories?post=265135"},{"taxonomy":"post_tag","embeddable":true,"href":"https:\/\/quicosenza.it\/news\/wp-json\/wp\/v2\/tags?post=265135"}],"curies":[{"name":"wp","href":"https:\/\/api.w.org\/{rel}","templated":true}]}}