{"id":265170,"date":"2025-07-22T18:02:07","date_gmt":"2025-07-22T16:02:07","guid":{"rendered":"https:\/\/www.quicosenza.it\/news\/?p=265170"},"modified":"2025-07-22T18:02:07","modified_gmt":"2025-07-22T16:02:07","slug":"laurea-honoris-causa-a-brunori-sas-lunical-premia-la-sua-arte-tra-radici-calabresi-e-linguaggi-contemporanei","status":"publish","type":"post","link":"https:\/\/quicosenza.it\/news\/laurea-honoris-causa-a-brunori-sas-lunical-premia-la-sua-arte-tra-radici-calabresi-e-linguaggi-contemporanei\/","title":{"rendered":"Laurea honoris causa a Brunori Sas: l\u2019Unical premia la sua arte tra radici calabresi e linguaggi contemporanei"},"content":{"rendered":"<p>RENDE (CS) &#8211; Il legame tra un\u2019universit\u00e0 e il suo territorio passa anche attraverso figure capaci di restituirne complessit\u00e0, voce e immaginario. \u00c8 in questo orizzonte che l\u2019<strong>Universit\u00e0 della Calabria ha scelto di conferire la laurea magistrale honoris causa in Scritture, immagini, media digitali a Dario Brunori,<\/strong> in arte Brunori Sas, la cui produzione artistica intreccia racconto personale e visione collettiva. La proposta \u00e8 stata avanzata dal Dipartimento di Scienze politiche e sociali (Dispes), diretto da Ercole Giap Parini, su iniziativa del Consiglio del corso di laurea coordinato da Olimpia Affuso. Dopo l\u2019approvazione del Senato accademico, presieduto dal rettore Nicola Leone, il procedimento prosegue ora con la valutazione ministeriale, ultima tappa prima della cerimonia ufficiale, prevista per il 2026.<\/p>\n<p>Nel frattempo, Brunori ha accolto l\u2019invito dell\u2019universit\u00e0 di dare il benvenuto agli studenti per il nuovo anno accademico, il 22 settembre con una serata evento tra parole e musica nel campus. La relazione con l\u2019Unical e la Calabria \u00e8 parte integrante del suo lavoro: \u00e8 qui che si trova il suo studio prove, fonte di molti progetti recenti, tra cui il tour post\u2011Sanremo. <strong>In diverse interviste Brunori ha espresso il suo legame profondo con l\u2019ateneo e il territorio calabrese<\/strong>, scelto come centro affettivo e creativo da cui osservare e raccontare il mondo.<\/p>\n<h3><strong>Leone: &#8220;Brunori motivo di orgoglio per la Calabria&#8221;<\/strong><\/h3>\n<p>\u00abCon questo riconoscimento, l\u2019Universit\u00e0 della Calabria intende valorizzare un\u2019eccellenza espressiva del nostro territorio \u2013 ha dichiarato il <strong>Rettore<\/strong> \u2013 <strong>capace di coniugare radici calabresi e linguaggi contemporanei.<\/strong> La presenza di Brunori all\u2019Unical rappresenta non solo un motivo di orgoglio, ma anche un\u2019opportunit\u00e0 concreta per i nostri studenti. La convenzione che regola l\u2019utilizzo degli spazi per le sue attivit\u00e0 artistiche prevede l\u2019organizzazione di recital, incontri e seminari, anche con protagonisti del panorama musicale e produttivo nazionale. Un arricchimento formativo importante, in particolare per i corsi legati alla comunicazione e allo spettacolo\u00bb.<\/p>\n<p>Il riconoscimento arriva in un momento di particolare splendore per l\u2019artista calabrese: <strong>reduce dal podio del 75\u00b0 Festival di Sanremo con il brano <a href=\"https:\/\/quicosenza.it\/news\/provincia\/lalbero-delle-noci-il-videoclip-di-brunori-con-la-figlia-girato-allarcadinoe-di-carolei-video\" target=\"_blank\" rel=\"noopener\">\u201cL\u2019albero delle noci\u201d<\/a><\/strong>, gi\u00e0 disco d\u2019oro e vincitore del premio \u201cSergio Bardotti\u201d per il miglior testo, Brunori ha inaugurato un tour di grande successo partito dal Circo Massimo di Roma fino alle principali italiane, che proseguir\u00e0 con sette date in Europa a dicembre. Una conferma della sua capacit\u00e0 di dialogare con un pubblico ampio, attraversando generazioni e generi.<\/p>\n<p>Brunori ricever\u00e0 il riconoscimento grazie al suo percorso artistico solido, in cui la scrittura assume forme diverse (musica, teatro, televisione), sempre coerenti e con un\u2019intensa capacit\u00e0 di interpretare il presente. Dagli inizi discografici con Vol. 1 (2009, Premio Ciampi), al racconto teatrale Brunori Srl, e ai programmi televisivi (come Brunori Sa su Rai 3), fino alla canzone \u201cL\u2019uomo nero\u201d, che nel 2018 vince il Premio Amnesty International Italia come miglior brano per i diritti umani. Le colonne sonore realizzate per il film \u201cOdio\u00a0l\u2019estate\u201d di Aldo, Giovanni e Giacomo sono state premiate nel 2020 con il Nastro d\u2019argento e il Ciak d\u2019oro.<\/p>\n<p><strong>Il corso di laurea magistrale in\u00a0<a href=\"https:\/\/www.unical.it\/storage\/cds\/45557\/\" rel=\"noopener\">Scritture, immagini, media digitali<\/a>, appena attivato nell\u2019anno accademico 2025\/2026 e gi\u00e0 con un buon numero di domande di iscrizione,<\/strong> si rivolge proprio a chi vuole esplorare la comunicazione contemporanea con un approccio transdisciplinare, critico e creativo. Si studiano i linguaggi audiovisivi e mediali nell\u2019epoca dell\u2019intelligenza artificiale, le forme di narrazione digitale, il ruolo della scrittura nei diversi contesti sociali e culturali, senza trascurare gli aspetti etici e filosofici della comunicazione.<\/p>\n<p>Dario Brunori ne incarna lo spirito in modo autentico, essendo riuscito a trasformare la provincia in visione, la quotidianit\u00e0 in racconto universale, sempre con uno sguardo gentile ed ironico.<\/p>\n","protected":false},"excerpt":{"rendered":"<p>RENDE (CS) &#8211; Il legame tra un\u2019universit\u00e0 e il suo territorio passa anche attraverso figure capaci di restituirne complessit\u00e0, voce e immaginario. \u00c8 in questo orizzonte che l\u2019Universit\u00e0 della Calabria ha scelto di conferire la laurea magistrale honoris causa in Scritture, immagini, media digitali a Dario Brunori, in arte Brunori Sas, la cui produzione artistica [&hellip;]<\/p>\n","protected":false},"author":58,"featured_media":265171,"comment_status":"closed","ping_status":"closed","sticky":false,"template":"","format":"standard","meta":{"_acf_changed":false,"footnotes":"","jetpack_publicize_message":"","jetpack_publicize_feature_enabled":true,"jetpack_social_post_already_shared":false,"jetpack_social_options":{"image_generator_settings":{"template":"highway","default_image_id":0,"font":"","enabled":false},"version":2}},"categories":[7],"tags":[19],"class_list":["post-265170","post","type-post","status-publish","format-standard","has-post-thumbnail","hentry","category-universita","tag-copertina"],"acf":[],"jetpack_publicize_connections":[],"_links":{"self":[{"href":"https:\/\/quicosenza.it\/news\/wp-json\/wp\/v2\/posts\/265170","targetHints":{"allow":["GET"]}}],"collection":[{"href":"https:\/\/quicosenza.it\/news\/wp-json\/wp\/v2\/posts"}],"about":[{"href":"https:\/\/quicosenza.it\/news\/wp-json\/wp\/v2\/types\/post"}],"author":[{"embeddable":true,"href":"https:\/\/quicosenza.it\/news\/wp-json\/wp\/v2\/users\/58"}],"replies":[{"embeddable":true,"href":"https:\/\/quicosenza.it\/news\/wp-json\/wp\/v2\/comments?post=265170"}],"version-history":[{"count":0,"href":"https:\/\/quicosenza.it\/news\/wp-json\/wp\/v2\/posts\/265170\/revisions"}],"wp:featuredmedia":[{"embeddable":true,"href":"https:\/\/quicosenza.it\/news\/wp-json\/wp\/v2\/media\/265171"}],"wp:attachment":[{"href":"https:\/\/quicosenza.it\/news\/wp-json\/wp\/v2\/media?parent=265170"}],"wp:term":[{"taxonomy":"category","embeddable":true,"href":"https:\/\/quicosenza.it\/news\/wp-json\/wp\/v2\/categories?post=265170"},{"taxonomy":"post_tag","embeddable":true,"href":"https:\/\/quicosenza.it\/news\/wp-json\/wp\/v2\/tags?post=265170"}],"curies":[{"name":"wp","href":"https:\/\/api.w.org\/{rel}","templated":true}]}}