{"id":265193,"date":"2025-07-23T10:30:34","date_gmt":"2025-07-23T08:30:34","guid":{"rendered":"https:\/\/www.quicosenza.it\/news\/?p=265193"},"modified":"2025-07-23T09:24:29","modified_gmt":"2025-07-23T07:24:29","slug":"amantea-quella-gag-satirica-definita-inopportuna-suriano-difende-catalimiti-non-e-comicita-e-mortificazione","status":"publish","type":"post","link":"https:\/\/quicosenza.it\/news\/amantea-quella-gag-satirica-definita-inopportuna-suriano-difende-catalimiti-non-e-comicita-e-mortificazione\/","title":{"rendered":"Amantea: quella gag satirica definita &#8220;inopportuna&#8221;. Suriano difende Catalimiti: \u00abnon \u00e8 comicit\u00e0, \u00e8 mortificazione\u00bb"},"content":{"rendered":"<p>AMANTEA (CS) &#8211; Scoppia la polemica ad Amantea dopo lo spettacolo tenutosi la sera del 21 luglio in piazza Commercio. Durante una <strong>gag comica<\/strong>, \u00e8 stata<strong> citata in tono ironico la zona<\/strong> <strong>collinare di Catalimiti<\/strong>, a sud della citt\u00e0. Un riferimento che ha urtato la sensibilit\u00e0 di alcune famiglie residenti, tanto da <strong>spingere l\u2019ex assessore Gianfranco Suriano<\/strong> a prendere posizione. \u201cPremetto che la satira \u00e8 un diritto irrinunciabile, ma va esercitata con responsabilit\u00e0\u201d ha scritto Suriano. \u201c<strong>Deve colpire i potenti, non i cittadini o comunit\u00e0 ben definite<\/strong>. In quel caso non \u00e8 pi\u00f9 satira: \u00e8 denigrazione\u201d.<\/p>\n<p>L\u2019ex assessore ha raccontato di aver parlato con <strong>alcune famiglie di Catalimiti<\/strong> che si sono <strong>sentite offese<\/strong> da quanto accaduto. \u201cSono persone che conosco bene: serie, oneste, abituate al lavoro duro. Hanno costruito il futuro dei loro figli con dignit\u00e0 e sacrificio\u201d. Suriano ha poi rivolto un <strong>appello al buon senso<\/strong>: \u201cMi auguro che <strong>chi ha offeso<\/strong>, anche involontariamente, <strong>abbia il coraggio di scusarsi pubblicamente. <\/strong>Amantea si sta imbruttendo. Il rispetto ha lasciato il posto alla cafonaggine, spesso alimentata dai social. Ma da tante persone perbene si pu\u00f2 ripartire. Serve coraggio e dignit\u00e0 per risalire, socialmente e culturalmente&#8221;.<\/p>\n","protected":false},"excerpt":{"rendered":"<p>AMANTEA (CS) &#8211; Scoppia la polemica ad Amantea dopo lo spettacolo tenutosi la sera del 21 luglio in piazza Commercio. Durante una gag comica, \u00e8 stata citata in tono ironico la zona collinare di Catalimiti, a sud della citt\u00e0. Un riferimento che ha urtato la sensibilit\u00e0 di alcune famiglie residenti, tanto da spingere l\u2019ex assessore [&hellip;]<\/p>\n","protected":false},"author":42,"featured_media":265195,"comment_status":"closed","ping_status":"closed","sticky":false,"template":"","format":"standard","meta":{"_acf_changed":false,"footnotes":"","jetpack_publicize_message":"","jetpack_publicize_feature_enabled":true,"jetpack_social_post_already_shared":false,"jetpack_social_options":{"image_generator_settings":{"template":"highway","default_image_id":0,"font":"","enabled":false},"version":2}},"categories":[576],"tags":[19],"class_list":["post-265193","post","type-post","status-publish","format-standard","has-post-thumbnail","hentry","category-tirreno","tag-copertina"],"acf":[],"jetpack_publicize_connections":[],"_links":{"self":[{"href":"https:\/\/quicosenza.it\/news\/wp-json\/wp\/v2\/posts\/265193","targetHints":{"allow":["GET"]}}],"collection":[{"href":"https:\/\/quicosenza.it\/news\/wp-json\/wp\/v2\/posts"}],"about":[{"href":"https:\/\/quicosenza.it\/news\/wp-json\/wp\/v2\/types\/post"}],"author":[{"embeddable":true,"href":"https:\/\/quicosenza.it\/news\/wp-json\/wp\/v2\/users\/42"}],"replies":[{"embeddable":true,"href":"https:\/\/quicosenza.it\/news\/wp-json\/wp\/v2\/comments?post=265193"}],"version-history":[{"count":0,"href":"https:\/\/quicosenza.it\/news\/wp-json\/wp\/v2\/posts\/265193\/revisions"}],"wp:featuredmedia":[{"embeddable":true,"href":"https:\/\/quicosenza.it\/news\/wp-json\/wp\/v2\/media\/265195"}],"wp:attachment":[{"href":"https:\/\/quicosenza.it\/news\/wp-json\/wp\/v2\/media?parent=265193"}],"wp:term":[{"taxonomy":"category","embeddable":true,"href":"https:\/\/quicosenza.it\/news\/wp-json\/wp\/v2\/categories?post=265193"},{"taxonomy":"post_tag","embeddable":true,"href":"https:\/\/quicosenza.it\/news\/wp-json\/wp\/v2\/tags?post=265193"}],"curies":[{"name":"wp","href":"https:\/\/api.w.org\/{rel}","templated":true}]}}