{"id":265289,"date":"2025-07-24T12:30:28","date_gmt":"2025-07-24T10:30:28","guid":{"rendered":"https:\/\/www.quicosenza.it\/news\/?p=265289"},"modified":"2025-07-24T18:35:46","modified_gmt":"2025-07-24T16:35:46","slug":"conflitto-a-gaza-i-sindaci-di-cosenza-ribadiscono-la-propria-posizione-contrarieta-verso-lo-sterminio-dei-palestinesi","status":"publish","type":"post","link":"https:\/\/quicosenza.it\/news\/conflitto-a-gaza-i-sindaci-di-cosenza-ribadiscono-la-propria-posizione-contrarieta-verso-lo-sterminio-dei-palestinesi\/","title":{"rendered":"Conflitto a Gaza, i sindaci di Cosenza ribadiscono la propria posizione: \u00abContrariet\u00e0 verso lo sterminio dei palestinesi\u00bb"},"content":{"rendered":"<p>COSENZA &#8211; &#8220;E&#8217; chiaro ed inequivocabile quanto chiesto al Consiglio Regionale della Calabria e non pu\u00f2 essere oggetto di interpretazione da parte di chicchessia. Soprattutto non pu\u00f2 essere visto <strong>come un atto contro gli israeliani.<\/strong> Siamo, infatti, a <strong>tutela dei diritti umani di tutti<\/strong> e, quindi, anche della <strong>societ\u00e0 civile israeliana,<\/strong> un popolo i cui membri immigrati nei nostri territori vengono accolti ed integrati nelle nostre citt\u00e0, per com&#8217;\u00e8 giusto e doveroso che sia&#8221;. \u00c8 quanto precisano in una nota <strong>alcuni sindaci calabresi<\/strong> in riferimento alle opinioni espresse da alcune associazioni ebraiche e culturali sulla presa di posizione dei primi cittadini di <a href=\"https:\/\/quicosenza.it\/news\/area-urbana\/caruso-e-altri-103-sindaci-dicono-no-al-genocidio-a-gaza-la-calabria-sospenda-i-rapporti-con-israele\" target=\"_blank\" rel=\"noopener\"><strong>sospendere i rapporti con Gaza<\/strong><\/a>.<\/p>\n<p>Si era parlato di <strong><em>\u201cprofonda preoccupazione e sbigottimento\u201d <\/em><\/strong>per\u00a0presa di posizione su Israele e Palestina, ma i primi cittadini ci tengono a precisare che l&#8217;azione\u00a0portata avanti dal governo Netanyahu &#8220;appare <strong>volta allo sterminio del popolo palestinese,<\/strong> in <strong>violazione del diritto internazionale umanitario e delle risoluzioni ONU<\/strong>. E&#8217; verso quest&#8217;azione del governo Netanyahu, dunque, e non contro gli israeliani, che abbiamo <strong>espresso contrariet\u00e0 e condanna che ribadiamo,<\/strong> oggi, con la stessa forza, fermezza e determinazione&#8221;.<\/p>\n<h3>I sindaci chiedono il cessate il fuoco immediato<\/h3>\n<p>&#8220;Riteniamo &#8211; aggiungono i sindaci &#8211; <strong>sconsiderato il conflitto<\/strong> che si sta combattendo, in tutta la sua efferatezza, nella striscia di Gaza, rispetto al quale deve essere <strong>promosso un cessate il fuoco umanitario immediato e permanente.<\/strong> Sostenere la soluzione &#8220;Due Popoli \u2013 Due Stati&#8221;, promuovendo un processo di pace basato sulle risoluzioni ONU \u00e8 la strada che riteniamo si debba seguire. Ogni altra ricostruzione data al nostro documento &#8211; concludono &#8211; \u00e8 del tutto fantasiosa, non ci appartiene e, quindi, mistifica la nostra volont\u00e0 per come espressa ed esposta&#8221;.<\/p>\n<p>Inizialmente i <strong>firmatari erano 104<\/strong> e vedevano come capofila il primo cittadino di Cosenza <strong>Franz Caruso.<\/strong> Ad oggi il numero \u00e8 sensibilmente diminuito. A firmare la nota sono, infatti, oltre a Caruso, <strong>Ugo Vetere<\/strong> di Santa Maria del Cedro, <strong>Mimmo Lo Polito<\/strong> di Castrovillari, <strong>Giuseppe Aieta<\/strong> di Cetraro, <strong>Angelo Catapano<\/strong> di Frascineto,<strong> Simona Colotta<\/strong> di Oriolo, <strong>Giuseppe Ran\u00f9<\/strong> di Rocca Imperiale, <strong>Lucia Papaianni<\/strong> di Paterno, <strong>Pino Capalbo<\/strong> di Acri, <strong>Francesca Pisani<\/strong> di Casali del Manco, <strong>Gaetano Sorcale<\/strong> di Dipignano, <strong>Roberto Perrotta<\/strong> di Paola, <strong>Maria Teresa Aiello<\/strong> di Crosia, <strong>Vincenzo De Marco<\/strong> di San Sosti, <strong>Francesco Mundo<\/strong> di Trebisacce, <strong>Gianfranco Segreti Bruno<\/strong> di Domanico, <strong>Francesca Rosa D&#8217;Ambra<\/strong> di Malvito, <strong>Renzo Russo<\/strong> di Saracena, <strong>Giuseppe Bosco<\/strong> di Firmo, <strong>Achille Ordine<\/strong> di Diamante, <strong>Annalisa Milione<\/strong> di Acquaformosa e <strong>Edoardo Antonello Giudiceandrea<\/strong> di Calopezzati.<\/p>\n","protected":false},"excerpt":{"rendered":"<p>COSENZA &#8211; &#8220;E&#8217; chiaro ed inequivocabile quanto chiesto al Consiglio Regionale della Calabria e non pu\u00f2 essere oggetto di interpretazione da parte di chicchessia. Soprattutto non pu\u00f2 essere visto come un atto contro gli israeliani. Siamo, infatti, a tutela dei diritti umani di tutti e, quindi, anche della societ\u00e0 civile israeliana, un popolo i cui [&hellip;]<\/p>\n","protected":false},"author":90,"featured_media":192549,"comment_status":"closed","ping_status":"closed","sticky":false,"template":"","format":"standard","meta":{"_acf_changed":false,"footnotes":"","jetpack_publicize_message":"","jetpack_publicize_feature_enabled":true,"jetpack_social_post_already_shared":false,"jetpack_social_options":{"image_generator_settings":{"template":"highway","default_image_id":0,"font":"","enabled":false},"version":2}},"categories":[28],"tags":[19],"class_list":["post-265289","post","type-post","status-publish","format-standard","has-post-thumbnail","hentry","category-provincia","tag-copertina"],"acf":[],"jetpack_publicize_connections":[],"_links":{"self":[{"href":"https:\/\/quicosenza.it\/news\/wp-json\/wp\/v2\/posts\/265289","targetHints":{"allow":["GET"]}}],"collection":[{"href":"https:\/\/quicosenza.it\/news\/wp-json\/wp\/v2\/posts"}],"about":[{"href":"https:\/\/quicosenza.it\/news\/wp-json\/wp\/v2\/types\/post"}],"author":[{"embeddable":true,"href":"https:\/\/quicosenza.it\/news\/wp-json\/wp\/v2\/users\/90"}],"replies":[{"embeddable":true,"href":"https:\/\/quicosenza.it\/news\/wp-json\/wp\/v2\/comments?post=265289"}],"version-history":[{"count":0,"href":"https:\/\/quicosenza.it\/news\/wp-json\/wp\/v2\/posts\/265289\/revisions"}],"wp:featuredmedia":[{"embeddable":true,"href":"https:\/\/quicosenza.it\/news\/wp-json\/wp\/v2\/media\/192549"}],"wp:attachment":[{"href":"https:\/\/quicosenza.it\/news\/wp-json\/wp\/v2\/media?parent=265289"}],"wp:term":[{"taxonomy":"category","embeddable":true,"href":"https:\/\/quicosenza.it\/news\/wp-json\/wp\/v2\/categories?post=265289"},{"taxonomy":"post_tag","embeddable":true,"href":"https:\/\/quicosenza.it\/news\/wp-json\/wp\/v2\/tags?post=265289"}],"curies":[{"name":"wp","href":"https:\/\/api.w.org\/{rel}","templated":true}]}}