{"id":265326,"date":"2025-07-24T16:00:16","date_gmt":"2025-07-24T14:00:16","guid":{"rendered":"https:\/\/www.quicosenza.it\/news\/?p=265326"},"modified":"2025-07-24T16:03:00","modified_gmt":"2025-07-24T14:03:00","slug":"la-vergogna-del-silenzio-omerta-a-corigliano-rossano","status":"publish","type":"post","link":"https:\/\/quicosenza.it\/news\/la-vergogna-del-silenzio-omerta-a-corigliano-rossano\/","title":{"rendered":"La vergogna del silenzio: omert\u00e0 a Corigliano Rossano"},"content":{"rendered":"<p>CORIGLIANO ROSSANO (CS) &#8211; <strong>Dalle parole del Procuratore della Repubblica di <a href=\"https:\/\/quicosenza.it\/news\/provincia\/sparatoria-a-corigliano-rossano-il-procuratore-dalessio-dai-cittadini-nessuna-collaborazione\">Corigliano Rossano<\/a>, Alessandro D\u2019Alessio, \u00e8 emerso un dato inquietante<\/strong>. Il Procuratore, infatti, lo ha rimarcato con un tono (lasciateci passare il termine) \u201cincazzato\u201d, e, a ragione, sottolineando come si sia riusciti, in tempi rapidi, grazie alla collaborazione tra <strong>Polizia e Carabinieri<\/strong>, a fare luce sull\u2019accaduto. Non altrettanto si pu\u00f2 dire dei cittadini, che non hanno collaborato, nonostante la sparatoria sia avvenuta in un luogo affollato, cos\u00ec come negli altri 4 episodi registrati negli ultimi mesi.<\/p>\n<p>Non a caso il Procuratore D&#8217;Alessio si \u00e8 rivolto alla stampa, che fa parte di quella rete composta da cittadini e inquirenti, ricordandole l\u2019importante ruolo che svolge, specie in casi come questi. <strong>Alla stampa spetta il compito di diffondere un messaggio chiaro e diretto<\/strong>: &#8220;far capire al cittadino che non deve avere paura. La paura, infatti, troppo spesso diventa una scusa per non denunciare fatti gravi, come quelli accaduti qualche giorno fa a Corigliano Rossano&#8221;.<\/p>\n<p>Un comportamento di questo tipo non fa altro che rendere inaffidabile il territorio e delegittimare le forze dell\u2019ordine, mentre i delinquenti, al contrario, ne escono rafforzati. La sfiducia nelle istituzioni, il \u201c<strong>tanto non cambia niente<\/strong>\u201d, diventa un mero alibi per l\u2019omert\u00e0, che alimenta e rende pi\u00f9 forte la criminalit\u00e0 organizzata e con ogni \u201cnon ho visto nulla\u201d diventa pi\u00f9 forte \u00e8 pi\u00f9 arrogante.<\/p>\n","protected":false},"excerpt":{"rendered":"<p>CORIGLIANO ROSSANO (CS) &#8211; Dalle parole del Procuratore della Repubblica di Corigliano Rossano, Alessandro D\u2019Alessio, \u00e8 emerso un dato inquietante. Il Procuratore, infatti, lo ha rimarcato con un tono (lasciateci passare il termine) \u201cincazzato\u201d, e, a ragione, sottolineando come si sia riusciti, in tempi rapidi, grazie alla collaborazione tra Polizia e Carabinieri, a fare luce [&hellip;]<\/p>\n","protected":false},"author":59,"featured_media":265328,"comment_status":"closed","ping_status":"closed","sticky":false,"template":"","format":"standard","meta":{"_acf_changed":false,"footnotes":"","jetpack_publicize_message":"","jetpack_publicize_feature_enabled":true,"jetpack_social_post_already_shared":false,"jetpack_social_options":{"image_generator_settings":{"template":"highway","default_image_id":0,"font":"","enabled":false},"version":2}},"categories":[28],"tags":[19],"class_list":["post-265326","post","type-post","status-publish","format-standard","has-post-thumbnail","hentry","category-provincia","tag-copertina"],"acf":[],"jetpack_publicize_connections":[],"_links":{"self":[{"href":"https:\/\/quicosenza.it\/news\/wp-json\/wp\/v2\/posts\/265326","targetHints":{"allow":["GET"]}}],"collection":[{"href":"https:\/\/quicosenza.it\/news\/wp-json\/wp\/v2\/posts"}],"about":[{"href":"https:\/\/quicosenza.it\/news\/wp-json\/wp\/v2\/types\/post"}],"author":[{"embeddable":true,"href":"https:\/\/quicosenza.it\/news\/wp-json\/wp\/v2\/users\/59"}],"replies":[{"embeddable":true,"href":"https:\/\/quicosenza.it\/news\/wp-json\/wp\/v2\/comments?post=265326"}],"version-history":[{"count":0,"href":"https:\/\/quicosenza.it\/news\/wp-json\/wp\/v2\/posts\/265326\/revisions"}],"wp:featuredmedia":[{"embeddable":true,"href":"https:\/\/quicosenza.it\/news\/wp-json\/wp\/v2\/media\/265328"}],"wp:attachment":[{"href":"https:\/\/quicosenza.it\/news\/wp-json\/wp\/v2\/media?parent=265326"}],"wp:term":[{"taxonomy":"category","embeddable":true,"href":"https:\/\/quicosenza.it\/news\/wp-json\/wp\/v2\/categories?post=265326"},{"taxonomy":"post_tag","embeddable":true,"href":"https:\/\/quicosenza.it\/news\/wp-json\/wp\/v2\/tags?post=265326"}],"curies":[{"name":"wp","href":"https:\/\/api.w.org\/{rel}","templated":true}]}}