{"id":265355,"date":"2025-07-24T20:28:13","date_gmt":"2025-07-24T18:28:13","guid":{"rendered":"https:\/\/www.quicosenza.it\/news\/?p=265355"},"modified":"2025-07-24T20:28:59","modified_gmt":"2025-07-24T18:28:59","slug":"emergenza-idrica-anche-marano-marchesato-senzacqua-azione-denuncia-non-e-piu-tollerabile","status":"publish","type":"post","link":"https:\/\/quicosenza.it\/news\/emergenza-idrica-anche-marano-marchesato-senzacqua-azione-denuncia-non-e-piu-tollerabile\/","title":{"rendered":"Emergenza idrica, anche Marano Marchesato senz&#8217;acqua. &#8220;Azione&#8221; denuncia: \u00abnon \u00e8 pi\u00f9 tollerabile\u00bb"},"content":{"rendered":"<p>MARANO MARCHESATO (CS) &#8211; Estate difficile anche a <strong>Marano Marchesato<\/strong>, cos\u00ec come in altri centri della provincia di Cosenza, dove l\u2019emergenza idrica sta diventando <strong>insostenibile<\/strong> per molti residenti. Secondo il gruppo &#8220;Marano AZIONE Marchesato&#8221; la situazione si \u00e8 aggravata dopo la caduta della giunta comunale, avvenuta nella prima settimana di giugno, e sta interessando diverse aree del paese, in particolare <strong>via San Marco e Contrada Malvitani<\/strong>, lasciate <strong>senza acqua nelle ore cruciali della giornata. <\/strong>AZIONE <strong>lancia un appello accorato al Commissario Prefettizio Rosa Correale<\/strong>, affinch\u00e9 intervenga tempestivamente per ristabilire un servizio minimo e dignitoso per tutti i cittadini.<\/p>\n<h3>\u201cRubinetti a secco dalle 15: situazione ormai ingestibile\u201d<\/h3>\n<p>Secondo la segnalazione, la <strong>pressione idrica cala drasticamente gi\u00e0 dalle ore 15<\/strong>, riducendosi a un <strong>filo d\u2019acqua<\/strong> <strong>insufficiente persino per riempire le cisterne<\/strong>, di cui <strong>non tutti sono dotati,<\/strong> o per garantire l\u2019uso di elettrodomestici di base, come lavatrici. Le giustificazioni legate a vasche vuote o razionalizzazione idrica non reggono pi\u00f9, sottolinea il partito civico, soprattutto considerando che in <strong>altri quartieri del Comune il problema non si verifica<\/strong>. Marano Marchesato, infatti, \u00e8 naturalmente ricco di sorgive, il che rende ancora pi\u00f9 incomprensibile la disparit\u00e0 di trattamento.<\/p>\n<h3>\u201cEmergenza ignorata, cittadini umiliati\u201d<\/h3>\n<p>&#8220;Riteniamo tale carenza assolutamente vergognosa e irrispettosa di una parte di popolazione oggi lasciata in condizioni di disagio inaccettabile&#8221; dichiara Vincenzo Caravona, segretario civico di Marano AZIONE Marchesato. Si chiede pertanto anche ai futuri candidati alle elezioni comunali di mettere al centro delle loro priorit\u00e0 la gestione delle risorse idriche e l\u2019efficienza dei servizi essenziali.\u00a0La richiesta ufficiale \u00e8 indirizzata alla Dottoressa <strong>Rosa Correale,<\/strong> <strong>Commissario Prefettizio attualmente alla guida del Comune<\/strong>, affinch\u00e9 si attivi subito per:<\/p>\n<p>&#8211; Individuare le cause reali del disservizio;<br \/>\n&#8211; Avviare azioni correttive immediate;<br \/>\n&#8211; Ripristinare un\u2019equa distribuzione dell\u2019acqua tra le varie zone del paese.<\/p>\n<p>In un\u2019estate caratterizzata da temperature estreme, l\u2019accesso all\u2019acqua potabile non pu\u00f2 essere un privilegio per pochi, ma un diritto garantito a tutti. La cittadinanza, esasperata, attende risposte e soluzioni concrete.<\/p>\n","protected":false},"excerpt":{"rendered":"<p>MARANO MARCHESATO (CS) &#8211; Estate difficile anche a Marano Marchesato, cos\u00ec come in altri centri della provincia di Cosenza, dove l\u2019emergenza idrica sta diventando insostenibile per molti residenti. Secondo il gruppo &#8220;Marano AZIONE Marchesato&#8221; la situazione si \u00e8 aggravata dopo la caduta della giunta comunale, avvenuta nella prima settimana di giugno, e sta interessando diverse [&hellip;]<\/p>\n","protected":false},"author":42,"featured_media":265356,"comment_status":"closed","ping_status":"closed","sticky":false,"template":"","format":"standard","meta":{"_acf_changed":false,"footnotes":"","jetpack_publicize_message":"","jetpack_publicize_feature_enabled":true,"jetpack_social_post_already_shared":false,"jetpack_social_options":{"image_generator_settings":{"template":"highway","default_image_id":0,"font":"","enabled":false},"version":2}},"categories":[28],"tags":[19],"class_list":["post-265355","post","type-post","status-publish","format-standard","has-post-thumbnail","hentry","category-provincia","tag-copertina"],"acf":[],"jetpack_publicize_connections":[],"_links":{"self":[{"href":"https:\/\/quicosenza.it\/news\/wp-json\/wp\/v2\/posts\/265355","targetHints":{"allow":["GET"]}}],"collection":[{"href":"https:\/\/quicosenza.it\/news\/wp-json\/wp\/v2\/posts"}],"about":[{"href":"https:\/\/quicosenza.it\/news\/wp-json\/wp\/v2\/types\/post"}],"author":[{"embeddable":true,"href":"https:\/\/quicosenza.it\/news\/wp-json\/wp\/v2\/users\/42"}],"replies":[{"embeddable":true,"href":"https:\/\/quicosenza.it\/news\/wp-json\/wp\/v2\/comments?post=265355"}],"version-history":[{"count":0,"href":"https:\/\/quicosenza.it\/news\/wp-json\/wp\/v2\/posts\/265355\/revisions"}],"wp:featuredmedia":[{"embeddable":true,"href":"https:\/\/quicosenza.it\/news\/wp-json\/wp\/v2\/media\/265356"}],"wp:attachment":[{"href":"https:\/\/quicosenza.it\/news\/wp-json\/wp\/v2\/media?parent=265355"}],"wp:term":[{"taxonomy":"category","embeddable":true,"href":"https:\/\/quicosenza.it\/news\/wp-json\/wp\/v2\/categories?post=265355"},{"taxonomy":"post_tag","embeddable":true,"href":"https:\/\/quicosenza.it\/news\/wp-json\/wp\/v2\/tags?post=265355"}],"curies":[{"name":"wp","href":"https:\/\/api.w.org\/{rel}","templated":true}]}}