{"id":265589,"date":"2025-07-26T16:40:20","date_gmt":"2025-07-26T14:40:20","guid":{"rendered":"https:\/\/www.quicosenza.it\/news\/?p=265589"},"modified":"2025-07-26T16:42:58","modified_gmt":"2025-07-26T14:42:58","slug":"ex-tirocinanti-impiegati-nelle-sedi-calabresi-proroga-sara-finanziata-fino-a-12-mesi-a-partire-dal-1-agosto","status":"publish","type":"post","link":"https:\/\/quicosenza.it\/news\/ex-tirocinanti-impiegati-nelle-sedi-calabresi-proroga-sara-finanziata-fino-a-12-mesi-a-partire-dal-1-agosto\/","title":{"rendered":"Ex tirocinanti impiegati nelle sedi calabresi, proroga sar\u00e0 finanziata fino a 12 mesi a partire dal 1\u00b0 agosto"},"content":{"rendered":"<p>REGGIO CALABRIA &#8211; &#8220;Dopo un inteso e complesso lavoro di sinergia istituzionale, \u00e8 stata ufficializzata, da parte del Ministero dell&#8217;Istruzione direttamente all&#8217;Ufficio scolastico regionale della Calabria, la notizia che la <strong>proroga<\/strong> dei <strong>contratti<\/strong> per <strong>gli ex tirocinanti impiegati nelle sedi calabresi sar\u00e0 finanziata fino a 12 mesi a partire dal primo agosto 2025&#8243;.<\/strong> Lo afferma <strong>Francesco Cannizzaro<\/strong>, deputato reggino, Vice Capogruppo di Forza Italia alla Camera e segretario regionale del partito.<\/p>\n<p>&#8220;Si tratta &#8211; aggiunge &#8211; di circa <strong>350 unit\u00e0 di personale assunto circa un anno e mezzo fa,<\/strong> a seguito di uno specifico concorso ottenuto grazie all&#8217;approvazione di un emendamento a firma Cannizzaro-Occhiuto al DL 73\/2021, che aveva aperto le porte all&#8217;assunzione a tempo determinato nelle sedi calabresi dei Ministeri di Giustizia, Cultura e Istruzione, per coloro che avevano gi\u00e0 conseguito un&#8217;esperienza pluriennale di tirocinio. Abbiamo quindi lavorato per ottenere la proroga dei contratti in scadenza in questi mesi: proroga che oggi \u00e8 possibile grazie ad un altro emendamento a mia prima firma approvato nell&#8217;ultima legge di bilancio, che autorizzava i Ministeri competenti a rinnovare i contratti del personale assunto ai sensi della norma del 2021&#8243;.<\/p>\n<p>&#8220;Per il personale del Ministero dell&#8217;Istruzione, che aveva atteso pi\u00f9 di tutti, era stata disposta qualche giorno fa la proroga con un finanziamento fino al 2025: arriva oggi invece la notizia di una copertura finanziaria anche per il 2026 per il rinnovo fino a 12 mesi, come tra l&#8217;altro disposto dal mio emendamento&#8221;. &#8220;Ovviamente &#8211; dice ancora Cannizzaro &#8211; il nostro impegno non finisce qui, ma \u00e8 volto sin da ora a rendere la proroga funzionale ad una <strong>graduale stabilizzazione di questo personale all&#8217;interno della Pubblica amministrazione<\/strong>. Un&#8217;operazione fondamentale per riconoscere piena dignit\u00e0 e continuit\u00e0 a questi lavoratori e garantire operativit\u00e0 ed efficienza alle sedi ministeriali con sede in Calabria&#8221;.<\/p>\n","protected":false},"excerpt":{"rendered":"<p>REGGIO CALABRIA &#8211; &#8220;Dopo un inteso e complesso lavoro di sinergia istituzionale, \u00e8 stata ufficializzata, da parte del Ministero dell&#8217;Istruzione direttamente all&#8217;Ufficio scolastico regionale della Calabria, la notizia che la proroga dei contratti per gli ex tirocinanti impiegati nelle sedi calabresi sar\u00e0 finanziata fino a 12 mesi a partire dal primo agosto 2025&#8243;. Lo afferma [&hellip;]<\/p>\n","protected":false},"author":42,"featured_media":265590,"comment_status":"closed","ping_status":"closed","sticky":false,"template":"","format":"standard","meta":{"_acf_changed":false,"footnotes":"","jetpack_publicize_message":"","jetpack_publicize_feature_enabled":true,"jetpack_social_post_already_shared":false,"jetpack_social_options":{"image_generator_settings":{"template":"highway","default_image_id":0,"font":"","enabled":false},"version":2}},"categories":[17],"tags":[19],"class_list":["post-265589","post","type-post","status-publish","format-standard","has-post-thumbnail","hentry","category-calabria","tag-copertina"],"acf":[],"jetpack_publicize_connections":[],"_links":{"self":[{"href":"https:\/\/quicosenza.it\/news\/wp-json\/wp\/v2\/posts\/265589","targetHints":{"allow":["GET"]}}],"collection":[{"href":"https:\/\/quicosenza.it\/news\/wp-json\/wp\/v2\/posts"}],"about":[{"href":"https:\/\/quicosenza.it\/news\/wp-json\/wp\/v2\/types\/post"}],"author":[{"embeddable":true,"href":"https:\/\/quicosenza.it\/news\/wp-json\/wp\/v2\/users\/42"}],"replies":[{"embeddable":true,"href":"https:\/\/quicosenza.it\/news\/wp-json\/wp\/v2\/comments?post=265589"}],"version-history":[{"count":0,"href":"https:\/\/quicosenza.it\/news\/wp-json\/wp\/v2\/posts\/265589\/revisions"}],"wp:featuredmedia":[{"embeddable":true,"href":"https:\/\/quicosenza.it\/news\/wp-json\/wp\/v2\/media\/265590"}],"wp:attachment":[{"href":"https:\/\/quicosenza.it\/news\/wp-json\/wp\/v2\/media?parent=265589"}],"wp:term":[{"taxonomy":"category","embeddable":true,"href":"https:\/\/quicosenza.it\/news\/wp-json\/wp\/v2\/categories?post=265589"},{"taxonomy":"post_tag","embeddable":true,"href":"https:\/\/quicosenza.it\/news\/wp-json\/wp\/v2\/tags?post=265589"}],"curies":[{"name":"wp","href":"https:\/\/api.w.org\/{rel}","templated":true}]}}