{"id":265676,"date":"2025-07-28T07:25:54","date_gmt":"2025-07-28T05:25:54","guid":{"rendered":"https:\/\/www.quicosenza.it\/news\/?p=265676"},"modified":"2025-07-28T07:25:54","modified_gmt":"2025-07-28T05:25:54","slug":"violento-incidente-frontale-sulla-statale-106-tre-feriti-uno-in-gravi-condizioni","status":"publish","type":"post","link":"https:\/\/quicosenza.it\/news\/violento-incidente-frontale-sulla-statale-106-tre-feriti-uno-in-gravi-condizioni\/","title":{"rendered":"Violento incidente frontale sulla Statale 106: tre feriti, uno in gravi condizioni"},"content":{"rendered":"<p>BOVALINO (RC) &#8211; \u00c8 di tre persone ferite, di cui una in condizioni gravissime, il bilancio di un violento incidente stradale avvenuto ieri sulla Strada Statale 106, alla periferia di Bovalino, nel Reggino. Coinvolti due veicoli, una Fiat Panda e una Volkswagen Tiguan, che si sono scontrati frontalmente. Ad avere la peggio gli occupanti della Fiat Panda, due giovani originari di <strong>San Luca di 24 e 37 anni<\/strong>.<\/p>\n<p>Il pi\u00f9 giovane \u00e8 rimasto incastrato tra le lamiere del veicolo, ed \u00e8 stato estratto dai Vigili del Fuoco. Le sue condizioni sono apparse subito molto serie: trasportato d\u2019urgenza all\u2019ospedale di Locri, \u00e8 stato poi trasferito in elisoccorso al Grande Ospedale Metropolitano di Reggio Calabria, dove si trova <strong>ricoverato in prognosi riservata<\/strong>. Ferite meno gravi per il conducente della Panda, e per il <strong>41enne<\/strong> alla guida della Volkswagen Tiguan.<\/p>\n","protected":false},"excerpt":{"rendered":"<p>BOVALINO (RC) &#8211; \u00c8 di tre persone ferite, di cui una in condizioni gravissime, il bilancio di un violento incidente stradale avvenuto ieri sulla Strada Statale 106, alla periferia di Bovalino, nel Reggino. Coinvolti due veicoli, una Fiat Panda e una Volkswagen Tiguan, che si sono scontrati frontalmente. Ad avere la peggio gli occupanti della [&hellip;]<\/p>\n","protected":false},"author":42,"featured_media":265677,"comment_status":"closed","ping_status":"closed","sticky":false,"template":"","format":"standard","meta":{"_acf_changed":false,"footnotes":"","jetpack_publicize_message":"","jetpack_publicize_feature_enabled":true,"jetpack_social_post_already_shared":false,"jetpack_social_options":{"image_generator_settings":{"template":"highway","default_image_id":0,"font":"","enabled":false},"version":2}},"categories":[17],"tags":[19],"class_list":["post-265676","post","type-post","status-publish","format-standard","has-post-thumbnail","hentry","category-calabria","tag-copertina"],"acf":[],"jetpack_publicize_connections":[],"_links":{"self":[{"href":"https:\/\/quicosenza.it\/news\/wp-json\/wp\/v2\/posts\/265676","targetHints":{"allow":["GET"]}}],"collection":[{"href":"https:\/\/quicosenza.it\/news\/wp-json\/wp\/v2\/posts"}],"about":[{"href":"https:\/\/quicosenza.it\/news\/wp-json\/wp\/v2\/types\/post"}],"author":[{"embeddable":true,"href":"https:\/\/quicosenza.it\/news\/wp-json\/wp\/v2\/users\/42"}],"replies":[{"embeddable":true,"href":"https:\/\/quicosenza.it\/news\/wp-json\/wp\/v2\/comments?post=265676"}],"version-history":[{"count":0,"href":"https:\/\/quicosenza.it\/news\/wp-json\/wp\/v2\/posts\/265676\/revisions"}],"wp:featuredmedia":[{"embeddable":true,"href":"https:\/\/quicosenza.it\/news\/wp-json\/wp\/v2\/media\/265677"}],"wp:attachment":[{"href":"https:\/\/quicosenza.it\/news\/wp-json\/wp\/v2\/media?parent=265676"}],"wp:term":[{"taxonomy":"category","embeddable":true,"href":"https:\/\/quicosenza.it\/news\/wp-json\/wp\/v2\/categories?post=265676"},{"taxonomy":"post_tag","embeddable":true,"href":"https:\/\/quicosenza.it\/news\/wp-json\/wp\/v2\/tags?post=265676"}],"curies":[{"name":"wp","href":"https:\/\/api.w.org\/{rel}","templated":true}]}}