{"id":265705,"date":"2025-07-28T16:30:02","date_gmt":"2025-07-28T14:30:02","guid":{"rendered":"https:\/\/www.quicosenza.it\/news\/?p=265705"},"modified":"2025-07-28T14:03:30","modified_gmt":"2025-07-28T12:03:30","slug":"incendi-tra-firmo-altomonte-e-lungro-borrelli-idm-carenze-della-politica-regionale-e-provinciale","status":"publish","type":"post","link":"https:\/\/quicosenza.it\/news\/incendi-tra-firmo-altomonte-e-lungro-borrelli-idm-carenze-della-politica-regionale-e-provinciale\/","title":{"rendered":"Incendi tra Firmo, Altomonte e Lungro: Borrelli (IdM) \u00abcarenze della politica regionale e provinciale\u00bb"},"content":{"rendered":"<p>COSENZA &#8211; Uno scenario apocalittico, fiamme alte, boschi in cenere e cittadini in lacrime. \u00c8 quello che si \u00e8 trovato davanti Vincenzo Borrelli, consigliere comunale e coordinatore di Italia del Meridione (IdM) per la Valle dell\u2019Esaro, percorrendo la strada tra Lungro e Acquaformosa. Tre incendi hanno colpito duramente ieri le aree di Firmo, Altomonte e Lungro, avvicinandosi pericolosamente alle abitazioni. Borrelli ha voluto ringraziare i volontari della Protezione Civile Pollino H24, che operano con \u201c<strong>pochi mezzi e un&#8217;enorme forza di volont\u00e0\u201d.<\/strong><\/p>\n<p>&#8220;In mezzo a <strong>questo inferno<\/strong>, ho visto gli <strong>occhi disperati ma carichi di una volont\u00e0 indomita dei ragazzi del gruppo volontari della Protezione Civile Regione Calabria<\/strong> \u2013 <strong>Pollino<\/strong> <strong>H24<\/strong>. Operano instancabilmente, giorno e notte, con pochi mezzi a disposizione, spinti da un senso civico e un amore per la propria terra che dovrebbe essere d&#8217;esempio per tutti noi. Questi volontari, che con ogni probabilit\u00e0 <strong>ricevono solo un minimo contributo per il loro sacrificio<\/strong>, sono la prima e spesso unica barriera tra il fuoco e le nostre comunit\u00e0. La loro dedizione \u00e8 encomiabile, ma \u00e8 inaccettabile che debbano affrontare emergenze di tale portata con risorse cos\u00ec esigue. Questi incendi non sono solo un disastro ecologico; sono una ferita profonda per la nostra identit\u00e0, la nostra economia e la nostra sicurezza&#8221;.<\/p>\n<p><img loading=\"lazy\" decoding=\"async\" class=\" wp-image-265709 aligncenter\" src=\"https:\/\/quicosenza.it\/news\/wp-content\/uploads\/2025\/07\/protezione-civile-regionale-pollino-h24-02.jpg\" alt=\"\" width=\"523\" height=\"324\" title=\"\" srcset=\"https:\/\/quicosenza.it\/news\/wp-content\/uploads\/2025\/07\/protezione-civile-regionale-pollino-h24-02.jpg 970w, https:\/\/quicosenza.it\/news\/wp-content\/uploads\/2025\/07\/protezione-civile-regionale-pollino-h24-02-300x186.jpg 300w, https:\/\/quicosenza.it\/news\/wp-content\/uploads\/2025\/07\/protezione-civile-regionale-pollino-h24-02-768x475.jpg 768w, https:\/\/quicosenza.it\/news\/wp-content\/uploads\/2025\/07\/protezione-civile-regionale-pollino-h24-02-679x420.jpg 679w, https:\/\/quicosenza.it\/news\/wp-content\/uploads\/2025\/07\/protezione-civile-regionale-pollino-h24-02-150x93.jpg 150w, https:\/\/quicosenza.it\/news\/wp-content\/uploads\/2025\/07\/protezione-civile-regionale-pollino-h24-02-696x431.jpg 696w, https:\/\/quicosenza.it\/news\/wp-content\/uploads\/2025\/07\/protezione-civile-regionale-pollino-h24-02-356x220.jpg 356w\" sizes=\"auto, (max-width: 523px) 100vw, 523px\" \/><\/p>\n<p>Riferendosi alle aree di <strong>Firmo, Altomonte e Lungro<\/strong>, colpite da <strong>ben tre roghi<\/strong>, alcuni dei quali si sono spinti pericolosamente vicino alle abitazioni Borrelli sottolinea &#8220;ho visto la preoccupazione negli occhi dei cittadini che hanno visto appezzamenti di terreno, anche coltivati, ridotti in cenere. Quando il vento soffia, vigneti, uliveti e campi coltivati bruciano ugualmente, annullando anni di duro lavoro e sacrifici. <strong>Stiamo assistendo alla distruzione di ettari di boschi e di macchia mediterranea<\/strong>, un patrimonio naturalistico inestimabile che impiegher\u00e0 decenni, se non secoli, per rigenerarsi&#8221;.<\/p>\n<p>&#8220;Questa situazione mette in luce le <strong>gravi carenze della politica regionale in Calabria<\/strong> e, in particolare, a <strong>livello provinciale nella provincia di Cosenza<\/strong>. Anno dopo anno, ci troviamo a fronteggiare la stessa emergenza con le stesse lacune. <strong>La prevenzione \u00e8 insufficiente,<\/strong> i <strong>mezzi<\/strong> a disposizione per lo spegnimento sono <strong>limitati<\/strong> e i comuni, spesso gi\u00e0 in difficolt\u00e0 economiche, si trovano soli, senza nemmeno le risorse per un primo intervento immediato. Sembra che la lezione non venga mai imparata, e <strong>a farne le spese \u00e8 la nostra terra e la nostra gente\u00bb.<\/strong><\/p>\n<p><img loading=\"lazy\" decoding=\"async\" class=\" wp-image-265710 aligncenter\" src=\"https:\/\/quicosenza.it\/news\/wp-content\/uploads\/2025\/07\/protezione-civile-regionale-pollino-h24-03.jpg\" alt=\"\" width=\"573\" height=\"355\" title=\"\" srcset=\"https:\/\/quicosenza.it\/news\/wp-content\/uploads\/2025\/07\/protezione-civile-regionale-pollino-h24-03.jpg 970w, https:\/\/quicosenza.it\/news\/wp-content\/uploads\/2025\/07\/protezione-civile-regionale-pollino-h24-03-300x186.jpg 300w, https:\/\/quicosenza.it\/news\/wp-content\/uploads\/2025\/07\/protezione-civile-regionale-pollino-h24-03-768x475.jpg 768w, https:\/\/quicosenza.it\/news\/wp-content\/uploads\/2025\/07\/protezione-civile-regionale-pollino-h24-03-679x420.jpg 679w, https:\/\/quicosenza.it\/news\/wp-content\/uploads\/2025\/07\/protezione-civile-regionale-pollino-h24-03-150x93.jpg 150w, https:\/\/quicosenza.it\/news\/wp-content\/uploads\/2025\/07\/protezione-civile-regionale-pollino-h24-03-696x431.jpg 696w, https:\/\/quicosenza.it\/news\/wp-content\/uploads\/2025\/07\/protezione-civile-regionale-pollino-h24-03-356x220.jpg 356w\" sizes=\"auto, (max-width: 573px) 100vw, 573px\" \/><\/p>\n<p>&#8220;Italia del Meridione, nella persona del sottoscritto e di tutti i suoi membri, lancia oggi un <strong>appello forte e chiaro<\/strong>. Il nostro obiettivo \u00e8, e sar\u00e0 sempre, quello di dare un supporto concreto e incisivo a queste attivit\u00e0 di volontariato che sono di fondamentale aiuto per il popolo. Non possiamo pi\u00f9 permettere che chi opera in prima linea per la nostra sicurezza sia abbandonato a s\u00e9 stesso. Ci batteremo per ottenere finanziamenti adeguati, per migliorare la dotazione di mezzi e attrezzature per la Protezione Civile e per garantire una formazione costante e qualificata ai nostri volontari.\u00a0Inoltre, la nostra <strong>massima vicinanza va a tutti i comuni e alle amministrazioni locali<\/strong> che si trovano ad affrontare queste emergenze senza le dovute risorse. Dobbiamo lavorare in sinergia, creando una rete di supporto che permetta interventi rapidi ed efficaci. <strong>La prevenzione non \u00e8 un optional<\/strong>, ma un imperativo categorico: dobbiamo investire nella pulizia dei sottoboschi, nella creazione di fasce tagliafuoco e in campagne di sensibilizzazione che coinvolgano attivamente la cittadinanza2.<\/p>\n<p>&#8220;<strong>Basta con la retorica<\/strong> &#8211; conclide Vincenzo Borrelli &#8211; e le <strong>promesse vuote<\/strong>. \u00c8 tempo di agire. \u00c8 tempo di dare risposte concrete a una piaga che ogni estate devasta la nostra Calabria. IdM si impegna a portare queste istanze nelle sedi opportune, a fare da megafono alla voce dei nostri volontari e dei nostri cittadini, e a lottare per un futuro in cui la Valle dell&#8217;Esaro non debba pi\u00f9 piangere il suo patrimonio ridotto in cenere. Insieme, possiamo e dobbiamo fare la differenza&#8221;.<\/p>\n","protected":false},"excerpt":{"rendered":"<p>COSENZA &#8211; Uno scenario apocalittico, fiamme alte, boschi in cenere e cittadini in lacrime. \u00c8 quello che si \u00e8 trovato davanti Vincenzo Borrelli, consigliere comunale e coordinatore di Italia del Meridione (IdM) per la Valle dell\u2019Esaro, percorrendo la strada tra Lungro e Acquaformosa. Tre incendi hanno colpito duramente ieri le aree di Firmo, Altomonte e [&hellip;]<\/p>\n","protected":false},"author":42,"featured_media":265711,"comment_status":"closed","ping_status":"closed","sticky":false,"template":"","format":"standard","meta":{"_acf_changed":false,"footnotes":"","jetpack_publicize_message":"","jetpack_publicize_feature_enabled":true,"jetpack_social_post_already_shared":false,"jetpack_social_options":{"image_generator_settings":{"template":"highway","default_image_id":0,"font":"","enabled":false},"version":2}},"categories":[28],"tags":[19],"class_list":["post-265705","post","type-post","status-publish","format-standard","has-post-thumbnail","hentry","category-provincia","tag-copertina"],"acf":[],"jetpack_publicize_connections":[],"_links":{"self":[{"href":"https:\/\/quicosenza.it\/news\/wp-json\/wp\/v2\/posts\/265705","targetHints":{"allow":["GET"]}}],"collection":[{"href":"https:\/\/quicosenza.it\/news\/wp-json\/wp\/v2\/posts"}],"about":[{"href":"https:\/\/quicosenza.it\/news\/wp-json\/wp\/v2\/types\/post"}],"author":[{"embeddable":true,"href":"https:\/\/quicosenza.it\/news\/wp-json\/wp\/v2\/users\/42"}],"replies":[{"embeddable":true,"href":"https:\/\/quicosenza.it\/news\/wp-json\/wp\/v2\/comments?post=265705"}],"version-history":[{"count":0,"href":"https:\/\/quicosenza.it\/news\/wp-json\/wp\/v2\/posts\/265705\/revisions"}],"wp:featuredmedia":[{"embeddable":true,"href":"https:\/\/quicosenza.it\/news\/wp-json\/wp\/v2\/media\/265711"}],"wp:attachment":[{"href":"https:\/\/quicosenza.it\/news\/wp-json\/wp\/v2\/media?parent=265705"}],"wp:term":[{"taxonomy":"category","embeddable":true,"href":"https:\/\/quicosenza.it\/news\/wp-json\/wp\/v2\/categories?post=265705"},{"taxonomy":"post_tag","embeddable":true,"href":"https:\/\/quicosenza.it\/news\/wp-json\/wp\/v2\/tags?post=265705"}],"curies":[{"name":"wp","href":"https:\/\/api.w.org\/{rel}","templated":true}]}}