{"id":265749,"date":"2025-07-28T13:57:02","date_gmt":"2025-07-28T11:57:02","guid":{"rendered":"https:\/\/www.quicosenza.it\/news\/?p=265749"},"modified":"2025-07-28T13:57:02","modified_gmt":"2025-07-28T11:57:02","slug":"centrale-del-mercure-la-corte-costituzionale-boccia-la-legge-laghi-graziano-sentenza-storica","status":"publish","type":"post","link":"https:\/\/quicosenza.it\/news\/centrale-del-mercure-la-corte-costituzionale-boccia-la-legge-laghi-graziano-sentenza-storica\/","title":{"rendered":"Centrale del Mercure, la Corte costituzionale boccia la legge Laghi. Graziano: \u00abSentenza storica\u00bb"},"content":{"rendered":"<p>COSENZA &#8211; <strong>&#8220;\u00c8 una giornata storica per la Calabria, per i lavoratori della centrale del Mercure<\/strong> e per tutte le comunit\u00e0 che ruotano intorno a quel presidio produttivo. Dopo mesi di battaglie legali, politiche e istituzionali, la <strong>Corte Costituzionale<\/strong> ha ristabilito la verit\u00e0: quella <strong>norma regionale che imponeva la chiusura dell&#8217;impianto era incostituzionale<\/strong>. Oggi vince il lavoro, la legalit\u00e0, il buon senso&#8221;. \u00c8 con queste parole che <strong>Giuseppe Graziano<\/strong>, consigliere regionale e presidente di Azione Calabria annuncia la novit\u00e0 che riguarda il sito a biomasse di Laino Borgo, nella Valle del Mercure, che secondo la Legge Laghi doveva ridurre la potenza sotto i 10 MW, destinandola cos\u00ec alla chiusura.<\/p>\n<p>Sulla vertenza Graziano si \u00e8 sempre schiarato a difesa dei lavoratori coinvolti nella vertenza e oggi plaude alla decisione della Corte Costituzionale che mette la parola fine su una vicenda che si trascina ormai da tempo. &#8220;Parliamo \u2013 sottolinea il consigliere regionale \u2013 di una filiera occupazionale in ambito forestale di oltre <strong>1.500 lavoratori, e quindi famiglie,<\/strong> che diversamente <strong>sarebbero rimasti senza lavoro.<\/strong> Ecco perch\u00e9 la <strong>sentenza di oggi assume un valore eccezionale e straordinario&#8221;<\/strong>.<\/p>\n<h3>Centarle del Mercure, Graziano: &#8220;La Corte ha riconosciuto l&#8217;illegittimit\u00e0 costituzionale&#8221;<\/h3>\n<p>&#8220;Non era pensabile \u2013 prosegue Graziano \u2013 che per una <strong>norma sbagliata<\/strong> si potessero <strong>mandare in fumo centinaia di posti di lavoro<\/strong> e cancellare <strong>un&#8217;esperienza produttiva che rappresenta un esempio di economia sostenibile e circolare nel cuore del Parco del Pollino<\/strong>. Abbiamo sempre detto che quella legge, oltre ad essere una &#8220;norma-provvedimento&#8221; mascherata, era <strong>irragionevole<\/strong>, retroattiva e scritta solo per colpire un impianto specifico. La Consulta ci ha dato pienamente ragione&#8221; precisa Graziano.<\/p>\n<p>&#8220;La Corte \u2013 sottolinea ancora il presidente di Azione Calabria \u2013 ha riconosciuto l<strong>&#8216;illegittimit\u00e0 costituzionale della legge regionale,<\/strong> sia nella parte in cui vietava a priori l&#8217;impianto, sia per aver violato i principi di legittimo affidamento e di libert\u00e0 d&#8217;impresa. <strong>\u00c8 una sentenza che va oltre il singolo caso<\/strong>: \u00e8 un argine al populismo normativo e un richiamo alla seriet\u00e0 della legislazione regionale. Nessuna legge pu\u00f2 travolgere i diritti fondamentali dei cittadini senza una ragione oggettiva e proporzionata&#8221;.<\/p>\n<h3>Graziano ai lavoratori: &#8220;La lotta \u00e8 diventata giurisprudenza&#8221;<\/h3>\n<p>In conclusione Graziano riserva un pensiero ai lavoratori: &#8220;A loro va il mio primo pensiero. Hanno resistito, con dignit\u00e0 e determinazione, anche quando la situazione sembrava compromessa. <strong>Oggi la loro lotta \u00e8 diventata giurisprudenza.<\/strong> \u00c8 una <strong>vittoria collettiva,<\/strong> che ci insegna che la politica ha senso solo quando si mette al servizio delle persone, non delle ideologie. Oggi portiamo a casa un risultato importante, storico. &#8211; conclude &#8211; Ma da domani si continua a lavorare, con ancora pi\u00f9 forza, per garantire futuro, stabilit\u00e0 e sviluppo a questo territorio&#8221;.<\/p>\n","protected":false},"excerpt":{"rendered":"<p>COSENZA &#8211; &#8220;\u00c8 una giornata storica per la Calabria, per i lavoratori della centrale del Mercure e per tutte le comunit\u00e0 che ruotano intorno a quel presidio produttivo. Dopo mesi di battaglie legali, politiche e istituzionali, la Corte Costituzionale ha ristabilito la verit\u00e0: quella norma regionale che imponeva la chiusura dell&#8217;impianto era incostituzionale. Oggi vince [&hellip;]<\/p>\n","protected":false},"author":90,"featured_media":265750,"comment_status":"closed","ping_status":"closed","sticky":false,"template":"","format":"standard","meta":{"_acf_changed":false,"footnotes":"","jetpack_publicize_message":"","jetpack_publicize_feature_enabled":true,"jetpack_social_post_already_shared":false,"jetpack_social_options":{"image_generator_settings":{"template":"highway","default_image_id":0,"font":"","enabled":false},"version":2}},"categories":[28],"tags":[19],"class_list":["post-265749","post","type-post","status-publish","format-standard","has-post-thumbnail","hentry","category-provincia","tag-copertina"],"acf":[],"jetpack_publicize_connections":[],"_links":{"self":[{"href":"https:\/\/quicosenza.it\/news\/wp-json\/wp\/v2\/posts\/265749","targetHints":{"allow":["GET"]}}],"collection":[{"href":"https:\/\/quicosenza.it\/news\/wp-json\/wp\/v2\/posts"}],"about":[{"href":"https:\/\/quicosenza.it\/news\/wp-json\/wp\/v2\/types\/post"}],"author":[{"embeddable":true,"href":"https:\/\/quicosenza.it\/news\/wp-json\/wp\/v2\/users\/90"}],"replies":[{"embeddable":true,"href":"https:\/\/quicosenza.it\/news\/wp-json\/wp\/v2\/comments?post=265749"}],"version-history":[{"count":0,"href":"https:\/\/quicosenza.it\/news\/wp-json\/wp\/v2\/posts\/265749\/revisions"}],"wp:featuredmedia":[{"embeddable":true,"href":"https:\/\/quicosenza.it\/news\/wp-json\/wp\/v2\/media\/265750"}],"wp:attachment":[{"href":"https:\/\/quicosenza.it\/news\/wp-json\/wp\/v2\/media?parent=265749"}],"wp:term":[{"taxonomy":"category","embeddable":true,"href":"https:\/\/quicosenza.it\/news\/wp-json\/wp\/v2\/categories?post=265749"},{"taxonomy":"post_tag","embeddable":true,"href":"https:\/\/quicosenza.it\/news\/wp-json\/wp\/v2\/tags?post=265749"}],"curies":[{"name":"wp","href":"https:\/\/api.w.org\/{rel}","templated":true}]}}