{"id":265751,"date":"2025-07-28T14:24:31","date_gmt":"2025-07-28T12:24:31","guid":{"rendered":"https:\/\/www.quicosenza.it\/news\/?p=265751"},"modified":"2025-07-28T14:24:31","modified_gmt":"2025-07-28T12:24:31","slug":"medico-scomparso-da-nocera-terinese-il-figlio-indagate-per-sequestro-di-persona-o-omicidio","status":"publish","type":"post","link":"https:\/\/quicosenza.it\/news\/medico-scomparso-da-nocera-terinese-il-figlio-indagate-per-sequestro-di-persona-o-omicidio\/","title":{"rendered":"Medico scomparso da Nocera Terinese, il figlio: \u00abIndagate per sequestro di persona o omicidio\u00bb"},"content":{"rendered":"<p>LAMEZIA TERME (VV) &#8211; &#8220;<strong>L&#8217;iscrizione,<\/strong> da parte della<strong> Procura della Repubblica<\/strong> di una notizia di <strong>reato contro ignoti per sequestro di persona o omicidio&#8221;<\/strong>. \u00c8 questo quanto chiede <strong>Mario Blagan\u00f2,<\/strong> il figlio di Antonio, il medico 67enne scomparso il 25 luglio a Nocera Terinese e del quale, nonostante le <a href=\"https:\/\/quicosenza.it\/news\/calabria\/medico-scomparso-da-nocera-terinese-le-ricerche-continuano-senza-sosta\" target=\"_blank\" rel=\"noopener\">ricerche<\/a>, non si hanno pi\u00f9 notizie ormai da diversi giorni.<\/p>\n<p>Una richiesta che pu\u00f2 sembrare particolare ma che invece arriva per poter &#8220;<strong>attivare<\/strong> tutti gli <strong>accertamenti tecnici<\/strong> che non possono essere attivati se non c&#8217;\u00e8 l&#8217;iscrizione di una notizia di reato&#8221;. Il riferimento \u00e8 a indagini pi\u00f9 precise che si possano avvalere dell&#8217;<strong>analisi dei tabulati e delle celle telefoniche,<\/strong> del <strong>sequestro di telecamere e varchi targa,<\/strong> oltre che di una<strong> perizia forense<\/strong> da fare sulla <a href=\"https:\/\/quicosenza.it\/news\/calabria\/medico-scomparso-da-due-giorni-da-nocera-terinese-la-sua-auto-ritrovata-a-san-mango-daquino\" target=\"_blank\" rel=\"noopener\">vettura del padre ritrovata<\/a> nel comune di San Manco D&#8217;acquino.<\/p>\n<h3>Medico scomparso, l&#8217;appello del figlio: &#8220;Circostanze tutto tranne che chiare&#8221;<\/h3>\n<p>&#8220;Quello che temiamo &#8211; afferma Mario Blagan\u00f2 &#8211; \u00e8 che stiano <strong>cercando mio padre solo con i protocolli per cercare un disperso.<\/strong> Mio padre non stava facendo escursionismo, le <strong>circostanze sono tutto tranne che chiare<\/strong>: effetti personali lasciati in ufficio, esce repentinamente durante l&#8217;orario di lavoro (non aveva ancora terminato il turno): qualcuno lo ha chiamato? E se s\u00ec, sono gi\u00e0 attivi i protocolli per verificare queste informazioni? E se lo hanno portato da qualche altra parte? <strong>Finch\u00e9 mio padre non viene trovato,<\/strong> &#8211; chiosa il figlio del medico scomparso &#8211; <strong>il lavoro non \u00e8 finito.<\/strong> Non fermiamoci a ricostruzioni e ipotesi sommarie basate su poche telecamere. Nel frattempo, grazie di cuore a tutte le persone coinvolte nella ricerca&#8221;.<\/p>\n<h3>Il punto sulle ricerche, al lavoro anche i cani cinofili e molecolari<\/h3>\n<p>Il prefetto di Catanzaro Castrese De Rosa ha tenuto un incontro per fare il punto sulla situazione e sulle attivit\u00e0 di <strong>ricerca<\/strong> che si sono concentrate in<strong> localit\u00e0 Galasso,<\/strong> zona impervia tra i comuni di San Mango D&#8217;Aquino e Nocera Terinese, dove \u00e8 stata trovata l&#8217;autovettura del medico.<\/p>\n<p>Al lavoro nella zona ci sono anche le unit\u00e0 cinofile e cani molecolari dei Carabinieri e due associazioni di volontariato della Protezione civile. Sulla\u00a0scorta delle potenziali piste tracciate dai cani, i soccorritori ad oggi stanno scandagliando un <strong>versante di circa 600 metri quadrati <\/strong>nel quale si trova un <strong>impervio declivio di 50 metri e di una fittissima vegetazione.\u00a0<\/strong><\/p>\n<p>Sono 50 in totale gli uomini che sono impegnati nelle ricerche, tra carabinieri, militari dello Squadrone &#8220;Cacciatori&#8221; dei carabinieri, Soccorso alpino della Guardia di finanza, Vigili del fuoco e Soccorso alpino e speleologico della Calabria, fa sapere la Prefettura. Sono al lavoro anche tre elicotteri e alcuni droni che stanno sorvolando tutta l&#8217;area.<\/p>\n","protected":false},"excerpt":{"rendered":"<p>LAMEZIA TERME (VV) &#8211; &#8220;L&#8217;iscrizione, da parte della Procura della Repubblica di una notizia di reato contro ignoti per sequestro di persona o omicidio&#8221;. \u00c8 questo quanto chiede Mario Blagan\u00f2, il figlio di Antonio, il medico 67enne scomparso il 25 luglio a Nocera Terinese e del quale, nonostante le ricerche, non si hanno pi\u00f9 notizie [&hellip;]<\/p>\n","protected":false},"author":90,"featured_media":265419,"comment_status":"closed","ping_status":"closed","sticky":false,"template":"","format":"standard","meta":{"_acf_changed":false,"footnotes":"","jetpack_publicize_message":"","jetpack_publicize_feature_enabled":true,"jetpack_social_post_already_shared":false,"jetpack_social_options":{"image_generator_settings":{"template":"highway","default_image_id":0,"font":"","enabled":false},"version":2}},"categories":[17],"tags":[19],"class_list":["post-265751","post","type-post","status-publish","format-standard","has-post-thumbnail","hentry","category-calabria","tag-copertina"],"acf":[],"jetpack_publicize_connections":[],"_links":{"self":[{"href":"https:\/\/quicosenza.it\/news\/wp-json\/wp\/v2\/posts\/265751","targetHints":{"allow":["GET"]}}],"collection":[{"href":"https:\/\/quicosenza.it\/news\/wp-json\/wp\/v2\/posts"}],"about":[{"href":"https:\/\/quicosenza.it\/news\/wp-json\/wp\/v2\/types\/post"}],"author":[{"embeddable":true,"href":"https:\/\/quicosenza.it\/news\/wp-json\/wp\/v2\/users\/90"}],"replies":[{"embeddable":true,"href":"https:\/\/quicosenza.it\/news\/wp-json\/wp\/v2\/comments?post=265751"}],"version-history":[{"count":0,"href":"https:\/\/quicosenza.it\/news\/wp-json\/wp\/v2\/posts\/265751\/revisions"}],"wp:featuredmedia":[{"embeddable":true,"href":"https:\/\/quicosenza.it\/news\/wp-json\/wp\/v2\/media\/265419"}],"wp:attachment":[{"href":"https:\/\/quicosenza.it\/news\/wp-json\/wp\/v2\/media?parent=265751"}],"wp:term":[{"taxonomy":"category","embeddable":true,"href":"https:\/\/quicosenza.it\/news\/wp-json\/wp\/v2\/categories?post=265751"},{"taxonomy":"post_tag","embeddable":true,"href":"https:\/\/quicosenza.it\/news\/wp-json\/wp\/v2\/tags?post=265751"}],"curies":[{"name":"wp","href":"https:\/\/api.w.org\/{rel}","templated":true}]}}