{"id":265778,"date":"2025-07-28T22:00:48","date_gmt":"2025-07-28T20:00:48","guid":{"rendered":"https:\/\/www.quicosenza.it\/news\/?p=265778"},"modified":"2025-07-28T19:56:09","modified_gmt":"2025-07-28T17:56:09","slug":"la-calabria-brucia-non-e-uninvenzione-il-m5s-accusa-la-giunta-occhiuto-di-negare-lemergenza","status":"publish","type":"post","link":"https:\/\/quicosenza.it\/news\/la-calabria-brucia-non-e-uninvenzione-il-m5s-accusa-la-giunta-occhiuto-di-negare-lemergenza\/","title":{"rendered":"\u00abLa Calabria brucia, non \u00e8 un\u2019invenzione\u00bb: il M5S accusa la giunta Occhiuto di negare l\u2019emergenza"},"content":{"rendered":"<p>CATANZARO &#8211; &#8220;Altro che propaganda, la nostra \u00e8 realt\u00e0 documentata. E la verit\u00e0, che d\u00e0 tanto fastidio all&#8217;assessore Calabrese, \u00e8 che <strong>la Calabria sta bruciando<\/strong>. Altro che &#8216;procurato allarme&#8217;: sono i numeri ufficiali dei Vigili del fuoco, sono le <strong>immagini drammatiche degli incendi tra la Sila, la Sibaritide, la Locride, il Vibonese, l&#8217;Alto Tirreno cosentino<\/strong>, a parlare chiaro. Siamo davanti a un&#8217;emergenza reale, non a un&#8217;invenzione grillina. Ed \u00e8 surreale che chi rappresenta le istituzioni provi a negare l&#8217;evidenza, solo per difendere il fallimento della giunta Occhiuto&#8221;. Cos\u00ec <strong>Davide Tavernise, capogruppo del M5S in Consiglio regionale<\/strong>, replica alla nota dell&#8217;assessore all&#8217;Ambiente Giovanni Calabrese, che ha accusato esponenti nazionali, regionali e comunali del Movimento 5 Stelle di <strong><a href=\"https:\/\/quicosenza.it\/news\/calabria\/emergenza-incendi-m5s-dove-sono-finiti-i-droni-la-replica-di-calabrese-grillini-andrebbero-denunciati\" target=\"_blank\" rel=\"noopener\">&#8220;procurato allarme&#8221;<\/a><\/strong>.<\/p>\n<p>&#8220;Invece di affrontare i problemi &#8211; prosegue &#8211; <strong>Calabrese insulta chi li denuncia.<\/strong> Arriva persino a dire che &#8216;la<strong> Calabria non brucia&#8217;,<\/strong> mentre i dati del direttore regionale dei Vigili del Fuoco certificano un +67% di interventi rispetto al 2024 e la necessit\u00e0 di richiedere rinforzi da Lazio e Toscana.<strong> Questo non \u00e8 allarmismo: \u00e8 la realt\u00e0.<\/strong> Ed \u00e8 proprio chi nega l&#8217;emergenza a fare del male alla Calabria. Non solo: alla narrazione del &#8216;modello Calabria&#8217; manca un dato clamoroso, che conferma l&#8217;assenza di controllo del territorio. Nel 2025, fino ad oggi, non \u00e8 stato arrestato neanche un piromane. Nessun risultato sul fronte della repressione. Nessun colpevole assicurato alla giustizia. Un segnale devastante, che alimenta l&#8217;impunit\u00e0 e il ripetersi dei roghi&#8221;.<\/p>\n<p>&#8220;<strong>Quanto ai droni &#8211; afferma Tavernise &#8211; ci viene detto che sono 25. Ma dove sono?<\/strong> Dove hanno volato? Quali incendi sono stati prevenuti o bloccati grazie al loro utilizzo? Ancora nessuna risposta. Nessuna trasparenza. Solo annunci e trionfalismi, mentre vigili del fuoco, forestali e volontari combattono con pochi mezzi, turni raddoppiati e condizioni estreme. A tutto questo si aggiunge<strong> la totale mancanza di rispetto istituzionale, che porta l&#8217;assessore ad accusare il M5S di infangare i calabresi<\/strong>, quando \u00e8 stato proprio il presidente Occhiuto, lo scorso anno, a puntare il dito contro un bambino di dieci anni, additandolo come responsabile di un incendio. Quella s\u00ec, \u00e8 stata una vergogna&#8221;. &#8220;Chi ha responsabilit\u00e0 istituzionali &#8211; conclude Tavernise &#8211; dovrebbe difendere i cittadini con i fatti, non attaccarli con le parole. E dovrebbe avere l&#8217;onest\u00e0 di riconoscere che la Calabria, oggi, ha bisogno di molto pi\u00f9 che di slogan: ha bisogno di risposte vere, interventi seri e trasparenza totale&#8221;.<\/p>\n","protected":false},"excerpt":{"rendered":"<p>CATANZARO &#8211; &#8220;Altro che propaganda, la nostra \u00e8 realt\u00e0 documentata. E la verit\u00e0, che d\u00e0 tanto fastidio all&#8217;assessore Calabrese, \u00e8 che la Calabria sta bruciando. Altro che &#8216;procurato allarme&#8217;: sono i numeri ufficiali dei Vigili del fuoco, sono le immagini drammatiche degli incendi tra la Sila, la Sibaritide, la Locride, il Vibonese, l&#8217;Alto Tirreno cosentino, [&hellip;]<\/p>\n","protected":false},"author":58,"featured_media":264120,"comment_status":"closed","ping_status":"closed","sticky":false,"template":"","format":"standard","meta":{"_acf_changed":false,"footnotes":"","jetpack_publicize_message":"","jetpack_publicize_feature_enabled":true,"jetpack_social_post_already_shared":false,"jetpack_social_options":{"image_generator_settings":{"template":"highway","default_image_id":0,"font":"","enabled":false},"version":2}},"categories":[17],"tags":[19],"class_list":["post-265778","post","type-post","status-publish","format-standard","has-post-thumbnail","hentry","category-calabria","tag-copertina"],"acf":[],"jetpack_publicize_connections":[],"_links":{"self":[{"href":"https:\/\/quicosenza.it\/news\/wp-json\/wp\/v2\/posts\/265778","targetHints":{"allow":["GET"]}}],"collection":[{"href":"https:\/\/quicosenza.it\/news\/wp-json\/wp\/v2\/posts"}],"about":[{"href":"https:\/\/quicosenza.it\/news\/wp-json\/wp\/v2\/types\/post"}],"author":[{"embeddable":true,"href":"https:\/\/quicosenza.it\/news\/wp-json\/wp\/v2\/users\/58"}],"replies":[{"embeddable":true,"href":"https:\/\/quicosenza.it\/news\/wp-json\/wp\/v2\/comments?post=265778"}],"version-history":[{"count":0,"href":"https:\/\/quicosenza.it\/news\/wp-json\/wp\/v2\/posts\/265778\/revisions"}],"wp:featuredmedia":[{"embeddable":true,"href":"https:\/\/quicosenza.it\/news\/wp-json\/wp\/v2\/media\/264120"}],"wp:attachment":[{"href":"https:\/\/quicosenza.it\/news\/wp-json\/wp\/v2\/media?parent=265778"}],"wp:term":[{"taxonomy":"category","embeddable":true,"href":"https:\/\/quicosenza.it\/news\/wp-json\/wp\/v2\/categories?post=265778"},{"taxonomy":"post_tag","embeddable":true,"href":"https:\/\/quicosenza.it\/news\/wp-json\/wp\/v2\/tags?post=265778"}],"curies":[{"name":"wp","href":"https:\/\/api.w.org\/{rel}","templated":true}]}}