{"id":265779,"date":"2025-07-29T09:00:27","date_gmt":"2025-07-29T07:00:27","guid":{"rendered":"https:\/\/www.quicosenza.it\/news\/?p=265779"},"modified":"2025-07-29T08:39:50","modified_gmt":"2025-07-29T06:39:50","slug":"giovedi-al-via-il-festival-delle-alici-del-tirreno-cosentino-unedizione-che-si-preannuncia-da-record","status":"publish","type":"post","link":"https:\/\/quicosenza.it\/news\/giovedi-al-via-il-festival-delle-alici-del-tirreno-cosentino-unedizione-che-si-preannuncia-da-record\/","title":{"rendered":"Gioved\u00ec al via il &#8220;Festival delle alici del Tirreno Cosentino&#8221;, un&#8217;edizione che si preannuncia da record"},"content":{"rendered":"<p>CATANZARO &#8211; \u00c8 stata presentata ieri, presso la Cittadella Regionale, l&#8217;<strong>edizione 2025 del &#8220;Festival delle Alici del Tirreno Cosentino&#8221;<\/strong> che si terr\u00e0 a Fuscaldo <strong>dal 31 luglio al 3 Agosto<\/strong>. A presentare l&#8217;attesa<a href=\"https:\/\/quicosenza.it\/news\/tirreno\/fuscaldo-si-tinge-di-blu-dal-31-luglio-al-3-agosto-festival-delle-alici-del-tirreno-cosentino-identita-e-tradizioni\" target=\"_blank\" rel=\"noopener\"> manifestazione<\/a>, sempre pi\u00f9 evento-simbolo dell&#8217;estate Fuscaldese e di tutto il Tirreno Cosentino, l\u2019a<strong>ssessore regionale all\u2019Agricoltura Gianluca Gallo<\/strong>, il primo cittadino di Fuscaldo,<strong> Giacomo Middea<\/strong>, l\u2019<strong>agrichef Enzo Barbieri<\/strong>, l\u2019<strong>imprenditore Mimmo Rosselli<\/strong>, che da un anno ha avviato l\u2019azienda<strong> \u201cAlici di Fuscaldo<\/strong>\u201d, e da remoto il <strong>direttore artistico dell\u2019evento, Antonio Spaccarotella<\/strong>.<\/p>\n<h3>Gallo &#8220;Evento di qualit\u00e0 che promuove un intero territorio&#8221;<\/h3>\n<p>\u201cCome assessorato abbiamo voluto sostenere questa manifestazione perch\u00e9<strong> questo prodotto ittico \u00e8 un importante marcatore identitario del tirreno Cosentino e di tutta la nostra regione<\/strong> \u2013 ha spiegato l\u2019assessore regionale, Gianluca Gallo -. Grazie ad esperienze come queste, che sono veri e propri eventi che coinvolgono un ampio territorio vogliamo raccontare una Calabria diversa: in questo, il comune Fuscaldo ci sta riuscendo benissimo, proponendo eventi di promozione di qualit\u00e0 e di respiro nazionale. <strong>\u00c8 necessario avere sempre di pi\u00f9 l\u2019ambizione alla qualit\u00e0 a costruire eventi capaci di attrarre e dimostrare che il passo avanti \u00e8 stato fatto, con un approccio finalmente diverso<\/strong> \u2013 ha concluso l\u2019assessore Gallo \u2013 e che vede i comuni collaborare insieme, come in questo caso, per costruire insieme un pezzo di futuro\u201d.<\/p>\n<div style=\"width: 640px;\" class=\"wp-video\"><video class=\"wp-video-shortcode\" id=\"video-265779-1\" width=\"640\" height=\"360\" preload=\"metadata\" controls=\"controls\"><source type=\"video\/mp4\" src=\"https:\/\/quicosenza.it\/news\/wp-content\/uploads\/2025\/07\/Festival-Alici-fuscaldo-2025_video.mp4?_=1\" \/><a href=\"https:\/\/quicosenza.it\/news\/wp-content\/uploads\/2025\/07\/Festival-Alici-fuscaldo-2025_video.mp4\">https:\/\/quicosenza.it\/news\/wp-content\/uploads\/2025\/07\/Festival-Alici-fuscaldo-2025_video.mp4<\/a><\/video><\/div>\n<h3>Festival delle alici del Tirreno Cosentino il programma delle\u00a0 4 serate<\/h3>\n<p>Il sindaco di Fuscaldo, Giacomo Middea, ha illustrato i<strong>l programma delle quattro serate<\/strong> che saranno caratterizzate da un mix di tradizione e spettacoli, parate colorate tra le vie del borgo della Marina, la musica delle street band, i giochi sospesi dei Mattacchioni Volanti ed il fascino senza tempo di statue viventi e mimi itineranti. E poi, il sapore autentico del gusto con \u201c<strong>Alici in tavola \u2013 l\u2019oro di Fuscaldo<\/strong>\u201d: <strong>mostre interattive, show cooking dal vivo e racconti appassionanti tra piatti antichi e sapori innovativi<\/strong>. Ed ancora, un\u2019immersione virtuale e visiva nel blu, con il c<strong>oncorso fotografico \u201cPescatori di Stelle\u201d<\/strong>, le mostre e gli incontri tematici dedicati al mare dove, quest\u2019anno per la prima volta, si svolgeranno le gare di vela con la Fuscaldo\u2019s Cup, dedicate a Bruno Giordano, il compianto procuratore della procura della repubblica di Paola che aveva dedicato buona parte della sua vita alla tutela dell\u2019ambiente.<\/p>\n<p><iframe loading=\"lazy\" style=\"border: none; overflow: hidden;\" src=\"https:\/\/www.facebook.com\/plugins\/post.php?href=https%3A%2F%2Fwww.facebook.com%2Ffestivaldellealicifuscaldo%2Fposts%2Fpfbid02DcYfsoyS9kFeuUSftjD61VoBe8Rpa7f2ZjWuMRBi8FVtowjrfy95Y5PnYJRnssp6l&amp;show_text=true&amp;width=500\" width=\"500\" height=\"689\" frameborder=\"0\" scrolling=\"no\" allowfullscreen=\"allowfullscreen\"><\/iframe><\/p>\n<p>Ma non finisce qui! <strong>Quest&#8217;anno la novit\u00e0 \u00e8 la Fuscaldo&#8217;s Cup, la magia della vela<\/strong>&#8230; fino al gran finale con l&#8217;affascinante ed unico spettacolo piromusicale.\u00a0Ogni sera, <strong>dalle ore 20.00, tra sapori, musica ed emozioni, le eccellenze della gastronomia locale ed un percorso del gusto in cui assaporare ogni prelibatezza a base di alici<\/strong>, faranno da cornice ad una manifestazione originale, che ha le proprie radici nell&#8217;identit\u00e0 e nelle tradizioni, che rappresentano un tratto distintivo fondamentale, in quello che \u00e8 una forte e comunitaria azione sinergica di rilancio identitario, turistico, sociale e culturale. <strong>L\u2019appuntamento \u00e8 dal 31 luglio a Fuscaldo Marina per quattro giorni di sapori e profumi del<a href=\"https:\/\/www.ilfestivaldellealici.it\/\" target=\"_blank\" rel=\"noopener\"> Tirreno con il Festival delle Alici<\/a><\/strong>.<\/p>\n<p>&nbsp;<\/p>\n<p>&nbsp;<\/p>\n","protected":false},"excerpt":{"rendered":"<p>CATANZARO &#8211; \u00c8 stata presentata ieri, presso la Cittadella Regionale, l&#8217;edizione 2025 del &#8220;Festival delle Alici del Tirreno Cosentino&#8221; che si terr\u00e0 a Fuscaldo dal 31 luglio al 3 Agosto. A presentare l&#8217;attesa manifestazione, sempre pi\u00f9 evento-simbolo dell&#8217;estate Fuscaldese e di tutto il Tirreno Cosentino, l\u2019assessore regionale all\u2019Agricoltura Gianluca Gallo, il primo cittadino di Fuscaldo, [&hellip;]<\/p>\n","protected":false},"author":55,"featured_media":265781,"comment_status":"closed","ping_status":"closed","sticky":false,"template":"","format":"standard","meta":{"_acf_changed":false,"footnotes":"","jetpack_publicize_message":"","jetpack_publicize_feature_enabled":true,"jetpack_social_post_already_shared":false,"jetpack_social_options":{"image_generator_settings":{"template":"highway","default_image_id":0,"font":"","enabled":false},"version":2}},"categories":[576],"tags":[19],"class_list":["post-265779","post","type-post","status-publish","format-standard","has-post-thumbnail","hentry","category-tirreno","tag-copertina"],"acf":[],"jetpack_publicize_connections":[],"_links":{"self":[{"href":"https:\/\/quicosenza.it\/news\/wp-json\/wp\/v2\/posts\/265779","targetHints":{"allow":["GET"]}}],"collection":[{"href":"https:\/\/quicosenza.it\/news\/wp-json\/wp\/v2\/posts"}],"about":[{"href":"https:\/\/quicosenza.it\/news\/wp-json\/wp\/v2\/types\/post"}],"author":[{"embeddable":true,"href":"https:\/\/quicosenza.it\/news\/wp-json\/wp\/v2\/users\/55"}],"replies":[{"embeddable":true,"href":"https:\/\/quicosenza.it\/news\/wp-json\/wp\/v2\/comments?post=265779"}],"version-history":[{"count":0,"href":"https:\/\/quicosenza.it\/news\/wp-json\/wp\/v2\/posts\/265779\/revisions"}],"wp:featuredmedia":[{"embeddable":true,"href":"https:\/\/quicosenza.it\/news\/wp-json\/wp\/v2\/media\/265781"}],"wp:attachment":[{"href":"https:\/\/quicosenza.it\/news\/wp-json\/wp\/v2\/media?parent=265779"}],"wp:term":[{"taxonomy":"category","embeddable":true,"href":"https:\/\/quicosenza.it\/news\/wp-json\/wp\/v2\/categories?post=265779"},{"taxonomy":"post_tag","embeddable":true,"href":"https:\/\/quicosenza.it\/news\/wp-json\/wp\/v2\/tags?post=265779"}],"curies":[{"name":"wp","href":"https:\/\/api.w.org\/{rel}","templated":true}]}}