{"id":265814,"date":"2025-07-30T17:19:42","date_gmt":"2025-07-30T15:19:42","guid":{"rendered":"https:\/\/www.quicosenza.it\/news\/?p=265814"},"modified":"2025-07-30T17:19:57","modified_gmt":"2025-07-30T15:19:57","slug":"lago-torna-sustaria-festival-tre-giorni-di-laboratori-incontri-concerti-e-socialita","status":"publish","type":"post","link":"https:\/\/quicosenza.it\/news\/lago-torna-sustaria-festival-tre-giorni-di-laboratori-incontri-concerti-e-socialita\/","title":{"rendered":"Lago, torna Sustar\u00eca Festival: tre giorni di laboratori, incontri, concerti e socialit\u00e0"},"content":{"rendered":"<p>LAGO (CS) &#8211; Torna <strong>Sustar\u00eca Festival<\/strong>, <strong>dall&#8217;1 al 3 agosto<\/strong>, a Lago in provincia di Cosenza. Saranno tre giorni di <strong>&#8220;irrequietezza popolare&#8221;<\/strong> cos\u00ec come viene descritta dagli organizzatori con la sesta edizione che proporr\u00e0 <strong>laboratori, incontri, concerti e socialit\u00e0.<\/strong><\/p>\n<p>&#8220;La parola \u201csustar\u00eca\u201d nel dialetto di Lago &#8211; spiegano gli organizzatori &#8211; evoca l\u2019irrequietezza creativa che si sfoga nell\u2019arte, nell\u2019artigianato e in tutte le forme espressive della cultura popolare. Il festival, nato nel 2020 per volont\u00e0 dell\u2019associazione culturale Sustar\u00eca, giunge alla sua sesta edizione con un programma ricco di attivit\u00e0&#8221;.<\/p>\n<h3>Il programma di Sustar\u00eca Festival<\/h3>\n<p>Le mattinate saranno dedicate principalmente ai laboratori per tutte le et\u00e0: <strong>storytelling per bambini<\/strong> finalizzato all\u2019invenzione di personaggi, <strong>carta fatta a mano<\/strong> a partire da scarti da riciclare, <strong>cucina palestinese<\/strong> con la guida di chef Ali con a seguire il <strong>pranzo e stampa analogica<\/strong> a cura della stamperia artigianale SenzaPressa.<\/p>\n<p>Nel pomeriggio di venerd\u00ec 1 ci sar\u00e0 la <strong>conversazione<\/strong> con il professore e scrittore <strong>Giuseppe Bornino<\/strong> sul suo libro Riothsophia. Piccolo abecedario del pensiero in rivolta, a seguire l\u2019aperitivo a base di taralli e vino, per terminare con <strong>\u201cFronni d\u2019Alia\u201d<\/strong> il concerto di Hiram Salsano e Marcello De Carolis, voce, tamburi e chitarra battente.<\/p>\n<p><img loading=\"lazy\" decoding=\"async\" class=\"aligncenter wp-image-265816 \" src=\"https:\/\/quicosenza.it\/news\/wp-content\/uploads\/2025\/07\/Locandina-sustaria-VI-ed.jpeg\" alt=\"\" width=\"425\" height=\"601\" title=\"\" srcset=\"https:\/\/quicosenza.it\/news\/wp-content\/uploads\/2025\/07\/Locandina-sustaria-VI-ed.jpeg 1131w, https:\/\/quicosenza.it\/news\/wp-content\/uploads\/2025\/07\/Locandina-sustaria-VI-ed-212x300.jpeg 212w, https:\/\/quicosenza.it\/news\/wp-content\/uploads\/2025\/07\/Locandina-sustaria-VI-ed-724x1024.jpeg 724w, https:\/\/quicosenza.it\/news\/wp-content\/uploads\/2025\/07\/Locandina-sustaria-VI-ed-768x1086.jpeg 768w, https:\/\/quicosenza.it\/news\/wp-content\/uploads\/2025\/07\/Locandina-sustaria-VI-ed-1086x1536.jpeg 1086w, https:\/\/quicosenza.it\/news\/wp-content\/uploads\/2025\/07\/Locandina-sustaria-VI-ed-297x420.jpeg 297w, https:\/\/quicosenza.it\/news\/wp-content\/uploads\/2025\/07\/Locandina-sustaria-VI-ed-150x212.jpeg 150w, https:\/\/quicosenza.it\/news\/wp-content\/uploads\/2025\/07\/Locandina-sustaria-VI-ed-300x424.jpeg 300w, https:\/\/quicosenza.it\/news\/wp-content\/uploads\/2025\/07\/Locandina-sustaria-VI-ed-696x985.jpeg 696w, https:\/\/quicosenza.it\/news\/wp-content\/uploads\/2025\/07\/Locandina-sustaria-VI-ed-1068x1511.jpeg 1068w\" sizes=\"auto, (max-width: 425px) 100vw, 425px\" \/><\/p>\n<p>Sabato 2, dopo un secondo appuntamento di taralli e vino, Davide Ambrogio, polistrumentista calabrese, presenter\u00e0 il suo concerto \u201cEvocazioni e Invocazioni\u201d in una versione semi acustica e con la partecipazione di Valeria Taccone. Tutti i concerti sono a ingresso gratuito e si terranno nel largo della chiesa della SS. Annunziata.<\/p>\n<p>La mattina di domenica 3, in collaborazione con l\u2019associazione I Caminanti ci sar\u00e0 un <strong>trekking<\/strong>, un passeggiata nella natura risalendo il corso del fiume Eliceto. In serata, il festival si concluder\u00e0 con <strong>Dj Sam Kalabria<\/strong> in console e drink.<\/p>\n<p>&nbsp;<\/p>\n","protected":false},"excerpt":{"rendered":"<p>LAGO (CS) &#8211; Torna Sustar\u00eca Festival, dall&#8217;1 al 3 agosto, a Lago in provincia di Cosenza. Saranno tre giorni di &#8220;irrequietezza popolare&#8221; cos\u00ec come viene descritta dagli organizzatori con la sesta edizione che proporr\u00e0 laboratori, incontri, concerti e socialit\u00e0. &#8220;La parola \u201csustar\u00eca\u201d nel dialetto di Lago &#8211; spiegano gli organizzatori &#8211; evoca l\u2019irrequietezza creativa che [&hellip;]<\/p>\n","protected":false},"author":90,"featured_media":265817,"comment_status":"closed","ping_status":"closed","sticky":false,"template":"","format":"standard","meta":{"_acf_changed":false,"footnotes":"","jetpack_publicize_message":"","jetpack_publicize_feature_enabled":true,"jetpack_social_post_already_shared":false,"jetpack_social_options":{"image_generator_settings":{"template":"highway","default_image_id":0,"font":"","enabled":false},"version":2}},"categories":[576],"tags":[],"class_list":["post-265814","post","type-post","status-publish","format-standard","has-post-thumbnail","hentry","category-tirreno"],"acf":[],"jetpack_publicize_connections":[],"_links":{"self":[{"href":"https:\/\/quicosenza.it\/news\/wp-json\/wp\/v2\/posts\/265814","targetHints":{"allow":["GET"]}}],"collection":[{"href":"https:\/\/quicosenza.it\/news\/wp-json\/wp\/v2\/posts"}],"about":[{"href":"https:\/\/quicosenza.it\/news\/wp-json\/wp\/v2\/types\/post"}],"author":[{"embeddable":true,"href":"https:\/\/quicosenza.it\/news\/wp-json\/wp\/v2\/users\/90"}],"replies":[{"embeddable":true,"href":"https:\/\/quicosenza.it\/news\/wp-json\/wp\/v2\/comments?post=265814"}],"version-history":[{"count":0,"href":"https:\/\/quicosenza.it\/news\/wp-json\/wp\/v2\/posts\/265814\/revisions"}],"wp:featuredmedia":[{"embeddable":true,"href":"https:\/\/quicosenza.it\/news\/wp-json\/wp\/v2\/media\/265817"}],"wp:attachment":[{"href":"https:\/\/quicosenza.it\/news\/wp-json\/wp\/v2\/media?parent=265814"}],"wp:term":[{"taxonomy":"category","embeddable":true,"href":"https:\/\/quicosenza.it\/news\/wp-json\/wp\/v2\/categories?post=265814"},{"taxonomy":"post_tag","embeddable":true,"href":"https:\/\/quicosenza.it\/news\/wp-json\/wp\/v2\/tags?post=265814"}],"curies":[{"name":"wp","href":"https:\/\/api.w.org\/{rel}","templated":true}]}}