{"id":265844,"date":"2025-07-29T14:30:29","date_gmt":"2025-07-29T12:30:29","guid":{"rendered":"https:\/\/www.quicosenza.it\/news\/?p=265844"},"modified":"2025-07-29T13:58:06","modified_gmt":"2025-07-29T11:58:06","slug":"mercure-laghi-sentenza-da-leggere-bene-esplicita-tutela-delle-aree-protette-rischi-delle-biomasse","status":"publish","type":"post","link":"https:\/\/quicosenza.it\/news\/mercure-laghi-sentenza-da-leggere-bene-esplicita-tutela-delle-aree-protette-rischi-delle-biomasse\/","title":{"rendered":"Mercure, Laghi: &#8220;sentenza da leggere bene. Esplicita tutela delle aree protette, rischi delle biomasse&#8221;"},"content":{"rendered":"<p>LAINO BORGO (CS) &#8211; E&#8217; stata giudicata <strong>incostituzionale<\/strong> la norma che imponeva alle centrali a biomasse, all&#8217;interno delle aree protette, di ridurre la potenza sotto i 10Mw termici, pi\u00f9 nota come &#8220;<a href=\"https:\/\/quicosenza.it\/news\/provincia\/centrale-del-mercure-la-corte-costituzionale-boccia-la-legge-laghi-graziano-sentenza-storica\">legge Laghi<\/a>&#8220;. A stabilirlo \u00e8 la Corte Costituzionale che<strong> ieri ha reso nota la sentenza che,<\/strong> di fatto, cancella l&#8217;articolo 14 della legge regionale n.36\/2024 della Calabria,<strong> &#8220;ma certamente non senza se e senza ma.<\/strong> L&#8217;articolo in questione riguardava le altre aree protette calabresi, introducendo quanto previsto nel Piano del Parco Nazionale del Pollino, in cui \u00e8 previsto il contingentamento della potenza delle centrali a biomasse nell&#8217;area del Parco pi\u00f9 grande d&#8217;Italia. Piano del Parco che, dopo la sua recente approvazione anche da parte della Regione Basilicata, entra finalmente in vigore, dopo oltre 30 anni di attesa&#8221;.<\/p>\n<p>A dirlo \u00e8 lo stesso Ferdinando Laghi Consigliere regionale la cui legge porta il nome e che, sottolinea &#8220;<strong>solo indirettamente tirava in ballo la mega centrale del Mercure,<\/strong> situata nel cuore del Parco del Pollino e oggetto da ben oltre venti anni di proteste e mobilitazioni popolari da parte degli abitanti della Valle. Alla centrale sono addebitati i danni provocati in passato e i rischi &#8211; collegati all&#8217;incenerimento di<strong> 350.000 tonnellate di alberi all&#8217;anno<\/strong> e alle emissioni di <strong>centinaia di TIR adibiti al trasporto delle biomasse<\/strong> &#8211; per la salute dei residenti, a causa dell&#8217;emissione di sostanze nocive derivanti dai processi di combustione&#8221;.<\/p>\n<h4>&#8220;Leggere bene la sentenza, apre prospettive interessanti per le aree protette&#8221;<\/h4>\n<p>&#8220;Al di l\u00e0 delle scomposte reazioni di alcuni, tra cui qualche disinformato collega Consigliere regionale, &#8211; commenta Ferdinando Laghi &#8211; la sentenza, per chi ha avuto la cura di leggerla, apre <strong>prospettive assai interessanti per le aree protette<\/strong>. Prospettive che, certo, non possono essere oscurate dalle miserabili e consuete bugie su assai presunte migliaia di posti lavoro a rischio e su uno sviluppo di un Parco Nazionale &#8220;sostenuto&#8221; da un mega impianto industriale. <strong>In ogni caso, se anche la centrale chiudesse i battenti domani<\/strong> &#8211; continua Laghi &#8211; <strong>i posti di lavoro a rischio sarebbero pari a zero!<\/strong> L&#8217;enorme deficit di biomasse da parte delle altre centrali calabresi, che costringe all&#8217;importazione da aree lontane o lontanissime di molte centinaia di migliaia di tonnellate di legname l&#8217;anno, resterebbe deficit, anche assorbendo totalmente le biomasse destinate alla centrale del Mercure. Senza dimenticare che quelle raccolte localmente rappresentano solo un&#8217;esigua percentuale delle biomasse necessarie al funzionamento della centrale. Le fandonie, poi, su uno sviluppo industriale pesante, definito &#8220;sostenibile&#8221;, in un Parco Nazionale che ha la sua ragion d&#8217;essere in tutt&#8217;altro ambito, quello della tutela dell&#8217;ambiente e della biodiversit\u00e0, si commenta da s\u00e8&#8221;.<\/p>\n<h3>&#8220;La vittoria di Pirro&#8221;<\/h3>\n<p>&#8220;In ogni caso, gli <strong>spunti<\/strong>, importantissimi, della sentenza, che a mio modo di vedere \u00e8 una classica &#8220;<strong>vittoria di Pirro&#8221;<\/strong>, sono tanti e confortanti \u2013 entra nel merito Laghi -. In primo luogo, viene sottolineata l&#8217;importanza prioritaria della tutela delle aree protette e dell&#8217;ambiente in generale, anche sulla base del pi\u00f9 volte richiamato articolo 9 della Costituzione, nella sua pi\u00f9 recente formulazione che gli attribuisce il rango legislativo pi\u00f9 elevato, cio\u00e8 quello costituzionale. Ma anche la potest\u00e0 legislativa riconosciuta alle Regioni di individuare aree idonee e non idonee per impianti di produzione di energia da fonti rinnovabili, con la specificazione che le biomasse, per le loro caratteristiche climalteranti derivanti dalla combustione, devono indurre a particolare cautela, anche nell&#8217;ambito delle stesse Fonti di Energia Rinnovabile (FER). Lo stesso strumento utilizzato nella &#8220;norma Laghi&#8221; &#8211; conclude il Consigliere-, cio\u00e8 una legge piuttosto che un atto amministrativo, \u00e8 stato giudicato dalla Corte utilizzabile, seppur a determinate condizioni&#8221;.<\/p>\n<p>&#8220;In definitiva <strong>penso<\/strong> si possa dire <strong>che la Corte Costituzionale<\/strong> <strong>abbia &#8220;apprezzato&#8221; lo spirito della legge,<\/strong> pur non condividendone le modalit\u00e0 di realizzazione. Ne prendiamo atto e ne faremo tesoro \u2013 termina il Consigliere Laghi -, certo \u00e8 che l&#8217;impegno per la tutela della salute, dell&#8217;ambiente e dello sviluppo vero e duraturo della Calabria, secondo le vocazioni della nostra terra, continuer\u00e0 con rinnovato slancio&#8221;.<\/p>\n","protected":false},"excerpt":{"rendered":"<p>LAINO BORGO (CS) &#8211; E&#8217; stata giudicata incostituzionale la norma che imponeva alle centrali a biomasse, all&#8217;interno delle aree protette, di ridurre la potenza sotto i 10Mw termici, pi\u00f9 nota come &#8220;legge Laghi&#8220;. A stabilirlo \u00e8 la Corte Costituzionale che ieri ha reso nota la sentenza che, di fatto, cancella l&#8217;articolo 14 della legge regionale [&hellip;]<\/p>\n","protected":false},"author":42,"featured_media":262942,"comment_status":"closed","ping_status":"closed","sticky":false,"template":"","format":"standard","meta":{"_acf_changed":false,"footnotes":"","jetpack_publicize_message":"","jetpack_publicize_feature_enabled":true,"jetpack_social_post_already_shared":false,"jetpack_social_options":{"image_generator_settings":{"template":"highway","default_image_id":0,"font":"","enabled":false},"version":2}},"categories":[28],"tags":[19],"class_list":["post-265844","post","type-post","status-publish","format-standard","has-post-thumbnail","hentry","category-provincia","tag-copertina"],"acf":[],"jetpack_publicize_connections":[],"_links":{"self":[{"href":"https:\/\/quicosenza.it\/news\/wp-json\/wp\/v2\/posts\/265844","targetHints":{"allow":["GET"]}}],"collection":[{"href":"https:\/\/quicosenza.it\/news\/wp-json\/wp\/v2\/posts"}],"about":[{"href":"https:\/\/quicosenza.it\/news\/wp-json\/wp\/v2\/types\/post"}],"author":[{"embeddable":true,"href":"https:\/\/quicosenza.it\/news\/wp-json\/wp\/v2\/users\/42"}],"replies":[{"embeddable":true,"href":"https:\/\/quicosenza.it\/news\/wp-json\/wp\/v2\/comments?post=265844"}],"version-history":[{"count":0,"href":"https:\/\/quicosenza.it\/news\/wp-json\/wp\/v2\/posts\/265844\/revisions"}],"wp:featuredmedia":[{"embeddable":true,"href":"https:\/\/quicosenza.it\/news\/wp-json\/wp\/v2\/media\/262942"}],"wp:attachment":[{"href":"https:\/\/quicosenza.it\/news\/wp-json\/wp\/v2\/media?parent=265844"}],"wp:term":[{"taxonomy":"category","embeddable":true,"href":"https:\/\/quicosenza.it\/news\/wp-json\/wp\/v2\/categories?post=265844"},{"taxonomy":"post_tag","embeddable":true,"href":"https:\/\/quicosenza.it\/news\/wp-json\/wp\/v2\/tags?post=265844"}],"curies":[{"name":"wp","href":"https:\/\/api.w.org\/{rel}","templated":true}]}}