{"id":265934,"date":"2025-07-30T09:35:34","date_gmt":"2025-07-30T07:35:34","guid":{"rendered":"https:\/\/www.quicosenza.it\/news\/?p=265934"},"modified":"2025-07-30T10:05:02","modified_gmt":"2025-07-30T08:05:02","slug":"i-garanti-dei-diritti-delle-persone-private-della-liberta-si-mobilitano-fermare-la-strage-di-vite-e-di-diritti-nelle-carceri","status":"publish","type":"post","link":"https:\/\/quicosenza.it\/news\/i-garanti-dei-diritti-delle-persone-private-della-liberta-si-mobilitano-fermare-la-strage-di-vite-e-di-diritti-nelle-carceri\/","title":{"rendered":"I Garanti dei diritti delle persone private della libert\u00e0 si mobilitano \u00abfermare la strage di vite e di diritti nelle carceri\u00bb"},"content":{"rendered":"<p>CASTROVILLARI &#8211; Anche il garante per le persone private della libert\u00e0 personale del Comune di Castrovillari,<strong> Tina Zaccato,<\/strong> ha aderito alla proposta dalla <strong>Conferenza nazionale dei Garanti territoriali<\/strong>: fermare la strage di vite e di diritti nelle carceri Italiane! Per questo oggi, 30 luglio, \u00e8 stata indetta una giornata di mobilitazione nazionale.<\/p>\n<p>\u00abIl Presidente della Repubblica, il 30 giugno, rivolgendosi al Dipartimento dell\u2019Amministrazione Penitenziaria (D.A.P.) ha espresso un richiamo forte rivolto al Governo e alla Politica in generale con cui, espressamente, ha sottolineato che l<strong>e carceri non possono calpestare i diritti dei detenuti<\/strong> e <strong>\u201cnon devono essere una fabbrica di criminalit\u00e0<\/strong>. D\u2019altronde &#8211; prosegue il documento congiunto dei garanti territoriali &#8211; <strong>un criminale recuperato nella societ\u00e0 \u00e8 una garanzia di sicurezza per tutti e, soprattutto, un obiettivo costituzionale\u00bb<\/strong>.<\/p>\n<div id=\"attachment_254639\" style=\"width: 547px\" class=\"wp-caption aligncenter\"><a href=\"https:\/\/quicosenza.it\/news\/wp-content\/uploads\/2025\/03\/Tina-Zaccato-garante-detenuti-Castrovillari.jpg\"><img loading=\"lazy\" decoding=\"async\" aria-describedby=\"caption-attachment-254639\" class=\" wp-image-254639\" src=\"https:\/\/quicosenza.it\/news\/wp-content\/uploads\/2025\/03\/Tina-Zaccato-garante-detenuti-Castrovillari.jpg\" alt=\"Tina Zaccato garante detenuti Castrovillari\" width=\"537\" height=\"346\" title=\"\" srcset=\"https:\/\/quicosenza.it\/news\/wp-content\/uploads\/2025\/03\/Tina-Zaccato-garante-detenuti-Castrovillari.jpg 970w, https:\/\/quicosenza.it\/news\/wp-content\/uploads\/2025\/03\/Tina-Zaccato-garante-detenuti-Castrovillari-300x193.jpg 300w, https:\/\/quicosenza.it\/news\/wp-content\/uploads\/2025\/03\/Tina-Zaccato-garante-detenuti-Castrovillari-768x494.jpg 768w, https:\/\/quicosenza.it\/news\/wp-content\/uploads\/2025\/03\/Tina-Zaccato-garante-detenuti-Castrovillari-653x420.jpg 653w, https:\/\/quicosenza.it\/news\/wp-content\/uploads\/2025\/03\/Tina-Zaccato-garante-detenuti-Castrovillari-150x96.jpg 150w, https:\/\/quicosenza.it\/news\/wp-content\/uploads\/2025\/03\/Tina-Zaccato-garante-detenuti-Castrovillari-696x448.jpg 696w\" sizes=\"auto, (max-width: 537px) 100vw, 537px\" \/><\/a><p id=\"caption-attachment-254639\" class=\"wp-caption-text\">Tina Zaccato garante detenuti Castrovillari<\/p><\/div>\n<p>\u00abI<strong>l sovraffollamento e i suicidi \u201csono un\u2019emergenza sociale sulla quale occorre interrogarsi per porvi fine immediatamente\u201d<\/strong>. Infine, ultimo appello concreto con specifico riguardo alla piaga citata, per il Presidente <strong>\u201cle carceri sono sovraffollate anche per l\u2019insufficiente ricorso all\u2019applicazione di pene alternative e dell\u2019eccessivo utilizzo della carcerazione preventiva\u201d<\/strong>. Ci\u00f2 concerne anche gli istituti minorili su cui si registrano dati allarmanti e numeri che dai 385 detenuti indicizzati nel maggio 2023, si raddoppiano sino a 586 a giugno 2025 dopo il c.d. Decreto Caivano\u00bb.<\/p>\n<p>La Conferenza Nazionale dei Garanti territoriali delle persone private della libert\u00e0<strong> ha indetto per oggi, mercoled\u00ec 30 luglio, a un mese esatto da questo appello o, per meglio dire, da questo rimprovero alla politica, una manifestazione per sensibilizzare l\u2019opinione pubblica e per sollecitare la politica nel suo complesso, esortando il Governo a mettere in campo soluzioni immediate e concrete alle parole dure, inequivocabili del Presidente della Repubblica<\/strong>. \u00ab\u00c8 necessario un provvedimento urgente finalizzato alla riduzione del sovraffollamento in nome della dignit\u00e0, come ad esempio \u00e8 stato fatto dal Governo Berlusconi nel 2003 e nel 2010\u00bb.<\/p>\n<p>\u00abNel frattempo, per\u00f2, non <strong>possiamo pi\u00f9 assistere ignavi alle morti quotidiane di uomini e diritti<\/strong>. Bisogna che la politica intervenga non subito, ma ORA! Lo chiedono tutte le coscienze oneste. La proposta Giachetti inerente alla liberazione anticipata sociale appare, per molti versi, in linea con le attuali emergenze seppur di contenuto deflattivo. Tuttavia, una riduzione semestrale di 75 giorni, in luogo dei 60 contemplati nella proposta, da concedere con tempistiche prioritarie, gi\u00e0 sortirebbe l\u2019effetto di ridurre sensibilmente le criticit\u00e0 in argomento. Tutto ci\u00f2, naturalmente, \u00e8 possibile solo se la politica trova la responsabilit\u00e0 e il coraggio necessario per ottenere un consenso generalizzato, trasversale, per conseguire il quorum necessario all\u2019emanazione del provvedimento. <strong>Il 30 luglio invitiamo deputati, senatori, europarlamentari e consiglieri regionali a entrare con Noi negli istituti penitenziari adulti e minorili\u00bb.<\/strong><\/p>\n","protected":false},"excerpt":{"rendered":"<p>CASTROVILLARI &#8211; Anche il garante per le persone private della libert\u00e0 personale del Comune di Castrovillari, Tina Zaccato, ha aderito alla proposta dalla Conferenza nazionale dei Garanti territoriali: fermare la strage di vite e di diritti nelle carceri Italiane! Per questo oggi, 30 luglio, \u00e8 stata indetta una giornata di mobilitazione nazionale. \u00abIl Presidente della [&hellip;]<\/p>\n","protected":false},"author":55,"featured_media":244896,"comment_status":"closed","ping_status":"closed","sticky":false,"template":"","format":"standard","meta":{"_acf_changed":false,"footnotes":"","jetpack_publicize_message":"","jetpack_publicize_feature_enabled":true,"jetpack_social_post_already_shared":false,"jetpack_social_options":{"image_generator_settings":{"template":"highway","default_image_id":0,"font":"","enabled":false},"version":2}},"categories":[28],"tags":[19],"class_list":["post-265934","post","type-post","status-publish","format-standard","has-post-thumbnail","hentry","category-provincia","tag-copertina"],"acf":[],"jetpack_publicize_connections":[],"_links":{"self":[{"href":"https:\/\/quicosenza.it\/news\/wp-json\/wp\/v2\/posts\/265934","targetHints":{"allow":["GET"]}}],"collection":[{"href":"https:\/\/quicosenza.it\/news\/wp-json\/wp\/v2\/posts"}],"about":[{"href":"https:\/\/quicosenza.it\/news\/wp-json\/wp\/v2\/types\/post"}],"author":[{"embeddable":true,"href":"https:\/\/quicosenza.it\/news\/wp-json\/wp\/v2\/users\/55"}],"replies":[{"embeddable":true,"href":"https:\/\/quicosenza.it\/news\/wp-json\/wp\/v2\/comments?post=265934"}],"version-history":[{"count":0,"href":"https:\/\/quicosenza.it\/news\/wp-json\/wp\/v2\/posts\/265934\/revisions"}],"wp:featuredmedia":[{"embeddable":true,"href":"https:\/\/quicosenza.it\/news\/wp-json\/wp\/v2\/media\/244896"}],"wp:attachment":[{"href":"https:\/\/quicosenza.it\/news\/wp-json\/wp\/v2\/media?parent=265934"}],"wp:term":[{"taxonomy":"category","embeddable":true,"href":"https:\/\/quicosenza.it\/news\/wp-json\/wp\/v2\/categories?post=265934"},{"taxonomy":"post_tag","embeddable":true,"href":"https:\/\/quicosenza.it\/news\/wp-json\/wp\/v2\/tags?post=265934"}],"curies":[{"name":"wp","href":"https:\/\/api.w.org\/{rel}","templated":true}]}}