{"id":266157,"date":"2025-08-01T10:00:59","date_gmt":"2025-08-01T08:00:59","guid":{"rendered":"https:\/\/www.quicosenza.it\/news\/?p=266157"},"modified":"2025-08-01T09:51:13","modified_gmt":"2025-08-01T07:51:13","slug":"lesodo-estivo-entra-nel-vivo-bollino-nero-per-la-mattinata-di-domani-chiusi-o-sospesi-1-348-cantieri","status":"publish","type":"post","link":"https:\/\/quicosenza.it\/news\/lesodo-estivo-entra-nel-vivo-bollino-nero-per-la-mattinata-di-domani-chiusi-o-sospesi-1-348-cantieri\/","title":{"rendered":"L&#8217;esodo estivo entra nel vivo, &#8216;bollino nero&#8217; per la mattinata di domani. Chiusi o sospesi 1.348 cantieri"},"content":{"rendered":"<p>ROMA &#8211; In base alle stime dell&#8217;Osservatorio Mobilit\u00e0 Stradale di Anas per questo weekend si attendono <strong>13 milioni e 155mila spostamenti di autoveicoli<\/strong>. Nell&#8217;intero mese di luglio si sono registrati 234,7 milioni di spostamenti di autoveicoli sull&#8217;intera rete stradale e autostradale Anas (Societ\u00e0 del Gruppo FS). <strong>La mattinata pi\u00f9 critica sar\u00e0 quella di domani<\/strong>, <strong>sabato 2 agosto<\/strong>, quando Viabilit\u00e0 Italia prevede bollino nero con spostamenti dai grandi centri urbani verso le localit\u00e0 di villeggiatura, di mare al sud e di montagna al nord e verso i confini di stato. <strong>Oggi pomeriggio e domenica 3 agosto \u00e8 invece previsto bollino rosso.<\/strong> Nel pomeriggio e nella serata di domenica si concentreranno i rientri verso le grandi citt\u00e0 di chi ha scelto il weekend breve.\u00a0In vista del grande aumento dei flussi Anas ha potenziato l&#8217;impegno del personale su tutto il territorio nazionale e ha ridimensionato la presenza dei cantieri.<\/p>\n<h4>Gemme: &#8220;fino all&#8217;8 settembre chiusi o sospesi circa l&#8217;81% dei cantieri&#8221;<\/h4>\n<p>&#8220;Siamo impegnati a garantire una circolazione fluida e scorrevole \u2013 ha spiegato l&#8217;Amministratore Delegato di Anas, <strong>Claudio Andrea Gemme.<\/strong> &#8211; Fino all&#8217;8 settembre saranno chiusi o sospesi 1348 cantieri, circa l&#8217;81% di quelli attivi (1672). Per agevolare i flussi di traffico gi\u00e0 dal 1\u00b0 luglio sono stati chiusi 98 cantieri inamovibili pari a circa 680 km di strada. In base al nostro piano esodo sono operativi <strong>2.500 addetti con il presidio delle squadre Anas h24<\/strong> per monitorare la rete e intervenire subito in caso di emergenza. Con il MIT e le Forze dell&#8217;Ordine da sempre siamo in prima linea per tutelare la sicurezza stradale dei cittadini. Con il nostro lavoro \u2013 sottolinea l&#8217;Ad Gemme &#8211; vogliamo assicurare a chi si mette in viaggio vacanze serene con la raccomandazione per tutti di avere sempre comportamenti corretti al volante come ricordiamo nella nostra campagna &#8216;<strong>Quando sei alla guida tutto pu\u00f2 aspettare'&#8221;.\u00a0<\/strong><\/p>\n<p><strong>Alessandro Corradini<\/strong> della Direzione Comunicazione di <strong>Anas,<\/strong> ai microfoni di <a href=\"https:\/\/www.rlb.it\/\" rel=\"noopener\">RLB<\/a> ha illustrato i dettagli legati alla viabilit\u00e0 e all&#8217;esodo estivo in questo fine settimana<\/p>\n<p><span style=\"color: #ff0000;\"><strong>ASCOLTA\u00a0<\/strong><\/span><\/p>\n<audio class=\"wp-audio-shortcode\" id=\"audio-266157-1\" preload=\"none\" style=\"width: 100%;\" controls=\"controls\"><source type=\"audio\/mpeg\" src=\"https:\/\/quicosenza.it\/news\/wp-content\/uploads\/2025\/08\/Anas-Esodo-estivo-1-agosto-Corradini.mp3?_=1\" \/><a href=\"https:\/\/quicosenza.it\/news\/wp-content\/uploads\/2025\/08\/Anas-Esodo-estivo-1-agosto-Corradini.mp3\">https:\/\/quicosenza.it\/news\/wp-content\/uploads\/2025\/08\/Anas-Esodo-estivo-1-agosto-Corradini.mp3<\/a><\/audio>\n<p>&nbsp;<\/p>\n<p><img loading=\"lazy\" decoding=\"async\" class=\" wp-image-266159 aligncenter\" src=\"https:\/\/quicosenza.it\/news\/wp-content\/uploads\/2025\/08\/Anas_viabilita-02.jpg\" alt=\"\" width=\"541\" height=\"335\" title=\"\" srcset=\"https:\/\/quicosenza.it\/news\/wp-content\/uploads\/2025\/08\/Anas_viabilita-02.jpg 970w, https:\/\/quicosenza.it\/news\/wp-content\/uploads\/2025\/08\/Anas_viabilita-02-300x186.jpg 300w, https:\/\/quicosenza.it\/news\/wp-content\/uploads\/2025\/08\/Anas_viabilita-02-768x475.jpg 768w, https:\/\/quicosenza.it\/news\/wp-content\/uploads\/2025\/08\/Anas_viabilita-02-679x420.jpg 679w, https:\/\/quicosenza.it\/news\/wp-content\/uploads\/2025\/08\/Anas_viabilita-02-150x93.jpg 150w, https:\/\/quicosenza.it\/news\/wp-content\/uploads\/2025\/08\/Anas_viabilita-02-696x431.jpg 696w, https:\/\/quicosenza.it\/news\/wp-content\/uploads\/2025\/08\/Anas_viabilita-02-356x220.jpg 356w\" sizes=\"auto, (max-width: 541px) 100vw, 541px\" \/><\/p>\n<p><strong>L&#8217;intensificazione della circolazione potr\u00e0 riguardare i principali itinerari turistici:<\/strong><\/p>\n<p>&#8211; <strong>A2 &#8220;Autostrada del Mediterraneo<\/strong>&#8221; che attraversa Campania, Basilicata e Calabria;<br \/>\n&#8211; <strong>Statali 106 Jonica e 18 Tirrena Inferiore in Calabria; <\/strong><br \/>\n&#8211; Autostrade A19 Palermo-Catania e A29 Palermo-Mazara del Vallo in Sicilia;<br \/>\n&#8211; Statale 131 Carlo Felice in Sardegna;<br \/>\n&#8211; Statale 148 Pontina nel Lazio, arteria particolarmente trafficata che insieme alla statale 7 &#8220;Appia&#8221; assicura i collegamenti tra Roma e le localit\u00e0 turistiche del basso Lazio;<br \/>\n&#8211; Itinerario E45 (SS675 e SS3 bis) che interessa Umbria, Toscana, Emilia Romagna e collega il nord est con il centro Italia;<br \/>\n&#8211; Direttrici SS1 Aurelia (Lazio, Toscana e Liguria), SS16 Adriatica (Puglia, Molise, Abruzzo, Emilia-Romagna e Veneto).<\/p>\n<p>Al nord i Raccordi Autostradali RA13 ed RA14 in Friuli-Venezia Giulia verso i valichi di confine, la statale 36 del Lago di Como e dello Spluga in Lombardia, la statale 45 di Val Trebbia in Liguria, la statale 26 della Valle D&#8217;Aosta e la statale 309 Romea tra Emilia-Romagna e Veneto e la statale 51 di Alemagna in Veneto.<\/p>\n<h3>Mezzi pesanti<\/h3>\n<p>Il divieto di transito dei veicoli pesanti \u00e8 in vigore oggi, venerd\u00ec 1\u00b0 agosto, dalle 16.00 alle 22.00, domani, sabato 2 agosto, dalle 8.00 alle 22.00 e domenica 3 agosto dalle 7.00 alle 22.00.<\/p>\n<p>Per la situazione dei cantieri inamovibili Anas invita i viaggiatori a consultare prima di partire la pagina <a href=\"https:\/\/www.stradeanas.it\/it\/esodoestivo\" rel=\"noopener\">Esodo estivo del sito stradeanas.it. <\/a>Si ricorda anche il <strong>Numero verde Pronto Anas 800.841.148<\/strong> del Servizio Clienti Anas per parlare con un operatore h24 e avere informazioni sulla viabilit\u00e0 in tempo reale.<\/p>\n<p><img loading=\"lazy\" decoding=\"async\" class=\" wp-image-266158 aligncenter\" src=\"https:\/\/quicosenza.it\/news\/wp-content\/uploads\/2025\/08\/Anas_viabilita-01.jpg\" alt=\"\" width=\"576\" height=\"361\" title=\"\" srcset=\"https:\/\/quicosenza.it\/news\/wp-content\/uploads\/2025\/08\/Anas_viabilita-01.jpg 970w, https:\/\/quicosenza.it\/news\/wp-content\/uploads\/2025\/08\/Anas_viabilita-01-300x188.jpg 300w, https:\/\/quicosenza.it\/news\/wp-content\/uploads\/2025\/08\/Anas_viabilita-01-768x481.jpg 768w, https:\/\/quicosenza.it\/news\/wp-content\/uploads\/2025\/08\/Anas_viabilita-01-670x420.jpg 670w, https:\/\/quicosenza.it\/news\/wp-content\/uploads\/2025\/08\/Anas_viabilita-01-150x94.jpg 150w, https:\/\/quicosenza.it\/news\/wp-content\/uploads\/2025\/08\/Anas_viabilita-01-696x436.jpg 696w\" sizes=\"auto, (max-width: 576px) 100vw, 576px\" \/><\/p>\n<h3>Consigli per un viaggio sicuro<\/h3>\n<p>Per chi si mette in viaggio \u00e8 importante, pi\u00f9 che mai nei giorni di esodo, seguire una serie di accortezze:<br \/>\n&#8211; Dotarsi di generi di prima necessit\u00e0 e di una scorta d&#8217;acqua per evitare disidratazione durante il viaggio, soprattutto nei giorni in cui \u00e8 previsto grande caldo;<br \/>\n&#8211; Controllare il veicolo, in particolare pressione degli pneumatici, efficienza delle luci, livelli di olio e acqua;<br \/>\n&#8211; Consultare il meteo e il calendario dei giorni critici, quando i tempi di percorrenza potranno essere maggiori della norma, valutando eventuali percorsi alternativi;<br \/>\n&#8211; Non assumere sostanze alcoliche o droghe prima o durante la guida;<br \/>\n&#8211; Tutti i passeggeri e il guidatore, senza eccezioni, devono indossare la cintura e assicurare i bambini nei seggiolini o negli adattatori (fino a 1,50 metri di altezza);<br \/>\n&#8211; Rispettare i limiti di velocit\u00e0 e tenersi sempre sulla corsia libera a destra mantenendo la distanza di sicurezza;<br \/>\n&#8211; In caso di stanchezza o sensazione di sonno fermarsi subito, in sicurezza nelle aree di servizio, per riposarsi e recuperare le energie;<br \/>\n&#8211; Non distrarsi mai alla guida &#8211; Sono tre i tipi di distrazione da evitare quando si conduce un veicolo: distrazione visiva, non guardare la strada; distrazione cognitiva, non porre attenzione alla guida; distrazione manuale, avere le mani impegnate sul volante.<\/p>\n<p>&nbsp;<\/p>\n<p>&nbsp;<\/p>\n","protected":false},"excerpt":{"rendered":"<p>ROMA &#8211; In base alle stime dell&#8217;Osservatorio Mobilit\u00e0 Stradale di Anas per questo weekend si attendono 13 milioni e 155mila spostamenti di autoveicoli. Nell&#8217;intero mese di luglio si sono registrati 234,7 milioni di spostamenti di autoveicoli sull&#8217;intera rete stradale e autostradale Anas (Societ\u00e0 del Gruppo FS). La mattinata pi\u00f9 critica sar\u00e0 quella di domani, sabato [&hellip;]<\/p>\n","protected":false},"author":42,"featured_media":238609,"comment_status":"closed","ping_status":"closed","sticky":false,"template":"","format":"audio","meta":{"_acf_changed":false,"footnotes":"","jetpack_publicize_message":"","jetpack_publicize_feature_enabled":true,"jetpack_social_post_already_shared":false,"jetpack_social_options":{"image_generator_settings":{"template":"highway","default_image_id":0,"font":"","enabled":false},"version":2}},"categories":[16],"tags":[19],"class_list":["post-266157","post","type-post","status-publish","format-audio","has-post-thumbnail","hentry","category-italia","tag-copertina","post_format-post-format-audio"],"acf":[],"jetpack_publicize_connections":[],"_links":{"self":[{"href":"https:\/\/quicosenza.it\/news\/wp-json\/wp\/v2\/posts\/266157","targetHints":{"allow":["GET"]}}],"collection":[{"href":"https:\/\/quicosenza.it\/news\/wp-json\/wp\/v2\/posts"}],"about":[{"href":"https:\/\/quicosenza.it\/news\/wp-json\/wp\/v2\/types\/post"}],"author":[{"embeddable":true,"href":"https:\/\/quicosenza.it\/news\/wp-json\/wp\/v2\/users\/42"}],"replies":[{"embeddable":true,"href":"https:\/\/quicosenza.it\/news\/wp-json\/wp\/v2\/comments?post=266157"}],"version-history":[{"count":0,"href":"https:\/\/quicosenza.it\/news\/wp-json\/wp\/v2\/posts\/266157\/revisions"}],"wp:featuredmedia":[{"embeddable":true,"href":"https:\/\/quicosenza.it\/news\/wp-json\/wp\/v2\/media\/238609"}],"wp:attachment":[{"href":"https:\/\/quicosenza.it\/news\/wp-json\/wp\/v2\/media?parent=266157"}],"wp:term":[{"taxonomy":"category","embeddable":true,"href":"https:\/\/quicosenza.it\/news\/wp-json\/wp\/v2\/categories?post=266157"},{"taxonomy":"post_tag","embeddable":true,"href":"https:\/\/quicosenza.it\/news\/wp-json\/wp\/v2\/tags?post=266157"}],"curies":[{"name":"wp","href":"https:\/\/api.w.org\/{rel}","templated":true}]}}