{"id":266173,"date":"2025-08-01T11:32:30","date_gmt":"2025-08-01T09:32:30","guid":{"rendered":"https:\/\/www.quicosenza.it\/news\/?p=266173"},"modified":"2025-08-01T12:07:12","modified_gmt":"2025-08-01T10:07:12","slug":"al-festival-delle-alici-del-tirreno-cosentino-prima-serata-da-record-fiume-di-turisti-per-le-regine-del-mare","status":"publish","type":"post","link":"https:\/\/quicosenza.it\/news\/al-festival-delle-alici-del-tirreno-cosentino-prima-serata-da-record-fiume-di-turisti-per-le-regine-del-mare\/","title":{"rendered":"Al &#8220;Festival delle Alici del Tirreno Cosentino&#8221; prima serata da record. Fiume di turisti per le regine del mare"},"content":{"rendered":"<p>Fuscaldo (CS) \u2013 Non poteva esserci inizio migliore per l&#8217;edizione 2025 del &#8220;<a href=\"https:\/\/quicosenza.it\/news\/tirreno\/fuscaldo-si-tinge-di-blu-dal-31-luglio-al-3-agosto-festival-delle-alici-del-tirreno-cosentino-identita-e-tradizioni\" target=\"_blank\" rel=\"noopener\">Festival delle Alici del Tirreno Cosentino<\/a>&#8221; a Fuscaldo, che ha visto ieri l&#8217;<strong>inaugurazione di un evento attesissimo,<\/strong> che terminer\u00e0 domenica 3 agosto. La prima delle quattro giornate dedicate alle alici e al mare, ha segnato <strong>un record assoluto di presenze<\/strong>, confermando questa, come una delle manifestazioni pi\u00f9 amate e partecipate dell\u2019estate in Calabria.<\/p>\n<p>Un evento che cresce anno dopo anno e che sa coniugare alla perfezione <strong>enogastronomia e turismo, valorizzando un prodotto del mare &#8220;povero&#8221; <\/strong>che \u00e8 invece ricchissimo di storia, tradizione, sapori ma anche futuro, innovazione e sviluppo. <strong>Le alici, identit\u00e0 non solo di Fuscaldo e del Tirreno cosentino, ma di tutta la Regione<\/strong>.<\/p>\n<h3>Festival delle Alici 2025: boom di presenze alla prima giornata<\/h3>\n<p>Un <strong>fiume di turisti ha invaso le strade del suggestivo borgo marinaro di Fuscaldo <\/strong>tra profumi di mare e la lunga area fieristica con gli stand enogastronomici <strong>aperti ogni giorno dalle ore 20.00<\/strong> sul lungomare e nella storica piazzetta del pescatore. Tutti dedicati alle regine indiscusse dell\u2019evento: le alice. <strong>Fritte, &#8220;arriganate&#8221;, in tortiera, nella tradizionale \u201cghiotta\u201d, con gli spaghetti e la colata, nella &#8220;paella&#8221; ed anche sulla pizza o nei panzotti<\/strong>. Il pesce azzurro ha incantato i palati dei visitatori, diventando ambasciatore di una cultura culinaria che affonda le radici nel cuore della costa tirrenica cosentina e di Fuscaldo.<\/p>\n\n\t\t<style>\n\t\t\t#gallery-1 {\n\t\t\t\tmargin: auto;\n\t\t\t}\n\t\t\t#gallery-1 .gallery-item {\n\t\t\t\tfloat: left;\n\t\t\t\tmargin-top: 10px;\n\t\t\t\ttext-align: center;\n\t\t\t\twidth: 33%;\n\t\t\t}\n\t\t\t#gallery-1 img {\n\t\t\t\tborder: 2px solid #cfcfcf;\n\t\t\t}\n\t\t\t#gallery-1 .gallery-caption {\n\t\t\t\tmargin-left: 0;\n\t\t\t}\n\t\t\t\/* see gallery_shortcode() in wp-includes\/media.php *\/\n\t\t<\/style>\n\t\t<div id='gallery-1' class='gallery galleryid-266173 gallery-columns-3 gallery-size-medium'><dl class='gallery-item'>\n\t\t\t<dt class='gallery-icon landscape'>\n\t\t\t\t<a href='https:\/\/quicosenza.it\/news\/al-festival-delle-alici-del-tirreno-cosentino-prima-serata-da-record-fiume-di-turisti-per-le-regine-del-mare\/fesival_alici03\/'><img loading=\"lazy\" decoding=\"async\" width=\"300\" height=\"187\" src=\"https:\/\/quicosenza.it\/news\/wp-content\/uploads\/2025\/08\/Fesival_Alici03-300x187.jpg\" class=\"attachment-medium size-medium\" alt=\"\" srcset=\"https:\/\/quicosenza.it\/news\/wp-content\/uploads\/2025\/08\/Fesival_Alici03-300x187.jpg 300w, https:\/\/quicosenza.it\/news\/wp-content\/uploads\/2025\/08\/Fesival_Alici03-768x479.jpg 768w, https:\/\/quicosenza.it\/news\/wp-content\/uploads\/2025\/08\/Fesival_Alici03-673x420.jpg 673w, https:\/\/quicosenza.it\/news\/wp-content\/uploads\/2025\/08\/Fesival_Alici03-150x94.jpg 150w, https:\/\/quicosenza.it\/news\/wp-content\/uploads\/2025\/08\/Fesival_Alici03-696x434.jpg 696w, https:\/\/quicosenza.it\/news\/wp-content\/uploads\/2025\/08\/Fesival_Alici03.jpg 970w\" sizes=\"auto, (max-width: 300px) 100vw, 300px\" title=\"\"><\/a>\n\t\t\t<\/dt><\/dl><dl class='gallery-item'>\n\t\t\t<dt class='gallery-icon landscape'>\n\t\t\t\t<a href='https:\/\/quicosenza.it\/news\/al-festival-delle-alici-del-tirreno-cosentino-prima-serata-da-record-fiume-di-turisti-per-le-regine-del-mare\/fesival_alici08\/'><img loading=\"lazy\" decoding=\"async\" width=\"300\" height=\"189\" src=\"https:\/\/quicosenza.it\/news\/wp-content\/uploads\/2025\/08\/Fesival_Alici08-300x189.jpg\" class=\"attachment-medium size-medium\" alt=\"\" srcset=\"https:\/\/quicosenza.it\/news\/wp-content\/uploads\/2025\/08\/Fesival_Alici08-300x189.jpg 300w, https:\/\/quicosenza.it\/news\/wp-content\/uploads\/2025\/08\/Fesival_Alici08-768x484.jpg 768w, https:\/\/quicosenza.it\/news\/wp-content\/uploads\/2025\/08\/Fesival_Alici08-667x420.jpg 667w, https:\/\/quicosenza.it\/news\/wp-content\/uploads\/2025\/08\/Fesival_Alici08-150x94.jpg 150w, https:\/\/quicosenza.it\/news\/wp-content\/uploads\/2025\/08\/Fesival_Alici08-696x438.jpg 696w, https:\/\/quicosenza.it\/news\/wp-content\/uploads\/2025\/08\/Fesival_Alici08.jpg 970w\" sizes=\"auto, (max-width: 300px) 100vw, 300px\" title=\"\"><\/a>\n\t\t\t<\/dt><\/dl><dl class='gallery-item'>\n\t\t\t<dt class='gallery-icon landscape'>\n\t\t\t\t<a href='https:\/\/quicosenza.it\/news\/al-festival-delle-alici-del-tirreno-cosentino-prima-serata-da-record-fiume-di-turisti-per-le-regine-del-mare\/fesival_alici09\/'><img loading=\"lazy\" decoding=\"async\" width=\"300\" height=\"189\" src=\"https:\/\/quicosenza.it\/news\/wp-content\/uploads\/2025\/08\/Fesival_Alici09-300x189.jpg\" class=\"attachment-medium size-medium\" alt=\"\" srcset=\"https:\/\/quicosenza.it\/news\/wp-content\/uploads\/2025\/08\/Fesival_Alici09-300x189.jpg 300w, https:\/\/quicosenza.it\/news\/wp-content\/uploads\/2025\/08\/Fesival_Alici09-768x485.jpg 768w, https:\/\/quicosenza.it\/news\/wp-content\/uploads\/2025\/08\/Fesival_Alici09-666x420.jpg 666w, https:\/\/quicosenza.it\/news\/wp-content\/uploads\/2025\/08\/Fesival_Alici09-150x95.jpg 150w, https:\/\/quicosenza.it\/news\/wp-content\/uploads\/2025\/08\/Fesival_Alici09-696x439.jpg 696w, https:\/\/quicosenza.it\/news\/wp-content\/uploads\/2025\/08\/Fesival_Alici09.jpg 970w\" sizes=\"auto, (max-width: 300px) 100vw, 300px\" title=\"\"><\/a>\n\t\t\t<\/dt><\/dl><br style=\"clear: both\" \/><dl class='gallery-item'>\n\t\t\t<dt class='gallery-icon landscape'>\n\t\t\t\t<a href='https:\/\/quicosenza.it\/news\/al-festival-delle-alici-del-tirreno-cosentino-prima-serata-da-record-fiume-di-turisti-per-le-regine-del-mare\/fesival_alici06_6\/'><img loading=\"lazy\" decoding=\"async\" width=\"300\" height=\"189\" src=\"https:\/\/quicosenza.it\/news\/wp-content\/uploads\/2025\/08\/Fesival_Alici06_6-300x189.jpg\" class=\"attachment-medium size-medium\" alt=\"\" srcset=\"https:\/\/quicosenza.it\/news\/wp-content\/uploads\/2025\/08\/Fesival_Alici06_6-300x189.jpg 300w, https:\/\/quicosenza.it\/news\/wp-content\/uploads\/2025\/08\/Fesival_Alici06_6-768x484.jpg 768w, https:\/\/quicosenza.it\/news\/wp-content\/uploads\/2025\/08\/Fesival_Alici06_6-667x420.jpg 667w, https:\/\/quicosenza.it\/news\/wp-content\/uploads\/2025\/08\/Fesival_Alici06_6-150x94.jpg 150w, https:\/\/quicosenza.it\/news\/wp-content\/uploads\/2025\/08\/Fesival_Alici06_6-696x438.jpg 696w, https:\/\/quicosenza.it\/news\/wp-content\/uploads\/2025\/08\/Fesival_Alici06_6.jpg 970w\" sizes=\"auto, (max-width: 300px) 100vw, 300px\" title=\"\"><\/a>\n\t\t\t<\/dt><\/dl><dl class='gallery-item'>\n\t\t\t<dt class='gallery-icon landscape'>\n\t\t\t\t<a href='https:\/\/quicosenza.it\/news\/al-festival-delle-alici-del-tirreno-cosentino-prima-serata-da-record-fiume-di-turisti-per-le-regine-del-mare\/fesival_alici10\/'><img loading=\"lazy\" decoding=\"async\" width=\"300\" height=\"190\" src=\"https:\/\/quicosenza.it\/news\/wp-content\/uploads\/2025\/08\/Fesival_Alici10-300x190.jpg\" class=\"attachment-medium size-medium\" alt=\"\" srcset=\"https:\/\/quicosenza.it\/news\/wp-content\/uploads\/2025\/08\/Fesival_Alici10-300x190.jpg 300w, https:\/\/quicosenza.it\/news\/wp-content\/uploads\/2025\/08\/Fesival_Alici10-768x485.jpg 768w, https:\/\/quicosenza.it\/news\/wp-content\/uploads\/2025\/08\/Fesival_Alici10-665x420.jpg 665w, https:\/\/quicosenza.it\/news\/wp-content\/uploads\/2025\/08\/Fesival_Alici10-150x95.jpg 150w, https:\/\/quicosenza.it\/news\/wp-content\/uploads\/2025\/08\/Fesival_Alici10-696x440.jpg 696w, https:\/\/quicosenza.it\/news\/wp-content\/uploads\/2025\/08\/Fesival_Alici10.jpg 970w\" sizes=\"auto, (max-width: 300px) 100vw, 300px\" title=\"\"><\/a>\n\t\t\t<\/dt><\/dl><dl class='gallery-item'>\n\t\t\t<dt class='gallery-icon landscape'>\n\t\t\t\t<a href='https:\/\/quicosenza.it\/news\/al-festival-delle-alici-del-tirreno-cosentino-prima-serata-da-record-fiume-di-turisti-per-le-regine-del-mare\/fesival_alici11_1\/'><img loading=\"lazy\" decoding=\"async\" width=\"300\" height=\"187\" src=\"https:\/\/quicosenza.it\/news\/wp-content\/uploads\/2025\/08\/Fesival_Alici11_1-300x187.jpg\" class=\"attachment-medium size-medium\" alt=\"\" srcset=\"https:\/\/quicosenza.it\/news\/wp-content\/uploads\/2025\/08\/Fesival_Alici11_1-300x187.jpg 300w, https:\/\/quicosenza.it\/news\/wp-content\/uploads\/2025\/08\/Fesival_Alici11_1-768x480.jpg 768w, https:\/\/quicosenza.it\/news\/wp-content\/uploads\/2025\/08\/Fesival_Alici11_1-672x420.jpg 672w, https:\/\/quicosenza.it\/news\/wp-content\/uploads\/2025\/08\/Fesival_Alici11_1-150x94.jpg 150w, https:\/\/quicosenza.it\/news\/wp-content\/uploads\/2025\/08\/Fesival_Alici11_1-696x435.jpg 696w, https:\/\/quicosenza.it\/news\/wp-content\/uploads\/2025\/08\/Fesival_Alici11_1.jpg 970w\" sizes=\"auto, (max-width: 300px) 100vw, 300px\" title=\"\"><\/a>\n\t\t\t<\/dt><\/dl><br style=\"clear: both\" \/>\n\t\t<\/div>\n\n<p>Al taglio del nastro presenti il sindaco di Fuscaldo <strong>Giacomo Middea<\/strong> con gli esponenti dell&#8217;amministrazione comunale, l&#8217;<strong>assessore all&#8217;Agricoltura Gianluca Gallo<\/strong>, il <strong>sindaco di San Lucido De Tommaso<\/strong> e quello di <strong>Santa Sofia di Epiro Daniele Atanasio Sisca<\/strong>, il <strong>vicesindaco di Belvedere<\/strong> e i rappresentanti delle <strong>amministrazioni comunali Diamante, Acquappesa, Montalto Uffugo e Castiglione Cosentino<\/strong>, perch\u00e8 il Festival delle Alici \u00e8 una festa e un tributo al Tirreno Cosentino ma storicamente, come ha evidenziato il primo cittadino, mostra anche tutto il suo legame con l&#8217;entroterra.<\/p>\n<p>A fare gli onori di casa e ad anticipare quelli che saranno gli eventi che accompagneranno il Festival delle Alici, il direttore artistico<strong> Antonio Spaccarotella<\/strong> che ha parlato di \u00ab<strong>un festival poliedrico<\/strong> che da marcatore identitario di Fuscaldo ha saputo allargato i suoi orizzonti\u00bb e l\u2019agrichef <strong>Enzo Barbieri <\/strong>che presto andr\u00e0 in Giappone proprio per mostrare agli chef nipponici come si cucinano le alici.<\/p>\n<p><a href=\"https:\/\/quicosenza.it\/news\/wp-content\/uploads\/2025\/08\/RLB-alici.jpg\"><img loading=\"lazy\" decoding=\"async\" class=\"wp-image-266191 aligncenter\" src=\"https:\/\/quicosenza.it\/news\/wp-content\/uploads\/2025\/08\/RLB-alici.jpg\" alt=\"\" width=\"491\" height=\"327\" title=\"\" srcset=\"https:\/\/quicosenza.it\/news\/wp-content\/uploads\/2025\/08\/RLB-alici.jpg 600w, https:\/\/quicosenza.it\/news\/wp-content\/uploads\/2025\/08\/RLB-alici-300x200.jpg 300w, https:\/\/quicosenza.it\/news\/wp-content\/uploads\/2025\/08\/RLB-alici-150x100.jpg 150w\" sizes=\"auto, (max-width: 491px) 100vw, 491px\" \/><\/a><\/p>\n<h3>Festival delle Alici 2025: musica, eventi, e laboratori del gusto<\/h3>\n<p>Non solo gusto e sapori, ma anche <strong>tantissimi appuntamenti che si succederanno nelle prossime giornat<\/strong>e: laboratori del gusto, <strong>show cooking con la presenza dello Chef Enzo Barbieri<\/strong>, esibizioni di artisti di strada, musica, la diretta radio di <a href=\"http:\/\/www.rlb.it\" target=\"_blank\" rel=\"noopener\">RLB<\/a> (Radio Partner) il <strong>Fuscaldo Sea experience<\/strong>\u00a0in Piazza Marconi, con la\u00a0<strong>mostra interattiva \u201cAlici in tavola \u2013 l\u2019oro di Fuscaldo\u201d,<\/strong>\u00a0parate musicali,<strong>\u00a0street band,\u00a0<\/strong><strong>sbandieratori<\/strong>, \u00a0statue viventi, giochi sospesi, mimo itinerante.<\/p>\n<p>Quest\u2019anno anche bellissime<strong>\u00a0mostre fotografiche\u00a0<\/strong>ed\u00a0il concorso fotografico \u201c<strong>Pescatori di stelle 2025\u201d<\/strong>. Non mancheranno\u00a0<strong>i tavoli tematici\u00a0\u00a0<\/strong><strong>\u201cA tutela del mare\u201d,\u00a0<\/strong><strong>Cibosofia e\u00a0<\/strong><strong>\u201cIl mare in un click\u201d <\/strong>fino al gran finale <strong>del 3 agosto con l\u2019atteso spettacolo piromusicale<\/strong>. Novit\u00e0 di questa edizione <strong>le gare di vela con la Fuscaldo\u2019s Cup<\/strong>, dedicate a Bruno Giordano, il compianto procuratore della procura della repubblica di Paola che aveva dedicato buona parte della sua vita alla tutela dell\u2019ambiente.\u00a0<strong>Con un debutto da record,<\/strong> Fuscaldo si conferma regina dell\u2019estate calabrese, in un evento dove ogni assaggio \u00e8 un tuffo nella memoria.<\/p>\n\n\t\t<style>\n\t\t\t#gallery-2 {\n\t\t\t\tmargin: auto;\n\t\t\t}\n\t\t\t#gallery-2 .gallery-item {\n\t\t\t\tfloat: left;\n\t\t\t\tmargin-top: 10px;\n\t\t\t\ttext-align: center;\n\t\t\t\twidth: 33%;\n\t\t\t}\n\t\t\t#gallery-2 img {\n\t\t\t\tborder: 2px solid #cfcfcf;\n\t\t\t}\n\t\t\t#gallery-2 .gallery-caption {\n\t\t\t\tmargin-left: 0;\n\t\t\t}\n\t\t\t\/* see gallery_shortcode() in wp-includes\/media.php *\/\n\t\t<\/style>\n\t\t<div id='gallery-2' class='gallery galleryid-266173 gallery-columns-3 gallery-size-medium'><dl class='gallery-item'>\n\t\t\t<dt class='gallery-icon landscape'>\n\t\t\t\t<a href=\"https:\/\/quicosenza.it\/news\/al-festival-delle-alici-del-tirreno-cosentino-prima-serata-da-record-fiume-di-turisti-per-le-regine-del-mare\/fesival_alici02_2\/\"><img loading=\"lazy\" decoding=\"async\" width=\"300\" height=\"190\" src=\"https:\/\/quicosenza.it\/news\/wp-content\/uploads\/2025\/08\/Fesival_Alici02_2-300x190.jpg\" class=\"attachment-medium size-medium\" alt=\"\" srcset=\"https:\/\/quicosenza.it\/news\/wp-content\/uploads\/2025\/08\/Fesival_Alici02_2-300x190.jpg 300w, https:\/\/quicosenza.it\/news\/wp-content\/uploads\/2025\/08\/Fesival_Alici02_2-768x486.jpg 768w, https:\/\/quicosenza.it\/news\/wp-content\/uploads\/2025\/08\/Fesival_Alici02_2-664x420.jpg 664w, https:\/\/quicosenza.it\/news\/wp-content\/uploads\/2025\/08\/Fesival_Alici02_2-150x95.jpg 150w, https:\/\/quicosenza.it\/news\/wp-content\/uploads\/2025\/08\/Fesival_Alici02_2-696x441.jpg 696w, https:\/\/quicosenza.it\/news\/wp-content\/uploads\/2025\/08\/Fesival_Alici02_2.jpg 970w\" sizes=\"auto, (max-width: 300px) 100vw, 300px\" title=\"\"><\/a>\n\t\t\t<\/dt><\/dl><dl class='gallery-item'>\n\t\t\t<dt class='gallery-icon landscape'>\n\t\t\t\t<a href=\"https:\/\/quicosenza.it\/news\/al-festival-delle-alici-del-tirreno-cosentino-prima-serata-da-record-fiume-di-turisti-per-le-regine-del-mare\/fesival_alici04_4\/\"><img loading=\"lazy\" decoding=\"async\" width=\"300\" height=\"188\" src=\"https:\/\/quicosenza.it\/news\/wp-content\/uploads\/2025\/08\/Fesival_Alici04_4-300x188.jpg\" class=\"attachment-medium size-medium\" alt=\"\" srcset=\"https:\/\/quicosenza.it\/news\/wp-content\/uploads\/2025\/08\/Fesival_Alici04_4-300x188.jpg 300w, https:\/\/quicosenza.it\/news\/wp-content\/uploads\/2025\/08\/Fesival_Alici04_4-768x481.jpg 768w, https:\/\/quicosenza.it\/news\/wp-content\/uploads\/2025\/08\/Fesival_Alici04_4-671x420.jpg 671w, https:\/\/quicosenza.it\/news\/wp-content\/uploads\/2025\/08\/Fesival_Alici04_4-150x94.jpg 150w, https:\/\/quicosenza.it\/news\/wp-content\/uploads\/2025\/08\/Fesival_Alici04_4-696x436.jpg 696w, https:\/\/quicosenza.it\/news\/wp-content\/uploads\/2025\/08\/Fesival_Alici04_4.jpg 970w\" sizes=\"auto, (max-width: 300px) 100vw, 300px\" title=\"\"><\/a>\n\t\t\t<\/dt><\/dl><dl class='gallery-item'>\n\t\t\t<dt class='gallery-icon landscape'>\n\t\t\t\t<a href=\"https:\/\/quicosenza.it\/news\/al-festival-delle-alici-del-tirreno-cosentino-prima-serata-da-record-fiume-di-turisti-per-le-regine-del-mare\/fesival_alici06_6-2\/\"><img loading=\"lazy\" decoding=\"async\" width=\"300\" height=\"189\" src=\"https:\/\/quicosenza.it\/news\/wp-content\/uploads\/2025\/08\/Fesival_Alici06_6-1-300x189.jpg\" class=\"attachment-medium size-medium\" alt=\"\" srcset=\"https:\/\/quicosenza.it\/news\/wp-content\/uploads\/2025\/08\/Fesival_Alici06_6-1-300x189.jpg 300w, https:\/\/quicosenza.it\/news\/wp-content\/uploads\/2025\/08\/Fesival_Alici06_6-1-768x484.jpg 768w, https:\/\/quicosenza.it\/news\/wp-content\/uploads\/2025\/08\/Fesival_Alici06_6-1-667x420.jpg 667w, https:\/\/quicosenza.it\/news\/wp-content\/uploads\/2025\/08\/Fesival_Alici06_6-1-150x94.jpg 150w, https:\/\/quicosenza.it\/news\/wp-content\/uploads\/2025\/08\/Fesival_Alici06_6-1-696x438.jpg 696w, https:\/\/quicosenza.it\/news\/wp-content\/uploads\/2025\/08\/Fesival_Alici06_6-1.jpg 970w\" sizes=\"auto, (max-width: 300px) 100vw, 300px\" title=\"\"><\/a>\n\t\t\t<\/dt><\/dl><br style=\"clear: both\" \/>\n\t\t<\/div>\n\n<h3>Middea &#8220;volano di sviluppo&#8221;. Comuni consorziati? &#8220;Grande risultato&#8221;<\/h3>\n<p>Il Sindaco Middea, nell&#8217;inaugurare l&#8217;edizione 2025 ha voluto sottolineare l&#8217;eccezionale risultato ottenuto dal comune di Fuscaldo sia per il finanziamento di 8 milioni ottenuti dal Ministero dell&#8217;Interno per due <a href=\"https:\/\/quicosenza.it\/news\/tirreno\/vigili-del-fuoco-a-paola-e-fuscaldo-presto-operative-nuove-sedi\" target=\"_blank\" rel=\"noopener\">presidi dei vigili del fuoco<\/a> (uno proprio a Fuscaldo e l&#8217;altro a Paola) ma anche perch\u00e8 il comune da lui guidato si \u00e8 <strong>consorziato con altri 11 comuni del Tirreno<\/strong> (tetto massimo consentito).<\/p>\n<p>Questo permetter\u00e0 sia di poter <strong>accedere con pi\u00f9 facilit\u00e0 a fondi e finanziamenti della Regione anche per valorizzare manifestazioni come questa<\/strong> a tema mare, ma anche per collaborare insieme per lo sviluppo della Tirreno. \u00ab<em>Ho sempre detto che il futuro \u00e8 nella collaborazione, nella cooperazione e nell&#8217;unit\u00e0<\/em> &#8211; ha detto Middea. <em>Inauguriamo una manifestazione che c<strong>oniuga tradizione e innovazione.<\/strong> Un festival che vede<strong> le alici, simbolo della tradizione di Fuscaldo e della calabrese come elemento identitario ma che si proietta nel futuro<\/strong> come volano di sviluppo dell&#8217;intero territorio<\/em>\u00bb.<\/p>\n<p><a href=\"https:\/\/quicosenza.it\/news\/wp-content\/uploads\/2025\/08\/Fesival_Alici02_3.jpg\"><img loading=\"lazy\" decoding=\"async\" class=\"wp-image-266189 aligncenter\" src=\"https:\/\/quicosenza.it\/news\/wp-content\/uploads\/2025\/08\/Fesival_Alici02_3.jpg\" alt=\"\" width=\"526\" height=\"333\" title=\"\" srcset=\"https:\/\/quicosenza.it\/news\/wp-content\/uploads\/2025\/08\/Fesival_Alici02_3.jpg 970w, https:\/\/quicosenza.it\/news\/wp-content\/uploads\/2025\/08\/Fesival_Alici02_3-300x190.jpg 300w, https:\/\/quicosenza.it\/news\/wp-content\/uploads\/2025\/08\/Fesival_Alici02_3-768x487.jpg 768w, https:\/\/quicosenza.it\/news\/wp-content\/uploads\/2025\/08\/Fesival_Alici02_3-662x420.jpg 662w, https:\/\/quicosenza.it\/news\/wp-content\/uploads\/2025\/08\/Fesival_Alici02_3-150x95.jpg 150w, https:\/\/quicosenza.it\/news\/wp-content\/uploads\/2025\/08\/Fesival_Alici02_3-696x441.jpg 696w\" sizes=\"auto, (max-width: 526px) 100vw, 526px\" \/><\/a><\/p>\n<h3>Gianluca Gallo &#8220;tipicit\u00e0, territorio e turismo. \u00c8 questa la Calabria&#8221;<\/h3>\n<p>Dal canto suo l&#8217;assessore Gianluca Gallo ha fatto i suoi elogi al sindaco di Fuscaldo per una <a href=\"https:\/\/www.facebook.com\/festivaldellealicifuscaldo\" target=\"_blank\" rel=\"noopener\">manifestazione<\/a> che anno dopo anno, non solo valorizza un prodotto tipico del Tirreno Cosentino e della Calabria, ma allarga sempre pi\u00f9 i suoi orizzonti, \u00e8 <strong>motore ance di turismo e valorizzazione dei borghi<\/strong> \u00abq<em>uesta \u00e8 l&#8217;esempio di come si possa, anno dopo anno, c<strong>oniugare i prodotti del Territorio con il territorio stesso come un centro urbano di grande attrattivit\u00e0<\/strong>. Queste e altre manifestazioni dimostrano come si possa andare al di l\u00e0 dell&#8217;ordinaria amministrazione. Sindaci<\/em> &#8211; ha aggiunto Gallo &#8211;<em> che stanno dimostrando la loro capacit\u00e0 di fare rete e stare insieme. La dimostrazione \u00e8 la partecipazione in consorzio a questo bando del settore pesca. Sar\u00e0 stilata una graduatoria che entro luned\u00ec, spero, possa essere emanata, cos\u00ec che i Comuni possano sapere q<strong>uanti fondi hanno ottenuto, cosa possono organizzare e pagare le spese di eventi come questo legati al settore ittico<\/strong>\u00bb.<\/em><\/p>\n<p><a href=\"https:\/\/quicosenza.it\/news\/wp-content\/uploads\/2025\/08\/Festival-Alcini2.jpg\"><img loading=\"lazy\" decoding=\"async\" class=\"wp-image-266190 aligncenter\" src=\"https:\/\/quicosenza.it\/news\/wp-content\/uploads\/2025\/08\/Festival-Alcini2.jpg\" alt=\"\" width=\"569\" height=\"357\" title=\"\" srcset=\"https:\/\/quicosenza.it\/news\/wp-content\/uploads\/2025\/08\/Festival-Alcini2.jpg 970w, https:\/\/quicosenza.it\/news\/wp-content\/uploads\/2025\/08\/Festival-Alcini2-300x188.jpg 300w, https:\/\/quicosenza.it\/news\/wp-content\/uploads\/2025\/08\/Festival-Alcini2-768x482.jpg 768w, https:\/\/quicosenza.it\/news\/wp-content\/uploads\/2025\/08\/Festival-Alcini2-669x420.jpg 669w, https:\/\/quicosenza.it\/news\/wp-content\/uploads\/2025\/08\/Festival-Alcini2-150x94.jpg 150w, https:\/\/quicosenza.it\/news\/wp-content\/uploads\/2025\/08\/Festival-Alcini2-696x437.jpg 696w\" sizes=\"auto, (max-width: 569px) 100vw, 569px\" \/><\/a><\/p>\n<h3>&#8220;Valorizzare i pescati e riscoprire la memoria&#8221;<\/h3>\n<p><em>\u00abPescati che sono<strong> tradizioni tipiche del territorio e tradizioni locali e raccontano storie incedibili che devono essere ripescate dalla memoria e raccontate con orgogli<\/strong>o. Pensiamo alle donne di Fuscaldo che, attraverso un lungo e faticoso percorso che le portava nell&#8217;entroterra, con sulla testa delle ceste colme di alici per scambiare questi prodotto con quelli della terra. Sono storie di capacit\u00e0, di resilienza e legate alla nostra calabresit\u00e0. <strong>La riscoperta di questa capacit\u00e0 tipicit\u00e0 e capacit\u00e0, di questa straordinaria ricchezza \u00e8 una storia che va ricontattata rafforzando orgoglio e consapevolezz<\/strong>a\u00bb. <\/em><\/p>\n<p><em>\u00abSe poi c&#8217;\u00e8 anche l&#8217;ambizione, come ha dimostrato questa amministrazione comunale, di organizzare una manifestazione di promozione come questo, <strong>merita il supporto del Governo regionale che ha voluto, in questi anni, puntare con forza su questa regione che si \u00e8 stancata di essere ultima<\/strong>. La Calabria ha tutto per crescere &#8211; ha concluso Gallo &#8211; e sta dimostrando con i numeri che c&#8217;\u00e8 crescita nell&#8217;attenzione turistica, nei numeri, nell&#8217;export e quindi nell&#8217;economia. <strong>Dobbiamo continuare a crederci e a supportare anche manifestazioni come queste<\/strong>\u00bb.<\/em><\/p>\n","protected":false},"excerpt":{"rendered":"<p>Fuscaldo (CS) \u2013 Non poteva esserci inizio migliore per l&#8217;edizione 2025 del &#8220;Festival delle Alici del Tirreno Cosentino&#8221; a Fuscaldo, che ha visto ieri l&#8217;inaugurazione di un evento attesissimo, che terminer\u00e0 domenica 3 agosto. La prima delle quattro giornate dedicate alle alici e al mare, ha segnato un record assoluto di presenze, confermando questa, come [&hellip;]<\/p>\n","protected":false},"author":23,"featured_media":266179,"comment_status":"closed","ping_status":"closed","sticky":false,"template":"","format":"standard","meta":{"_acf_changed":false,"footnotes":"","jetpack_publicize_message":"","jetpack_publicize_feature_enabled":true,"jetpack_social_post_already_shared":false,"jetpack_social_options":{"image_generator_settings":{"template":"highway","default_image_id":0,"font":"","enabled":false},"version":2}},"categories":[576],"tags":[19],"class_list":["post-266173","post","type-post","status-publish","format-standard","has-post-thumbnail","hentry","category-tirreno","tag-copertina"],"acf":[],"jetpack_publicize_connections":[],"_links":{"self":[{"href":"https:\/\/quicosenza.it\/news\/wp-json\/wp\/v2\/posts\/266173","targetHints":{"allow":["GET"]}}],"collection":[{"href":"https:\/\/quicosenza.it\/news\/wp-json\/wp\/v2\/posts"}],"about":[{"href":"https:\/\/quicosenza.it\/news\/wp-json\/wp\/v2\/types\/post"}],"author":[{"embeddable":true,"href":"https:\/\/quicosenza.it\/news\/wp-json\/wp\/v2\/users\/23"}],"replies":[{"embeddable":true,"href":"https:\/\/quicosenza.it\/news\/wp-json\/wp\/v2\/comments?post=266173"}],"version-history":[{"count":0,"href":"https:\/\/quicosenza.it\/news\/wp-json\/wp\/v2\/posts\/266173\/revisions"}],"wp:featuredmedia":[{"embeddable":true,"href":"https:\/\/quicosenza.it\/news\/wp-json\/wp\/v2\/media\/266179"}],"wp:attachment":[{"href":"https:\/\/quicosenza.it\/news\/wp-json\/wp\/v2\/media?parent=266173"}],"wp:term":[{"taxonomy":"category","embeddable":true,"href":"https:\/\/quicosenza.it\/news\/wp-json\/wp\/v2\/categories?post=266173"},{"taxonomy":"post_tag","embeddable":true,"href":"https:\/\/quicosenza.it\/news\/wp-json\/wp\/v2\/tags?post=266173"}],"curies":[{"name":"wp","href":"https:\/\/api.w.org\/{rel}","templated":true}]}}