{"id":266706,"date":"2025-08-06T16:30:24","date_gmt":"2025-08-06T14:30:24","guid":{"rendered":"https:\/\/www.quicosenza.it\/news\/?p=266706"},"modified":"2026-01-26T11:56:34","modified_gmt":"2026-01-26T10:56:34","slug":"cosenza-modificato-il-programma-dei-lavori-pubblici-si-punta-a-mettere-in-sicurezza-via-petrarca-e-via-paradiso","status":"publish","type":"post","link":"https:\/\/quicosenza.it\/news\/cosenza-modificato-il-programma-dei-lavori-pubblici-si-punta-a-mettere-in-sicurezza-via-petrarca-e-via-paradiso\/","title":{"rendered":"Cosenza, modificato il programma dei lavori pubblici. Si punta a mettere in sicurezza via Petrarca e via Paradiso"},"content":{"rendered":"<p>COSENZA &#8211; La giunta del <strong>Comune di Cosenza,<\/strong> su proposta dell&#8217;assessore ai lavori pubblici, <strong>Damiano Covelli<\/strong>, <strong>modifica il programma triennale dei lavori pubblici 2025-2027.<\/strong>\u00a0Con l&#8217;atto deliberativo approvato oggi, la giunta comunale ha <strong>modificato l&#8217;importo complessivo<\/strong> che era stato previsto per l&#8217;intervento di <strong>messa in sicurezza di via Petrarca-via Paradiso,<\/strong> nel centro storico, e che \u00e8 stato modificato dai 2 milioni e 500 mila euro iniziali ai <strong>5 cinque milioni di euro attuali,<\/strong> atteso che, per la fattibilit\u00e0 dell&#8217;intervento, l&#8217;importo precedentemente stanziato non era sufficiente.<\/p>\n<p>&#8220;Con la modifica al programma triennale dei lavori pubblici 2025-2027 \u2013 ha sottolineato il sindaco <strong>Franz Caruso <\/strong>&#8211; la nostra amministrazione comunale opera una scelta precisa e coerente con gli impegni assunti con la cittadinanza perch\u00e9 venga, una volta per tutte, <strong>messa in sicurezza un&#8217;area importantissima del nostro centro storico<\/strong> sia per l&#8217;incolumit\u00e0 di chi vi transita e sia per <strong>garantire la fluidit\u00e0 dei flussi veicolari<\/strong> da e per la citt\u00e0 vecchia che non pu\u00f2 continuare a sopportare una <strong>situazione di disagio<\/strong> che risale nel tempo a molti anni fa&#8221;.<\/p>\n<h3>L&#8217;istanza da presentare al Ministero dell&#8217;interno<\/h3>\n<p>Per la copertura finanziaria dell&#8217;intervento il settore Lavori pubblici presenter\u00e0 <strong>apposita istanza al Ministero dell&#8217;Interno per accedere ai contributi previsti<\/strong> per interventi riferiti a opere pubbliche di messa in sicurezza degli edifici e del territorio. Per l&#8217;ammissibilit\u00e0 delle domande, le richieste devono riferirsi ad opere pubbliche inserite nel Documento unico di programmazione degli enti locali di cui all&#8217;art. 170 del d.lgs. 267\/2000 e che rientrano nello strumento urbanistico comunale comunque vigente nell&#8217;ambito territoriale del comune. Per questa ragione sar\u00e0 necessario <strong>aggiornare il Documento Unico di Programmazione 2026\/2028<\/strong> ai sensi del Testo unico degli enti locali (TUEL). Le modifiche apportate saranno conseguentemente acquisite nel bilancio di previsione 2025-2027.<\/p>\n<p>&#8220;Se il Comune avr\u00e0 accesso ai finanziamenti previsti dal bando del Ministero dell&#8217;Interno \u2013 ha concluso Franz Caruso \u2013 <strong>sar\u00e0 posta finalmente in sicurezza un&#8217;area cruciale del nostro territorio urbano<\/strong>, con un&#8217;importante arteria di accesso al centro storico e ad alcuni dei luoghi e monumenti pi\u00f9 importanti della citt\u00e0 antica, reiteratamente minacciate negli anni da continui pericoli di frane e smottamenti, nonostante gli interventi che nel corso del tempo sono stati realizzati dall&#8217;amministrazione comunale <strong>nell&#8217;area della storica fontana dei &#8220;Tredici canali&#8221;. <\/strong><\/p>\n<p>&#8220;Il Comune \u2013 ha rimarcato l&#8217;assessore ai lavori pubblici <strong>Damiano Covelli<\/strong> \u2013 presenter\u00e0 la sua <strong>candidatura al bando previsto dal Ministero dell&#8217;Interno.<\/strong> Confidiamo nell&#8217;arrivo del finanziamento dei 5 milioni di euro che abbiamo previsto nella modifica del Programma triennale dei lavori pubblici, perch\u00e9 riteniamo che la messa in sicurezza di una porzione di territorio cos\u00ec nevralgica come via Petrarca e via Paradiso sia <strong>un&#8217;esigenza ineludibile ed una priorit\u00e0 assoluta<\/strong> della nostra amministrazione che potr\u00e0 esser soddisfatta attraverso un i<strong>ntervento che riteniamo non pi\u00f9 rinviabile<\/strong> ed al quale destineremo, se la nostra istanza sar\u00e0 accolta, una somma cospicua che consentir\u00e0 di giungere ad una soluzione definitiva di una annosa e travagliata problematica&#8221;.<\/p>\n","protected":false},"excerpt":{"rendered":"<p>COSENZA &#8211; La giunta del Comune di Cosenza, su proposta dell&#8217;assessore ai lavori pubblici, Damiano Covelli, modifica il programma triennale dei lavori pubblici 2025-2027.\u00a0Con l&#8217;atto deliberativo approvato oggi, la giunta comunale ha modificato l&#8217;importo complessivo che era stato previsto per l&#8217;intervento di messa in sicurezza di via Petrarca-via Paradiso, nel centro storico, e che \u00e8 [&hellip;]<\/p>\n","protected":false},"author":90,"featured_media":266708,"comment_status":"closed","ping_status":"closed","sticky":false,"template":"","format":"standard","meta":{"_acf_changed":false,"footnotes":"","jetpack_publicize_message":"","jetpack_publicize_feature_enabled":true,"jetpack_social_post_already_shared":false,"jetpack_social_options":{"image_generator_settings":{"template":"highway","default_image_id":0,"font":"","enabled":false},"version":2}},"categories":[563,42],"tags":[19],"class_list":["post-266706","post","type-post","status-publish","format-standard","has-post-thumbnail","hentry","category-area-urbana","category-cosenza","tag-copertina"],"acf":[],"jetpack_publicize_connections":[],"_links":{"self":[{"href":"https:\/\/quicosenza.it\/news\/wp-json\/wp\/v2\/posts\/266706","targetHints":{"allow":["GET"]}}],"collection":[{"href":"https:\/\/quicosenza.it\/news\/wp-json\/wp\/v2\/posts"}],"about":[{"href":"https:\/\/quicosenza.it\/news\/wp-json\/wp\/v2\/types\/post"}],"author":[{"embeddable":true,"href":"https:\/\/quicosenza.it\/news\/wp-json\/wp\/v2\/users\/90"}],"replies":[{"embeddable":true,"href":"https:\/\/quicosenza.it\/news\/wp-json\/wp\/v2\/comments?post=266706"}],"version-history":[{"count":0,"href":"https:\/\/quicosenza.it\/news\/wp-json\/wp\/v2\/posts\/266706\/revisions"}],"wp:featuredmedia":[{"embeddable":true,"href":"https:\/\/quicosenza.it\/news\/wp-json\/wp\/v2\/media\/266708"}],"wp:attachment":[{"href":"https:\/\/quicosenza.it\/news\/wp-json\/wp\/v2\/media?parent=266706"}],"wp:term":[{"taxonomy":"category","embeddable":true,"href":"https:\/\/quicosenza.it\/news\/wp-json\/wp\/v2\/categories?post=266706"},{"taxonomy":"post_tag","embeddable":true,"href":"https:\/\/quicosenza.it\/news\/wp-json\/wp\/v2\/tags?post=266706"}],"curies":[{"name":"wp","href":"https:\/\/api.w.org\/{rel}","templated":true}]}}