{"id":268721,"date":"2025-09-07T22:00:51","date_gmt":"2025-09-07T20:00:51","guid":{"rendered":"https:\/\/www.quicosenza.it\/news\/?p=268721"},"modified":"2025-09-07T09:55:07","modified_gmt":"2025-09-07T07:55:07","slug":"castiglione-cosentino-torna-la-rassegna-culturale-parole-sottolio-programma","status":"publish","type":"post","link":"https:\/\/quicosenza.it\/news\/castiglione-cosentino-torna-la-rassegna-culturale-parole-sottolio-programma\/","title":{"rendered":"Castiglione Cosentino, torna la rassegna culturale &#8220;Parole sott&#8217;olio&#8221; &#8211; PROGRAMMA"},"content":{"rendered":"<p>CASTIGLIONE COSENTINO (CS) &#8211; Torna con la sua XVIII edizione la rassegna culturale \u201c<strong>Parole sott\u2019olio<\/strong>\u201d, uno degli appuntamenti pi\u00f9 attesi della stagione calabrese. Un evento capace di rinnovarsi nel tempo, mantenendo per\u00f2 immutato il proprio spirito. <strong>Il format \u00e8 rimasto quello di sempre<\/strong>: scegliere una <strong>parola in disuso del dialetto cosentino<\/strong> e su di essa, <strong>costruire un contenitore<\/strong> che anche quest\u2019anno, come negli anni passati \u00e8 stato in grado di coniugare <strong>cultura, spettacolo, ironia e riflessione intorno ai temi dell\u2019identit\u00e0<\/strong>, della <strong>tradizione e del territorio<\/strong>.<\/p>\n<p>L\u2019edizione 2025, organizzata dall\u2019Associazione PALMO, con il patrocinio e il sostegno promozionale del Comune di Castiglione Cosentino, ha come parola e filo conduttore \u201c<strong>\u2018A Gulia<\/strong>\u201d e si appresta ad essere un viaggio multisensoriale nella dimensione del desiderio, della volont\u00e0, del piacere di gola e della voglia, tra riflessione culturale, narrazione popolare, satira e convivialit\u00e0.<\/p>\n<p><img loading=\"lazy\" decoding=\"async\" class=\" wp-image-268728 aligncenter\" src=\"https:\/\/quicosenza.it\/news\/wp-content\/uploads\/2025\/09\/parole-sottolio-2025.jpg\" alt=\"\" width=\"439\" height=\"272\" title=\"\" srcset=\"https:\/\/quicosenza.it\/news\/wp-content\/uploads\/2025\/09\/parole-sottolio-2025.jpg 970w, https:\/\/quicosenza.it\/news\/wp-content\/uploads\/2025\/09\/parole-sottolio-2025-300x186.jpg 300w, https:\/\/quicosenza.it\/news\/wp-content\/uploads\/2025\/09\/parole-sottolio-2025-768x475.jpg 768w, https:\/\/quicosenza.it\/news\/wp-content\/uploads\/2025\/09\/parole-sottolio-2025-679x420.jpg 679w, https:\/\/quicosenza.it\/news\/wp-content\/uploads\/2025\/09\/parole-sottolio-2025-150x93.jpg 150w, https:\/\/quicosenza.it\/news\/wp-content\/uploads\/2025\/09\/parole-sottolio-2025-696x431.jpg 696w, https:\/\/quicosenza.it\/news\/wp-content\/uploads\/2025\/09\/parole-sottolio-2025-356x220.jpg 356w\" sizes=\"auto, (max-width: 439px) 100vw, 439px\" \/><\/p>\n<h3>Il programma completo<\/h3>\n<p><strong>Gioved\u00ec 11 settembre<\/strong><\/p>\n<p><strong>&#8211; ore 20:00<\/strong><br \/>\nTalk Show &#8211; &#8220;G&amp;G: Gola e Gulia tra piacere e peccato&#8221;. Riflessione conviviale sulle voglie e i peccati di gola, tra cultura gastronomica, satira e sana nutrizione. Con:<br \/>\nCinghios Group, Wlady Nigro di \u201cCalabria Food Tour\u201d, Fabio De Tommaso (endocrinologo e nutrizionista). Presenta: Francesca Ramunno<\/p>\n<p><strong>&#8211; ore 21:30<\/strong><br \/>\nSpettacolo &#8211; \u201cFesta va al bar\u201d, produzione PALMO &#8211; commedia musicale ironica e surreale sui tormentoni estivi. Con: Aldo Scaglione, Ilaria Lico, Domenico Patitucci. Corpo di ballo: Domenico Gaccione, Camilla D\u2019Amico. Testi e regia: Attilio Palermo, Musiche originali: Luigi Morrone. Coreografie: Mario Palermo.<\/p>\n<p><strong>Venerd\u00ec 12 settembre<\/strong><\/p>\n<p><strong>&#8211; ore 20:00<\/strong><br \/>\nTalk Show &#8211; &#8220;Coppie e gulie&#8221; &#8211; Confronto (e scontro) ironico e sincero tra coppie, voglie inespresse e desideri proibiti. Con: Manuela Giardino di &#8220;Minnennials e altri guai&#8221;, i Cannarelliz, Salvatore Staine e Mario Iazzolino di &#8220;Cosenza Superfood&#8221;. Presenta: Marco Tiesi<\/p>\n<p><strong>&#8211; ore 21:30<\/strong><br \/>\nSpettacolo: &#8220;Tu sono, io sei&#8221;, produzione &#8220;PALMO&#8221; &#8211; Commedia musicale sperimentale pungente, sarcastica, introspettiva. Con: Giorgia Reda, Aldo Scaglione, Corpo di ballo: Alessia Mandoliti, Alessia Mazzei. Testi e regia: Attilio Palermo, Musiche originali: Luigi Morrone, Coreografie: Mario Palermo. Parte tecnica: Raffaele Iantorno<\/p>\n<p><strong>Sabato 13 settembre<\/strong><\/p>\n<p><strong>&#8211; ore 20:30<\/strong><br \/>\nDibattito &#8211; \u2018A Gul\u00eca: voglia e volont\u00e0, tra desiderio e diritto, folklore e medicina\u201d &#8211; Un viaggio nella \u201cvoglia\u201d intesa come forza vitale, tra diritto individuale, pulsione ancestrale, tradizioni e narrazioni popolari, medicina. Relatori: Francesco Rota (giurista), Fulvio Librandi (antropologo), Katia Caloiero (medico ostetrica), Alfredo Bruno (formatore e will trainer). Modera: Ilaria Lico<br \/>\n<strong>&#8211; ore 22:00<\/strong><br \/>\nConcerto dei Villazuk<\/p>\n","protected":false},"excerpt":{"rendered":"<p>CASTIGLIONE COSENTINO (CS) &#8211; Torna con la sua XVIII edizione la rassegna culturale \u201cParole sott\u2019olio\u201d, uno degli appuntamenti pi\u00f9 attesi della stagione calabrese. Un evento capace di rinnovarsi nel tempo, mantenendo per\u00f2 immutato il proprio spirito. Il format \u00e8 rimasto quello di sempre: scegliere una parola in disuso del dialetto cosentino e su di essa, [&hellip;]<\/p>\n","protected":false},"author":42,"featured_media":268729,"comment_status":"closed","ping_status":"closed","sticky":false,"template":"","format":"standard","meta":{"_acf_changed":false,"footnotes":"","jetpack_publicize_message":"","jetpack_publicize_feature_enabled":true,"jetpack_social_post_already_shared":false,"jetpack_social_options":{"image_generator_settings":{"template":"highway","default_image_id":0,"font":"","enabled":false},"version":2}},"categories":[28],"tags":[],"class_list":["post-268721","post","type-post","status-publish","format-standard","has-post-thumbnail","hentry","category-provincia"],"acf":[],"jetpack_publicize_connections":[],"_links":{"self":[{"href":"https:\/\/quicosenza.it\/news\/wp-json\/wp\/v2\/posts\/268721","targetHints":{"allow":["GET"]}}],"collection":[{"href":"https:\/\/quicosenza.it\/news\/wp-json\/wp\/v2\/posts"}],"about":[{"href":"https:\/\/quicosenza.it\/news\/wp-json\/wp\/v2\/types\/post"}],"author":[{"embeddable":true,"href":"https:\/\/quicosenza.it\/news\/wp-json\/wp\/v2\/users\/42"}],"replies":[{"embeddable":true,"href":"https:\/\/quicosenza.it\/news\/wp-json\/wp\/v2\/comments?post=268721"}],"version-history":[{"count":0,"href":"https:\/\/quicosenza.it\/news\/wp-json\/wp\/v2\/posts\/268721\/revisions"}],"wp:featuredmedia":[{"embeddable":true,"href":"https:\/\/quicosenza.it\/news\/wp-json\/wp\/v2\/media\/268729"}],"wp:attachment":[{"href":"https:\/\/quicosenza.it\/news\/wp-json\/wp\/v2\/media?parent=268721"}],"wp:term":[{"taxonomy":"category","embeddable":true,"href":"https:\/\/quicosenza.it\/news\/wp-json\/wp\/v2\/categories?post=268721"},{"taxonomy":"post_tag","embeddable":true,"href":"https:\/\/quicosenza.it\/news\/wp-json\/wp\/v2\/tags?post=268721"}],"curies":[{"name":"wp","href":"https:\/\/api.w.org\/{rel}","templated":true}]}}