{"id":268849,"date":"2025-09-07T22:00:16","date_gmt":"2025-09-07T20:00:16","guid":{"rendered":"https:\/\/www.quicosenza.it\/news\/?p=268849"},"modified":"2025-09-07T19:45:49","modified_gmt":"2025-09-07T17:45:49","slug":"elezioni-regionali-le-proposte-uncem-per-le-comunita-montane-la-montagna-e-dialogo","status":"publish","type":"post","link":"https:\/\/quicosenza.it\/news\/elezioni-regionali-le-proposte-uncem-per-le-comunita-montane-la-montagna-e-dialogo\/","title":{"rendered":"Elezioni regionali, le proposte Uncem per le comunit\u00e0 montane: &#8220;La Montagna \u00e8 dialogo&#8221;"},"content":{"rendered":"<p class=\"v1p4\"><span class=\"v1s4\">COSENZA &#8211; &#8220;<strong>Sette Regioni italiane al voto<\/strong>. Una tornata elettorale importante, in autunno, con tempi diversi. <\/span><span class=\"v1s4\">Uncem lavora da sempre a fianco delle Istituzioni&#8221;. Cos\u00ec scrive in una nota l&#8217;<\/span><strong>Unione Nazionale Comuni Comunit\u00e0 Enti Montani in vista delle elezioni regionali del 5 e 6 ottobre.<\/strong><\/p>\n<div class=\"header-utils Grid-cell\"><\/div>\n<p class=\"v1p4\"><span class=\"v1s4\">Tutte. Senza alcuna distinzione tra colori, partiti, idee, proposte. Lavoriamo per Unire. Perch\u00e9 \u00e8 la Montagna a unire. E Uncem \u00e8 &#8220;Casa della montagna&#8221;, per tutti e tutte. <\/span><span class=\"v1s4\">Uncem sar\u00e0 sui territori, nelle prossime settimane e nei prossimi mesi verso le urne. Per presentare, nell&#8217;ambito del <strong>Rapporto Montagne Italia 2025<\/strong>, specifiche &#8220;piattaforme&#8221; di proposte per le Regioni al voto. Incontri pubblici, con tutti i Candidati e le Candidate, con i Sindaci, le Amministrazioni locali, i rappresentanti di <strong>Associazioni, imprese, sindacati, datoriali. <\/strong><\/span><span class=\"v1s4\">Tutti in dialogo. Non lo fa quasi nessuno. Questa \u00e8 vera &#8220;campagna elettorale&#8221;. Che va oltre le divisioni, evidenzia le idee, le mette in dialogo. Si vince cos\u00ec.<\/span><\/p>\n<p class=\"v1p4\"><span class=\"v1s4\"><strong>Si aprono infatti intense campagne elettorali. Uncem vuole esserci.<\/strong> Non certo per pendere da una parte o dall&#8217;altra. Non \u00e8 questo il punto. Per portare idee, proposte, strategie, voci, far dialogare e mettere in relazione, anche quello che \u00e8 pi\u00f9 lontano, difficile, incompreso. Vinciamo le solitudini, vero male della politica che non \u00e8 pi\u00f9 vera. <\/span><span class=\"v1s4\">In questi giorni si definiscono liste, apparentamenti, Candidate e Candidati. Su questo lanciamo un primo messaggio alle Regioni al voto, ai Partiti, &#8220;a chi sceglie&#8221;. Perch\u00e9 la Rappresentanza adeguata nelle Aule dei Consigli regionali \u00e8 Costituzione ed \u00e8 Democrazia. Si deve scegliere bene.<\/span><\/p>\n<p class=\"v1p4\"><span class=\"v1s4\"><strong>Con un primo punto.<\/strong> Siamo noi, Comuni ed Enti locali, Comunit\u00e0 montane e Unioni montane di Comuni, che dobbiamo unire le forze, superare i municipalismi, le piccole polemiche nei consigli comunali, le contrapposizioni, le banalit\u00e0, le beghe da cortile. Dobbiamo guardare a progetti pi\u00f9 <\/span><span class=\"v1s4\">grandi e pi\u00f9 ampi. Bisogna passare dall'&#8221;io&#8221; dei singoli comuni al &#8220;NOI&#8221; dei Comuni uniti, cos\u00ec da essere politicamente preparati, svegli, intelligenti, protagonisti. Allo stesso modo, dobbiamo presentarci compatti davanti al Governo, ai Parlamentari, alla Regione, anche con piattaforme pi\u00f9 chiare di proposte, di richieste, di sfide e di istanze. <\/span><span class=\"v1s4\">Un secondo punto. Fondamentale.<\/span><\/p>\n<p class=\"v1p4\"><span class=\"v1s4\">Candidiamo, candidate, le persone giuste. Ci sono molti Sindaci e Amministratori &#8211; e non solo! &#8211; di tutti gli schieramenti, con diverse tessere di partito, o senza tessere, ma efficaci e appassionati, preparati, con grande esperienza. Molto bene se hanno idee diverse! Sono di recente nate delle interessanti Reti, di persone impegnate, che vogliono prepararsi, mettersi in gioco, studiano e ascoltando. Si scelgano le e i preparati, capacit\u00e0 di analisi, di approfondimento, di &#8220;fare ponti e non muri&#8221;, di unire e generare coesione. Scelte vere, non solo figure di bandiera.<\/span><\/p>\n<p class=\"v1p4\"><span class=\"v1s4\">Non dovrebbe interessare un candidato solo perch\u00e9 rappresenta un simbolo o perch\u00e9 &#8220;porta preferenze&#8221;: dovrebbe contare il suo essere una persona competente, con esperienza amministrativa, capace di rappresentare il territorio in Consiglio regionale. Tutti i territori. Anche le aree meno densamente popolate. Altrimenti, intere aree continueranno a essere sotto-<\/span><span class=\"v1s4\">rappresentate, e questo \u00e8 un grande problema per l&#8217;Italia e in particolare nelle Regioni al voto. <\/span><span class=\"v1s4\">Occorre vengano individuate persone in grado di ottenere consenso reale, non solo qualche voto sparso. Sappiamo bene che i collegi elettorale e tutte le leggi elettorali sono disegnate e costruite in base alle concentrazioni di voti, e questo penalizza le aree montane e rurali delle regioni e del Paese. I territori siano capaci di esprimere figure adeguate, evitando di basarsi su <\/span><span class=\"v1s4\">un consenso effimero. Occorre che i Partiti facciano la loro parte, riconoscendo che la questione della rappresentanza \u00e8 decisiva per la qualit\u00e0 della Democrazia. Nuova rappresentazione della Montagna, ma anche nuova decisiva Rappresentanza.<\/span><\/p>\n<p class=\"v1p4\"><span class=\"v1s4\">C&#8217;\u00e8 un <strong>terzo punto<\/strong> che richiede secondo Uncem attenzione. <\/span><span class=\"v1s4\">La crisi internazionale, le guerre alle porte dell&#8217;Europa, le contrazioni economiche e le difficolt\u00e0 finanziarie per molti cittadini, con una crescente povert\u00e0 e richieste di assistenza in aumento, la diminuzione dei votanti, il distacco dei cittadini dalle Istituzioni, chiedono alla &#8220;Politica&#8221;, alle <\/span><span class=\"v1s4\">Istituzioni regionali in questo caso, di superare steccati e &#8220;andare oltre&#8221;. Nella Fraternit\u00e0, valore politico che ereditiamo dalla Rivoluzione francese. Necessario oggi. I Partiti possono costruire percorsi distinti, ma comunque nel dialogo, inquadrando il molto che unisce piuttosto che il poco che divide. Dare una nuova testimonianza di impegno. Autentica e reale. Non effimera.<\/span><\/p>\n<p class=\"v1p4\"><span class=\"v1s4\">Vera. Questo \u00e8 anche il senso vero dell&#8217;impegno Uncem nel far dialogare i Candidati e le Candidate alle regionali con Sindaci, Amministratori, pezzi di Terzo settore organizzato, imprese, Datoriali. Far prevalere impegni trasversali, e non dei compromessi sterili, far prevalere obiettivi concreti, misurazione di risultati, strategie di sviluppo locale che fanno bene alle aree <\/span><span class=\"v1s4\">montane e che diventano strumenti di crescita per l&#8217;intera regione. Oltre i campanilismi e oltre i municipalismi. Oltre le solitudini di chi si candidata, di chi viene eletto, di chi vota, di chi ha impegni e responsabilit\u00e0. Si vince nel NOI. \u00c8 un salto di qualit\u00e0 necessario che la campagna elettorale deve aprire.<\/span><\/p>\n<p class=\"v1p4\"><strong><span class=\"v1s4\">UNCEM propone alle Regioni \u2013 ai Partiti che compongono i programmi &#8211; verso il voto:<\/span><\/strong><\/p>\n<p class=\"v1p4\"><span class=\"v1s4\">1. Una Politica regionale che promuova il diritto al lavoro e la sua qualit\u00e0, assicuri la parit\u00e0 dei servizi, realizzi un significativo riequilibrio dei redditi nelle zone montane.<\/span><\/p>\n<p class=\"v1p4\"><span class=\"v1s4\">2. Una Politica di promozione e valorizzazione dell&#8217;ambiente e del paesaggio, delle foreste e delle aree agricole, fondata sulla ricerca di un&#8217;elevata qualit\u00e0 della vita.<\/span><\/p>\n<p class=\"v1p4\"><span class=\"v1s4\">3. Una Democrazia sostanziale e partecipata, in cui le scelte siano libere, in cui sia reale la possibilit\u00e0 della rappresentanza di tutte le aree del territorio e in cui l&#8217;azione politica sia un servizio reso alla collettivit\u00e0.<\/span><\/p>\n<p class=\"v1p4\"><span class=\"v1s4\">4. Una Societ\u00e0 che, valorizzando la propria identit\u00e0 storica, accolga tutte le differenze e<\/span><\/p>\n<p class=\"v1p4\"><span class=\"v1s4\">promuova una cultura plurale che non si riduca al solo attuale modello urbano-centrico.<\/span><\/p>\n<p class=\"v1p4\"><span class=\"v1s4\">5. Un&#8217;Economia dinamica e solida che sappia valorizzare e promuovere l&#8217;iniziativa e lo spirito d&#8217;impresa delle realt\u00e0 montane attraverso una diversificazione legislativa che tenga in considerazione l&#8217;alterit\u00e0 delle montagne appenniniche e alpine. Con investimenti e soluzioni normative adeguate, permanenti, non occasionali.<\/span><\/p>\n<p class=\"v1p4\"><strong><span class=\"v1s4\">Cinque parole chiave che siano filo rosso dei programmi elettorali.<\/span><\/strong><\/p>\n<p class=\"v1p4\"><span class=\"v1s4\"><strong>Autonomia<\/strong>: responsabilit\u00e0 civile ed amministrativa, sobriet\u00e0, cooperazione, solidariet\u00e0.<\/span><\/p>\n<p class=\"v1p4\"><span class=\"v1s4\">Autonomia nelle forme di autogoverno, che partendo dal diritto di esistenza delle municipalit\u00e0, conviene che l&#8217;esistenza di strumenti sovracomunali siano l&#8217;unico strumento possibile per le politiche di sviluppo montano e di ottimizzazione ed efficienza dei servizi resi ai cittadini.<\/span><\/p>\n<p class=\"v1p4\"><span class=\"v1s4\"><strong>Libert\u00e0<\/strong>: di costruire un progetto d&#8217;insieme per il proprio territorio. Temi come ambiente,<\/span><\/p>\n<p class=\"v1p4\"><span class=\"v1s4\">agricoltura, allevamento, silvicoltura declinati alle specificit\u00e0 montane devono essere elementi centrali di un piano strategico che riporti economia e presenza umana nelle zone montane. Comunit\u00e0 vive. Libert\u00e0 culturale e identitaria per ricostruire un processo politico collettivo.<\/span><\/p>\n<p class=\"v1p4\"><span class=\"v1s4\"><strong>Partecipazione<\/strong>: le comunit\u00e0 devono poter prendere parte al processo di crescita del proprio territorio ed essere parte di una comunit\u00e0 attiva in questo impegno. Per poter fare questo si deve pervenire a una rappresentanza politica che consideri che, oltre agli abitanti, pure il territorio va governato in tutte le sue specificit\u00e0 fisiche, a vantaggio anche della pianura che <\/span><span class=\"v1s4\">riconosce ai territori montani i servizi ecosistemici-ambientali erogati. Un patto nuovo con le citt\u00e0.<\/span><\/p>\n<p class=\"v1p4\"><span class=\"v1s4\"><strong>Energia<\/strong>: la valorizzazione delle risorse endogene (acqua, foreste, aria) della montagna deve passare attraverso le Istituzioni della montagna, declinata in concetti di sostenibilit\u00e0 economica, <\/span><span class=\"v1s4\">sostenibilit\u00e0 ambientale e prossimit\u00e0 territoriale. Gli strumenti istituzionali che governano la montagna devono essere messi nelle condizioni di poter costruire il proprio sviluppo.<\/span><\/p>\n<p class=\"v1p4\"><span class=\"v1s4\"><strong>Sussidiariet\u00e0<\/strong>: secondo il dettame costituzionale della leale collaborazione tra gli Enti, attraverso la costruzione di un sistema di interazione nel quale non vi sia nessun atteggiamento egemone <\/span><span class=\"v1s4\">da parte delle istituzioni sovraordinate ma un rapporto funzionale che permetta di rispondere al meglio alle esigenze dei cittadini all&#8217;interno di un costante rapporto con gli stessi, specie in fase decisionale. <\/span><span class=\"v1s4\">Dobbiamo essere capaci di costruire coesione e non divisione. Troppo spesso, invece, come Amministratori locali scarichiamo la responsabilit\u00e0 altrove e non riusciamo, noi per primi, a interpretare le sfide e le urgenze. Questa campagna elettorale ci spinga a cambiare passo.<\/span><\/p>\n<p class=\"v1p4\"><span class=\"v1s4\"><strong>Questo significa anche superare le fragilit\u00e0 del campanilismo<\/strong>. Il municipalismo \u00e8 un problema serio, pi\u00f9 grave di una frase mal scritta in un piano sulle aree interne o sullo spopolamento del Mezzogiorno. Questi mesi verso le elezioni regionali aiutino a ripensare come le Autonomie stanno nell&#8217;Autonomia, nel Paese pi\u00f9 unito.<\/span><\/p>\n<p class=\"v1p4\"><span class=\"v1s4\">In conclusione. Le Regioni al voto siano modello nelle politiche per la sostenibilit\u00e0 e <\/span><span class=\"v1s4\">l&#8217;innovazione. Costruiscano un sistema istituzionale di Enti locali efficace. Puntiamo <\/span><span class=\"v1s4\">con loro su lavoro forte, insieme, dei Comuni. <\/span><span class=\"v1s4\">Per spendere efficacemente le risorse disponibili, in politiche di sviluppo durature e <\/span><span class=\"v1s4\">strutturali. Cerchiamo sempre il dialogo. <\/span><span class=\"v1s4\">Crediamo insieme nella Strategia delle Green community, con la Strategia <\/span><span class=\"v1s4\">forestale, la Strategia per le Montagne, la Strategia delle Aree interne, generando <\/span><span class=\"v1s4\">lavoro insieme tra Enti locali. Credendo che transizione energetica ed ecologica si <\/span><span class=\"v1s4\">fanno &#8220;nel NOI&#8221;.<\/span><\/p>\n<p class=\"v1p4\"><span class=\"v1s4\">Le Regioni verso il voto costruiscano il dialogo tra grandi citt\u00e0, aree della costa, <\/span><span class=\"v1s4\">piccoli Comuni, zone montane. Interazione \u00e8 forza. I Sindaci crescano nella stima <\/span><span class=\"v1s4\">e nella fiducia, si vedano &#8220;nuovi&#8221;, costruiscano unit\u00e0 e sinergie. Lavorino insieme imparando e crescendo reciprocamente. Usino i mesi di campagna elettorale per rappresentare con positivit\u00e0 le urgenze e le necessit\u00e0.<\/span><\/p>\n<p class=\"v1p4\"><span class=\"v1s4\">Le Regioni \u2013 non con progetti una tantum e non solo con &#8220;buone pratiche&#8221; &#8211; <\/span><span class=\"v1s4\">sostengano chi vive e lavora o studia nei piccoli Comuni e nelle zone montane. <\/span><span class=\"v1s4\">Comunit\u00e0 vive, prima di tutto. Comunit\u00e0 vive! Con investimenti e nuova fiscalit\u00e0 <\/span><span class=\"v1s4\">differenziata, peculiare, superando svantaggi e disuguaglianze. <\/span><span class=\"v1s4\">La Regione verso il voto scelga futuro, punti sui giovani. Generi fiducia, ascoltando <\/span><span class=\"v1s4\">gli Amministratori locali, i Sindaci, superando ideologie e frammentazioni <\/span><span class=\"v1s4\">politiche, per unire.<\/span><\/p>\n","protected":false},"excerpt":{"rendered":"<p>COSENZA &#8211; &#8220;Sette Regioni italiane al voto. Una tornata elettorale importante, in autunno, con tempi diversi. Uncem lavora da sempre a fianco delle Istituzioni&#8221;. Cos\u00ec scrive in una nota l&#8217;Unione Nazionale Comuni Comunit\u00e0 Enti Montani in vista delle elezioni regionali del 5 e 6 ottobre. Tutte. Senza alcuna distinzione tra colori, partiti, idee, proposte. Lavoriamo [&hellip;]<\/p>\n","protected":false},"author":58,"featured_media":252324,"comment_status":"closed","ping_status":"closed","sticky":false,"template":"","format":"standard","meta":{"_acf_changed":false,"footnotes":"","jetpack_publicize_message":"","jetpack_publicize_feature_enabled":true,"jetpack_social_post_already_shared":false,"jetpack_social_options":{"image_generator_settings":{"template":"highway","default_image_id":0,"font":"","enabled":false},"version":2}},"categories":[16],"tags":[19],"class_list":["post-268849","post","type-post","status-publish","format-standard","has-post-thumbnail","hentry","category-italia","tag-copertina"],"acf":[],"jetpack_publicize_connections":[],"_links":{"self":[{"href":"https:\/\/quicosenza.it\/news\/wp-json\/wp\/v2\/posts\/268849","targetHints":{"allow":["GET"]}}],"collection":[{"href":"https:\/\/quicosenza.it\/news\/wp-json\/wp\/v2\/posts"}],"about":[{"href":"https:\/\/quicosenza.it\/news\/wp-json\/wp\/v2\/types\/post"}],"author":[{"embeddable":true,"href":"https:\/\/quicosenza.it\/news\/wp-json\/wp\/v2\/users\/58"}],"replies":[{"embeddable":true,"href":"https:\/\/quicosenza.it\/news\/wp-json\/wp\/v2\/comments?post=268849"}],"version-history":[{"count":0,"href":"https:\/\/quicosenza.it\/news\/wp-json\/wp\/v2\/posts\/268849\/revisions"}],"wp:featuredmedia":[{"embeddable":true,"href":"https:\/\/quicosenza.it\/news\/wp-json\/wp\/v2\/media\/252324"}],"wp:attachment":[{"href":"https:\/\/quicosenza.it\/news\/wp-json\/wp\/v2\/media?parent=268849"}],"wp:term":[{"taxonomy":"category","embeddable":true,"href":"https:\/\/quicosenza.it\/news\/wp-json\/wp\/v2\/categories?post=268849"},{"taxonomy":"post_tag","embeddable":true,"href":"https:\/\/quicosenza.it\/news\/wp-json\/wp\/v2\/tags?post=268849"}],"curies":[{"name":"wp","href":"https:\/\/api.w.org\/{rel}","templated":true}]}}