{"id":269057,"date":"2025-09-07T18:00:13","date_gmt":"2025-09-07T16:00:13","guid":{"rendered":"https:\/\/www.quicosenza.it\/news\/?p=269057"},"modified":"2025-09-07T16:52:35","modified_gmt":"2025-09-07T14:52:35","slug":"diamante-si-prepara-ad-una-nuova-e-piccante-edizione-del-peperoncino-festival","status":"publish","type":"post","link":"https:\/\/quicosenza.it\/news\/diamante-si-prepara-ad-una-nuova-e-piccante-edizione-del-peperoncino-festival\/","title":{"rendered":"Diamante si prepara ad una nuova e piccante edizione del &#8220;Peperoncino Festival&#8221; &#8211; Tutti gli eventi"},"content":{"rendered":"<p>DIAMANTE (CS) &#8211; Mancano ormai pochi giorni all\u2019inizio della <a href=\"https:\/\/www.peperoncinofestival.org\/documenti\/guidafestival2025.pdf\" rel=\"noopener\"><strong>33\u00aa edizione del Peperoncino Festival<\/strong><\/a>, l\u2019evento enogastronomico e culturale pi\u00f9 atteso dell\u2019anno,<strong> in programma dal 10 al 14 settembre prossimi<\/strong>. L&#8217;evento, organizzato dall\u2019Accademia Italiana del Peperoncino con il patrocinio e il cofinanziamento della Regione Calabria, del Comune di Diamante e del GAL Riviera dei Cedri, il festival si conferma anche quest\u2019anno come punto di riferimento nel panorama nazionale degli eventi dedicati alla cultura del gusto e alla valorizzazione del territorio.<\/p>\n<p>Il <strong>taglio del nastro<\/strong> \u00e8 previsto per la serata di <strong>mercoled\u00ec 10 settembre<\/strong>, con la partecipazione straordinaria della <strong>Madrina Manuela Arcuri<\/strong> e del tradizionale Re Peperoncino, impersonato da <strong>Gianni Pellegrino<\/strong>. Un\u2019apertura all\u2019insegna dello spettacolo, con un cartellone fitto di appuntamenti tra musica, show cooking, cultura e intrattenimento.<br \/>\nIl Festival si svilupper\u00e0 su tre palcoscenici principali, animati da concerti live, performance artistiche e degustazioni. Tra le novit\u00e0 pi\u00f9 attese della giornata inaugurale, il concerto di <strong>Sarafine<\/strong>, cantautrice calabrese e autrice della soundtrack ufficiale dell\u2019edizione 2025, in scena alle ore<strong> 22:00 sull\u2019Impronte Arena del Lungomare Glauco.<\/strong><\/p>\n<p><img loading=\"lazy\" decoding=\"async\" class=\" wp-image-269317 aligncenter\" src=\"https:\/\/quicosenza.it\/news\/wp-content\/uploads\/2025\/09\/peperoncino-festival.jpg\" alt=\"\" width=\"526\" height=\"326\" title=\"\" srcset=\"https:\/\/quicosenza.it\/news\/wp-content\/uploads\/2025\/09\/peperoncino-festival.jpg 970w, https:\/\/quicosenza.it\/news\/wp-content\/uploads\/2025\/09\/peperoncino-festival-300x186.jpg 300w, https:\/\/quicosenza.it\/news\/wp-content\/uploads\/2025\/09\/peperoncino-festival-768x475.jpg 768w, https:\/\/quicosenza.it\/news\/wp-content\/uploads\/2025\/09\/peperoncino-festival-679x420.jpg 679w, https:\/\/quicosenza.it\/news\/wp-content\/uploads\/2025\/09\/peperoncino-festival-150x93.jpg 150w, https:\/\/quicosenza.it\/news\/wp-content\/uploads\/2025\/09\/peperoncino-festival-696x431.jpg 696w, https:\/\/quicosenza.it\/news\/wp-content\/uploads\/2025\/09\/peperoncino-festival-356x220.jpg 356w\" sizes=\"auto, (max-width: 526px) 100vw, 526px\" \/><\/p>\n<p>Riflettori puntati anche su <strong>Giulio Berruti<\/strong>, attore e volto noto della televisione italiana, reduce dal successo dell\u2019ultima edizione di Pechino Express su Sky. A condurre la prima serata sar\u00e0 il giornalista e inviato di Sky Sport Italia Sandro Donato Grosso.<\/p>\n<p>Sul <strong>fronte gastronomico<\/strong>, grande attesa per lo <strong>Chef Rub\u00e9n Bondi<\/strong>, protagonista di uno degli show cooking sul Cala Stage in Piazza Municipio, seguito da <strong>Chef Alberto Vitaro<\/strong>, che proporr\u00e0 una degustazione di gelati artigianali dai gusti sorprendenti, ideati in esclusiva per il Festival. Vitaro \u00e8 fresco del riconoscimento \u201cTre Coni\u201d assegnato dal Gambero Rosso.<\/p>\n<p>Alla direzione artistica del Festival \u00e8 stato nominato, dal Presidente Enzo Monaco e dall\u2019Accademia, <strong>Alfredo De Luca<\/strong>, associato Assomusica per la Calabria, che ha dichiarato:<br \/>\n\u201cmettermi a disposizione dell\u2019Accademia Italiana del Peperoncino e del Professore Enzo Monaco \u00e8 un grande onore. C\u2019\u00e8 sempre tanto da imparare. Il lato artistico e organizzativo del Festival mi incuriosisce e mi stimola ogni giorno. La gastronomia \u00e8 un mondo in continua evoluzione, e questo evento ne \u00e8 un grande promotore\u201d.<\/p>\n<p><strong>Tutti gli appuntamenti<\/strong><br \/>\n10 Settembre &#8211; SARAFINE<br \/>\n11 Settembre &#8211; NERI PER CASO<br \/>\n12 Settembre &#8211; CAROTONE e GIULIO WILSON<br \/>\n13 Settembre &#8211; I PATAGARRI<br \/>\n14 Settembre &#8211; MAURO REPETTO by 883<\/p>\n","protected":false},"excerpt":{"rendered":"<p>DIAMANTE (CS) &#8211; Mancano ormai pochi giorni all\u2019inizio della 33\u00aa edizione del Peperoncino Festival, l\u2019evento enogastronomico e culturale pi\u00f9 atteso dell\u2019anno, in programma dal 10 al 14 settembre prossimi. L&#8217;evento, organizzato dall\u2019Accademia Italiana del Peperoncino con il patrocinio e il cofinanziamento della Regione Calabria, del Comune di Diamante e del GAL Riviera dei Cedri, il [&hellip;]<\/p>\n","protected":false},"author":42,"featured_media":269059,"comment_status":"closed","ping_status":"closed","sticky":false,"template":"","format":"standard","meta":{"_acf_changed":false,"footnotes":"","jetpack_publicize_message":"","jetpack_publicize_feature_enabled":true,"jetpack_social_post_already_shared":false,"jetpack_social_options":{"image_generator_settings":{"template":"highway","default_image_id":0,"font":"","enabled":false},"version":2}},"categories":[576],"tags":[19],"class_list":["post-269057","post","type-post","status-publish","format-standard","has-post-thumbnail","hentry","category-tirreno","tag-copertina"],"acf":[],"jetpack_publicize_connections":[],"_links":{"self":[{"href":"https:\/\/quicosenza.it\/news\/wp-json\/wp\/v2\/posts\/269057","targetHints":{"allow":["GET"]}}],"collection":[{"href":"https:\/\/quicosenza.it\/news\/wp-json\/wp\/v2\/posts"}],"about":[{"href":"https:\/\/quicosenza.it\/news\/wp-json\/wp\/v2\/types\/post"}],"author":[{"embeddable":true,"href":"https:\/\/quicosenza.it\/news\/wp-json\/wp\/v2\/users\/42"}],"replies":[{"embeddable":true,"href":"https:\/\/quicosenza.it\/news\/wp-json\/wp\/v2\/comments?post=269057"}],"version-history":[{"count":0,"href":"https:\/\/quicosenza.it\/news\/wp-json\/wp\/v2\/posts\/269057\/revisions"}],"wp:featuredmedia":[{"embeddable":true,"href":"https:\/\/quicosenza.it\/news\/wp-json\/wp\/v2\/media\/269059"}],"wp:attachment":[{"href":"https:\/\/quicosenza.it\/news\/wp-json\/wp\/v2\/media?parent=269057"}],"wp:term":[{"taxonomy":"category","embeddable":true,"href":"https:\/\/quicosenza.it\/news\/wp-json\/wp\/v2\/categories?post=269057"},{"taxonomy":"post_tag","embeddable":true,"href":"https:\/\/quicosenza.it\/news\/wp-json\/wp\/v2\/tags?post=269057"}],"curies":[{"name":"wp","href":"https:\/\/api.w.org\/{rel}","templated":true}]}}