{"id":269109,"date":"2025-09-04T19:19:46","date_gmt":"2025-09-04T17:19:46","guid":{"rendered":"https:\/\/www.quicosenza.it\/news\/?p=269109"},"modified":"2025-09-04T19:19:46","modified_gmt":"2025-09-04T17:19:46","slug":"elezioni-regionali-falcomata-si-candida-con-tridico-rafforza-il-nostro-percorso","status":"publish","type":"post","link":"https:\/\/quicosenza.it\/news\/elezioni-regionali-falcomata-si-candida-con-tridico-rafforza-il-nostro-percorso\/","title":{"rendered":"Elezioni regionali, Falcomat\u00e0 si candida con Tridico \u00abrafforza il nostro percorso\u00bb"},"content":{"rendered":"<p>REGGIO CALABRIA &#8211; &#8220;La sua candidatura \u00e8 un valore aggiunto che rafforza il nostro percorso. Sono felice che <strong>Giuseppe Falcomat\u00e0<\/strong> abbia condiviso il nostro progetto. Lo ringrazio per la <strong>generosit\u00e0 con cui si \u00e8 speso<\/strong>, sollecitando anche le candidature di molti amministratori della sua squadra in Comune e alla Citt\u00e0 Metropolitana, a sostegno della nostra proposta politica per la guida della Calabria&#8221;. E&#8217; quanto <strong>scrive sui social Pasquale Tridico<\/strong>, candidato del campo progressista alla presidenza della Regione Calabria.<\/p>\n<p>&#8220;Falcomat\u00e0 porta con s\u00e9 &#8211; aggiunge Tridico &#8211; l&#8217;esperienza di sindaco di una citt\u00e0 importante come Reggio Calabria e un ruolo riconosciuto a livello nazionale nell&#8217;Anci, come punto di riferimento per tanti sindaci calabresi e italiani. La sua \u00e8 una storia coerente con i valori che ci guidano. Giustizia sociale, impegno concreto e vicinanza alle comunit\u00e0&#8221;.<\/p>\n<p>&#8220;\u00c8 un <strong>contributo di competenza e autorevolezza<\/strong> che pu\u00f2 dare nuova forza alla strada che stiamo costruendo per la Calabria. La destra, che lo attacca per la sua disponibilit\u00e0 ma tace sul &#8216;Papeete&#8217; di Occhiuto, pensava di trovarci impreparati. Invece le forze progressiste hanno saputo organizzarsi e mettere insieme grandi risorse. Falcomat\u00e0 ne \u00e8 la prova. <strong>Un nome straordinario per una Calabria che vuole rialzarsi&#8221;.<\/strong><\/p>\n<p>&nbsp;<\/p>\n<p>&nbsp;<\/p>\n<p>&nbsp;<\/p>\n","protected":false},"excerpt":{"rendered":"<p>REGGIO CALABRIA &#8211; &#8220;La sua candidatura \u00e8 un valore aggiunto che rafforza il nostro percorso. Sono felice che Giuseppe Falcomat\u00e0 abbia condiviso il nostro progetto. Lo ringrazio per la generosit\u00e0 con cui si \u00e8 speso, sollecitando anche le candidature di molti amministratori della sua squadra in Comune e alla Citt\u00e0 Metropolitana, a sostegno della nostra [&hellip;]<\/p>\n","protected":false},"author":42,"featured_media":269110,"comment_status":"closed","ping_status":"closed","sticky":false,"template":"","format":"standard","meta":{"_acf_changed":false,"footnotes":"","jetpack_publicize_message":"","jetpack_publicize_feature_enabled":true,"jetpack_social_post_already_shared":false,"jetpack_social_options":{"image_generator_settings":{"template":"highway","default_image_id":0,"font":"","enabled":false},"version":2}},"categories":[17],"tags":[],"class_list":["post-269109","post","type-post","status-publish","format-standard","has-post-thumbnail","hentry","category-calabria"],"acf":[],"jetpack_publicize_connections":[],"_links":{"self":[{"href":"https:\/\/quicosenza.it\/news\/wp-json\/wp\/v2\/posts\/269109","targetHints":{"allow":["GET"]}}],"collection":[{"href":"https:\/\/quicosenza.it\/news\/wp-json\/wp\/v2\/posts"}],"about":[{"href":"https:\/\/quicosenza.it\/news\/wp-json\/wp\/v2\/types\/post"}],"author":[{"embeddable":true,"href":"https:\/\/quicosenza.it\/news\/wp-json\/wp\/v2\/users\/42"}],"replies":[{"embeddable":true,"href":"https:\/\/quicosenza.it\/news\/wp-json\/wp\/v2\/comments?post=269109"}],"version-history":[{"count":0,"href":"https:\/\/quicosenza.it\/news\/wp-json\/wp\/v2\/posts\/269109\/revisions"}],"wp:featuredmedia":[{"embeddable":true,"href":"https:\/\/quicosenza.it\/news\/wp-json\/wp\/v2\/media\/269110"}],"wp:attachment":[{"href":"https:\/\/quicosenza.it\/news\/wp-json\/wp\/v2\/media?parent=269109"}],"wp:term":[{"taxonomy":"category","embeddable":true,"href":"https:\/\/quicosenza.it\/news\/wp-json\/wp\/v2\/categories?post=269109"},{"taxonomy":"post_tag","embeddable":true,"href":"https:\/\/quicosenza.it\/news\/wp-json\/wp\/v2\/tags?post=269109"}],"curies":[{"name":"wp","href":"https:\/\/api.w.org\/{rel}","templated":true}]}}