{"id":269216,"date":"2025-09-06T08:11:52","date_gmt":"2025-09-06T06:11:52","guid":{"rendered":"https:\/\/www.quicosenza.it\/news\/?p=269216"},"modified":"2025-09-06T12:01:07","modified_gmt":"2025-09-06T10:01:07","slug":"grave-incidente-in-parco-giochi-bimbo-di-3-anni-schiacciato-da-una-trave-indagini-in-corso","status":"publish","type":"post","link":"https:\/\/quicosenza.it\/news\/grave-incidente-in-parco-giochi-bimbo-di-3-anni-schiacciato-da-una-trave-indagini-in-corso\/","title":{"rendered":"Grave incidente in un parco giochi: bimbo di 3 anni schiacciato da una trave, indagini in corso"},"content":{"rendered":"<p>VIBO VALENTIA &#8211; Un pomeriggio di svago si \u00e8 trasformato in un incubo a Vibo Valentia, dove un bambino di 3 anni, \u00e8 rimasto <strong>gravemente ferito nel parco urbano della citt\u00e0 di propriet\u00e0 del Comune<\/strong>. E&#8217; accaduto in un\u2019area giochi, recentemente rinnovata. Il bambino sarebbe rimasto schiacciato da una trave alla quale si era appoggiato e che avrebbe ceduto, riportando un trauma all\u2019addome e al torace. Sono stati i familiari e altre persone presenti a lanciare l\u2019allarme. I sanitari del 118 arrivati in pochi minuti hanno disposto il trasferimento d\u2019urgenza del bambino all\u2019ospedale Jazzolino, dove \u00e8 stato subito<strong> portato in sala operatoria<\/strong> per essere sottoposto ad un intervento chirurgico.<\/p>\n<p>Secondo quanto emerso il piccolo si trova ricoverato nel reparto di Rianimazione, in condizioni serie. Sul posto anche le forze dell\u2019ordine, che hanno immediatamente avviato le indagini per ricostruire la dinamica dell\u2019incidente e accertare eventuali responsabilit\u00e0 e per verificare la <strong>sicurezza delle strutture del parco giochi<\/strong> e le modalit\u00e0 con cui \u00e8 stato effettuato il recente allestimento dell\u2019area. La Procura della Repubblica di Vibo Valentia ha aperto un fascicolo sull&#8217;incidente.<\/p>\n","protected":false},"excerpt":{"rendered":"<p>VIBO VALENTIA &#8211; Un pomeriggio di svago si \u00e8 trasformato in un incubo a Vibo Valentia, dove un bambino di 3 anni, \u00e8 rimasto gravemente ferito nel parco urbano della citt\u00e0 di propriet\u00e0 del Comune. E&#8217; accaduto in un\u2019area giochi, recentemente rinnovata. Il bambino sarebbe rimasto schiacciato da una trave alla quale si era appoggiato [&hellip;]<\/p>\n","protected":false},"author":42,"featured_media":269243,"comment_status":"closed","ping_status":"closed","sticky":false,"template":"","format":"standard","meta":{"_acf_changed":false,"footnotes":"","jetpack_publicize_message":"","jetpack_publicize_feature_enabled":true,"jetpack_social_post_already_shared":false,"jetpack_social_options":{"image_generator_settings":{"template":"highway","default_image_id":0,"font":"","enabled":false},"version":2}},"categories":[17],"tags":[19],"class_list":["post-269216","post","type-post","status-publish","format-standard","has-post-thumbnail","hentry","category-calabria","tag-copertina"],"acf":[],"jetpack_publicize_connections":[],"_links":{"self":[{"href":"https:\/\/quicosenza.it\/news\/wp-json\/wp\/v2\/posts\/269216","targetHints":{"allow":["GET"]}}],"collection":[{"href":"https:\/\/quicosenza.it\/news\/wp-json\/wp\/v2\/posts"}],"about":[{"href":"https:\/\/quicosenza.it\/news\/wp-json\/wp\/v2\/types\/post"}],"author":[{"embeddable":true,"href":"https:\/\/quicosenza.it\/news\/wp-json\/wp\/v2\/users\/42"}],"replies":[{"embeddable":true,"href":"https:\/\/quicosenza.it\/news\/wp-json\/wp\/v2\/comments?post=269216"}],"version-history":[{"count":0,"href":"https:\/\/quicosenza.it\/news\/wp-json\/wp\/v2\/posts\/269216\/revisions"}],"wp:featuredmedia":[{"embeddable":true,"href":"https:\/\/quicosenza.it\/news\/wp-json\/wp\/v2\/media\/269243"}],"wp:attachment":[{"href":"https:\/\/quicosenza.it\/news\/wp-json\/wp\/v2\/media?parent=269216"}],"wp:term":[{"taxonomy":"category","embeddable":true,"href":"https:\/\/quicosenza.it\/news\/wp-json\/wp\/v2\/categories?post=269216"},{"taxonomy":"post_tag","embeddable":true,"href":"https:\/\/quicosenza.it\/news\/wp-json\/wp\/v2\/tags?post=269216"}],"curies":[{"name":"wp","href":"https:\/\/api.w.org\/{rel}","templated":true}]}}