{"id":269266,"date":"2025-09-06T17:26:41","date_gmt":"2025-09-06T15:26:41","guid":{"rendered":"https:\/\/www.quicosenza.it\/news\/?p=269266"},"modified":"2025-09-06T17:26:41","modified_gmt":"2025-09-06T15:26:41","slug":"grave-incidente-in-unarea-giochi-il-bimbo-di-3-anni-al-bambino-gesu-in-rianimazione-parco-sequestrato","status":"publish","type":"post","link":"https:\/\/quicosenza.it\/news\/grave-incidente-in-unarea-giochi-il-bimbo-di-3-anni-al-bambino-gesu-in-rianimazione-parco-sequestrato\/","title":{"rendered":"Grave incidente in un&#8217;area giochi, il bimbo di 3 anni al Bambino Ges\u00f9 in Rianimazione. Parco sequestrato"},"content":{"rendered":"<p>VIBO VALENTIA \u2013 Sgomento e angoscia a seguito del <a href=\"https:\/\/quicosenza.it\/news\/calabria\/grave-incidente-in-parco-giochi-bimbo-di-3-anni-schiacciato-da-una-trave-indagini-in-corso\">grave incidente<\/a> avvenuto ieri pomeriggio a Vibo Valentia, dove un bambino di tre anni \u00e8 rimasto <strong>gravemente ferito<\/strong> mentre giocava all\u2019interno del parco urbano cittadino, inaugurato da pochi mesi dopo alcuni lavori di riqualificazione. Secondo le prime ricostruzioni, il piccolo era insieme al padre quando si sarebbe appoggiato ad <strong>una trave del percorso a ostacoli<\/strong>, parte di una struttura <strong>apparentemente destinata a utenti adulti<\/strong>. In un attimo, la trave ha ceduto colpendolo violentemente <strong>tra torace e addome, lasciandolo privo di sensi a terra.<\/strong><\/p>\n<p>La scena ha subito <strong>scatenato il panico tra i presenti<\/strong>. Alcuni testimoni hanno tentato di <strong>prestare i primi soccorsi, liberando il bambino dai detriti<\/strong> e cercando di rianimarlo in attesa dell\u2019arrivo del 118. L\u2019ambulanza \u00e8 giunta rapidamente sul posto, trasportando il piccolo in codice rosso all\u2019ospedale di Vibo Valentia.\u00a0Qui i medici hanno diagnosticato <strong>gravi lesioni interne e, in particolare, una pericolosa emorragia al fegato,<\/strong> che ha richiesto un <strong>intervento chirurgico d\u2019urgenza<\/strong>. Vista la gravit\u00e0 del quadro clinico, nelle ore successive \u00e8 stato disposto il trasferimento al<strong> Bambin Ges\u00f9 di Roma<\/strong> con un <strong>volo militare<\/strong> partito da Lamezia Terme. Il bambino \u00e8 attualmente ricoverato in rianimazione, in prognosi riservata, e non si esclude la necessit\u00e0 di ulteriori interventi.<\/p>\n<h3>Parco sotto sequestro<\/h3>\n<p>A seguito dell\u2019accaduto, il Comune di Vibo Valentia ha immediatamente disposto la chiusura dell\u2019area verde per permettere i dovuti accertamenti tecnici. La Polizia ha posto sotto sequestro l\u2019intera struttura, e la Procura della Repubblica ha aperto un fascicolo contro ignoti. Le indagini puntano a stabilire<strong> se la ditta incaricata della realizzazione del percorso a ostacoli abbia rispettato le norme di sicurezza, se i collaudi siano stati effettuati correttamente<\/strong> e se ci siano state negligenze da parte dei tecnici comunali o dei responsabili dell\u2019impresa.\u00a0\u00c8 probabile che nelle prossime ore vengano sentiti in Procura sia i funzionari pubblici coinvolti, sia i rappresentanti della ditta appaltatrice.<\/p>\n<h3>Struttura per gli adulti, ma accessibile ai bambini<\/h3>\n<p>Un elemento che aggrava ulteriormente la vicenda \u00e8 la presenza, secondo quanto accertato dagli inquirenti, di un cartello informativo che indicava chiaramente come l\u2019impianto fosse destinato a persone maggiorenni, in buone condizioni fisiche e sotto la supervisione di istruttori. Tuttavia, <strong>nessuna barriera fisica o controllo all\u2019accesso<\/strong> sarebbe stato predisposto per impedire l\u2019utilizzo della struttura da parte dei pi\u00f9 piccoli, che la frequentavano liberamente come fosse un normale parco giochi.<\/p>\n<p>L\u2019incidente ha profondamente scosso la comunit\u00e0 di Vibo Valentia, che solo pochi mesi fa aveva celebrato con entusiasmo l\u2019apertura del nuovo spazio verde. Numerosi cittadini hanno espresso <strong>indignazione per quanto accaduto<\/strong>, chiedendo chiarezza e giustizia. \u201cUn bambino di appena tre anni \u2013 ha detto una madre presente al momento dell\u2019incidente \u2013 non dovrebbe mai rischiare la vita in un luogo pubblico pensato per le famiglie. Vogliamo sapere chi ha sbagliato e perch\u00e9 nessuno ha vigilato\u201d.<\/p>\n","protected":false},"excerpt":{"rendered":"<p>VIBO VALENTIA \u2013 Sgomento e angoscia a seguito del grave incidente avvenuto ieri pomeriggio a Vibo Valentia, dove un bambino di tre anni \u00e8 rimasto gravemente ferito mentre giocava all\u2019interno del parco urbano cittadino, inaugurato da pochi mesi dopo alcuni lavori di riqualificazione. Secondo le prime ricostruzioni, il piccolo era insieme al padre quando si [&hellip;]<\/p>\n","protected":false},"author":42,"featured_media":269267,"comment_status":"closed","ping_status":"closed","sticky":false,"template":"","format":"standard","meta":{"_acf_changed":false,"footnotes":"","jetpack_publicize_message":"","jetpack_publicize_feature_enabled":true,"jetpack_social_post_already_shared":false,"jetpack_social_options":{"image_generator_settings":{"template":"highway","default_image_id":0,"font":"","enabled":false},"version":2}},"categories":[17],"tags":[19],"class_list":["post-269266","post","type-post","status-publish","format-standard","has-post-thumbnail","hentry","category-calabria","tag-copertina"],"acf":[],"jetpack_publicize_connections":[],"_links":{"self":[{"href":"https:\/\/quicosenza.it\/news\/wp-json\/wp\/v2\/posts\/269266","targetHints":{"allow":["GET"]}}],"collection":[{"href":"https:\/\/quicosenza.it\/news\/wp-json\/wp\/v2\/posts"}],"about":[{"href":"https:\/\/quicosenza.it\/news\/wp-json\/wp\/v2\/types\/post"}],"author":[{"embeddable":true,"href":"https:\/\/quicosenza.it\/news\/wp-json\/wp\/v2\/users\/42"}],"replies":[{"embeddable":true,"href":"https:\/\/quicosenza.it\/news\/wp-json\/wp\/v2\/comments?post=269266"}],"version-history":[{"count":0,"href":"https:\/\/quicosenza.it\/news\/wp-json\/wp\/v2\/posts\/269266\/revisions"}],"wp:featuredmedia":[{"embeddable":true,"href":"https:\/\/quicosenza.it\/news\/wp-json\/wp\/v2\/media\/269267"}],"wp:attachment":[{"href":"https:\/\/quicosenza.it\/news\/wp-json\/wp\/v2\/media?parent=269266"}],"wp:term":[{"taxonomy":"category","embeddable":true,"href":"https:\/\/quicosenza.it\/news\/wp-json\/wp\/v2\/categories?post=269266"},{"taxonomy":"post_tag","embeddable":true,"href":"https:\/\/quicosenza.it\/news\/wp-json\/wp\/v2\/tags?post=269266"}],"curies":[{"name":"wp","href":"https:\/\/api.w.org\/{rel}","templated":true}]}}