{"id":269324,"date":"2025-09-07T19:26:18","date_gmt":"2025-09-07T17:26:18","guid":{"rendered":"https:\/\/www.quicosenza.it\/news\/?p=269324"},"modified":"2025-09-07T19:26:18","modified_gmt":"2025-09-07T17:26:18","slug":"polemica-sullipsia-di-bocchigliero-interviene-il-sindaco-benevento-la-storia-non-puo-essere-falsata","status":"publish","type":"post","link":"https:\/\/quicosenza.it\/news\/polemica-sullipsia-di-bocchigliero-interviene-il-sindaco-benevento-la-storia-non-puo-essere-falsata\/","title":{"rendered":"Polemica sull&#8217;Ipsia di Bocchigliero, interviene il sindaco Benevento \u00abla storia non pu\u00f2 essere falsata\u00bb"},"content":{"rendered":"<p>BOCCHIGLIERO (CS) &#8211; \u00abI social sono una bella scoperta. Hanno rivoluzionato il modo di comunicare e hanno dato a tutti la possibilit\u00e0 di esprimere la propria opinione. Peccano su una cosa. Fanno sembrare tutto ci\u00f2 che si scrive come verit\u00e0 assolte. Apre dibattiti infiniti e la notizia entra in un turbinio dove ognuno di noi, senza approfondire la notizia, senza verificare che ci\u00f2 che si \u00e8 letto abbia fondamento, e ognuno di noi, come una calamita \u00e8 spinto a dire la sua opinione in modo veloce come se fosse una gara a chi scrive prima o ribattere a quella notizia. Cos\u00ec sta succedendo da ieri sulla notizia dell\u2019inaugurazione dell\u2019Edificio, di propriet\u00e0 della <a href=\"https:\/\/quicosenza.it\/news\/provincia\/succurro-7-anni-riapre-lipsia-di-bocchigliero-mazzuca-inaugura-una-scuola-che-non-ce\">Provincia di Cosenza<\/a>, sede dell\u2019Istituto Professionale della nostra Comunit\u00e0\u00bb. Sono le parole di <strong>Alfonso Benevento sindaco del comune di Bocchigliero.<\/strong><\/p>\n<p>\u00abOgnuno in modo frenetico ha partecipato alla gara sul chi commenta per primo la notizia <strong>senza capire cosa ci fosse dietro all\u2019inaugurazione di quell\u2019edificio<\/strong>. Senza conoscere la storia di quell\u2019edificio, di quella scuola , senza sapere da dove si \u00e8 partito, senza sapere il perch\u00e9 si \u00e8 fatta l\u2019inaugurazione di quella scuola. L\u2019IPSIA di Bocchigliero \u00e8 un istituto Professionale che parte da lontano, la sua ubicazione ha cambiato collocazioni fino trovare sede definitiva in un edificio che la <strong>Provincia di Cosenza ha acquistato dal Comune di Bocchigliero<\/strong> fine anni Ottanta. Era un edificio degli anni Settanta con deficienze strutturali che sono venute a galla nel 2017 e che hanno costretto a trasferire gli studenti in una struttura comunale. <strong>Pertanto, il comune di Bocchigliero a partire dal 2017 si \u00e8 fatto carico di ogni onere pur di garantire l\u2019esistenza e soprattutto la permanenza della scuola nella nostra comunit\u00e0<\/strong>. Ha interloquito anno dopo anno con la Provincia affinch\u00e9 i lavori iniziassero e si svolgessero in modo rapito. Fino ad arrivare ad oggi con l\u2019Inaugurazione dell\u2019Edificio, efficientato e adeguato sismicamente, e consegnato alla comunit\u00e0 di Bocchigliero\u00bb.<\/p>\n<p>\u00abLa Provincia di Cosenza, qualche giorno fa &#8211; spiega Benevento &#8211; ha espresso la volont\u00e0 di <strong>manifestare pubblicamente la consegna dell\u2019edificio<\/strong> invitando l\u2019Amministrazione del luogo e conscia delle difficolt\u00e0 dei numeri presenti nella nostra scuola. Numeri che gi\u00e0 a partire dal 2017 sono stati sempre ridotti tanto \u00e8 che in quegli anni le classi presenti erano soltanto tre e negli anni a seguire si sono ridotti ad una classe. Quest\u2019ultima \u00e8 stata possibile mantenerla grazie alla presenza di un <strong>bel numero di studenti che provenivano dal Centro Minori Stranieri non Accompagnati e dal Centro Accoglienza<\/strong> presenti entrambi sul nostro Territorio. Questo grazie ai vari progetti di accoglienza presenti nella nostra comunit\u00e0 insieme anche al Progetto SAI gestito direttamente dal Comune di Bocchigliero\u00bb.<\/p>\n<p>\u00abTanto \u00e8 che ogni anno, grazie alla loro presenza, la classe si \u00e8 formata con continuit\u00e0 nonostante le permanenze brevi che i minori avevano ma che a loro volta erano compensati da nuovi ingressi. Anche questo anno si sono <strong>attivate<\/strong>, <strong>nel mese di gennaio, le procedure di iscrizione dei ragazzi stranieri e a maggio nella formazione dell\u2019organico la classe era stata confermata.<\/strong> A giugno 2025 molti ragazzi sono stati trasferiti per la conclusione del progetto in altre sedi ma, come succedeva ogni anno, non sono stati sostituiti da altri ragazzi per motivi contingenti al loro stato di stranieri, e pertanto l\u2019Ufficio Scolastico Provincia di Cosenza ha inteso bloccare l\u2019autorizzazione della classe concessa in precedenza . Nonostante queste difficolt\u00e0 si \u00e8 inteso fare ugualmente l\u2019inaugurazione, non come paradosso ma come messaggio di speranza per la riattivazione della classe. <strong>Questo perch\u00e9 abbiamo un nuovo gruppo di ragazzi presenti nel Centro di Accoglienza e insieme alla Provincia<\/strong>, che ricordo ha competenza esclusiva sulle scuole Secondarie di Secondo grado, alle istituzioni scolastiche siamo in continuo e quotidiano contatto con gli Uffici Scolastici Provinciali per l\u2019attivazione della stessa\u00bb.<\/p>\n<p><img loading=\"lazy\" decoding=\"async\" class=\" wp-image-269326 aligncenter\" src=\"https:\/\/quicosenza.it\/news\/wp-content\/uploads\/2025\/09\/scuola-ipsia-bocchigliero.jpg\" alt=\"\" width=\"514\" height=\"318\" title=\"\" srcset=\"https:\/\/quicosenza.it\/news\/wp-content\/uploads\/2025\/09\/scuola-ipsia-bocchigliero.jpg 970w, https:\/\/quicosenza.it\/news\/wp-content\/uploads\/2025\/09\/scuola-ipsia-bocchigliero-300x186.jpg 300w, https:\/\/quicosenza.it\/news\/wp-content\/uploads\/2025\/09\/scuola-ipsia-bocchigliero-768x475.jpg 768w, https:\/\/quicosenza.it\/news\/wp-content\/uploads\/2025\/09\/scuola-ipsia-bocchigliero-679x420.jpg 679w, https:\/\/quicosenza.it\/news\/wp-content\/uploads\/2025\/09\/scuola-ipsia-bocchigliero-150x93.jpg 150w, https:\/\/quicosenza.it\/news\/wp-content\/uploads\/2025\/09\/scuola-ipsia-bocchigliero-696x431.jpg 696w, https:\/\/quicosenza.it\/news\/wp-content\/uploads\/2025\/09\/scuola-ipsia-bocchigliero-356x220.jpg 356w\" sizes=\"auto, (max-width: 514px) 100vw, 514px\" \/><\/p>\n<p>\u00abLa nuova scuola &#8211; sottolinea il sindaco &#8211; deve essere un punto di partenza interrotto qualche mese fa, una speranza per l&#8217;intera comunit\u00e0. Non ci siamo mai tirati indietro a rivendicare per il nostro territorio il Diritto allo Studio, tanto che nel 2020 abbiamo manifestato in maniera forte davanti agli Uffici scolasti Provinciali contro la chiusura della scuola dell\u2019infanzia.<strong> A chi oggi grida allo scandalo, alla vergogna, diciamo a gran voce, che non li ricordiamo a fianco a noi quando manifestavamo contro quella chiusura\u00bb.<\/strong><\/p>\n<p>\u00abAi politicanti, agli onorevoli, ai consiglieri venuti da lontano, alle associazioni dell\u2019ultimo minuto, che oggi manifestano sdegno non li ricordiamo a fianco a noi a gridare con la stessa forza come stanno facendo in queste ore. <strong>Capiamo che siamo in campagna elettorale, ma non ci si pu\u00f2 far trasportare dall\u2019onda elettorale perch\u00e9 tutto ha un limite, tutto ha una decenza\u00bb.<\/strong><\/p>\n<p>\u00abRimane comunque un dato certo, abbiamo una struttura a norma che potr\u00e0 essere anche utilizzata per altri scopi sempre legati, magari, alla formazione professionale, alla riscoperta, attraverso progetti mirati, delle professioni artigianali del nostro territorio. L\u2019Amministrazione comunale precisa inoltre che tutte le frasi offensive e lesive della dignit\u00e0 del sindaco e dell&#8217;Istituzione saranno valutate nelle sedi competenti. Il confronto democratico \u00e8 legittimo ma insulti e offese personali non verranno pi\u00f9 tollerati.<br \/>\nIntanto l\u2019Amministrazione continua a lavorare a pieno ritmo su svariati progetti che nel brevissimo periodo saranno realizzati e resi edotti alla cittadinanza. La nostra comunit\u00e0 merita seriet\u00e0, concretezza e rispetto, non polemiche sterili. Andiamo avanti, con il sostegno della comunit\u00e0, nel rispetto della verit\u00e0 e della dignit\u00e0 delle Istituzioni. \u201cVeritas filia temporis\u201d \u2013 La verit\u00e0 &#8211; conclude il sindaco di Bocchigliero &#8211; \u00e8 figlia del tempo\u00bb.<\/p>\n","protected":false},"excerpt":{"rendered":"<p>BOCCHIGLIERO (CS) &#8211; \u00abI social sono una bella scoperta. Hanno rivoluzionato il modo di comunicare e hanno dato a tutti la possibilit\u00e0 di esprimere la propria opinione. Peccano su una cosa. Fanno sembrare tutto ci\u00f2 che si scrive come verit\u00e0 assolte. Apre dibattiti infiniti e la notizia entra in un turbinio dove ognuno di noi, [&hellip;]<\/p>\n","protected":false},"author":21,"featured_media":269325,"comment_status":"closed","ping_status":"closed","sticky":false,"template":"","format":"standard","meta":{"_acf_changed":false,"footnotes":"","jetpack_publicize_message":"","jetpack_publicize_feature_enabled":true,"jetpack_social_post_already_shared":false,"jetpack_social_options":{"image_generator_settings":{"template":"highway","default_image_id":0,"font":"","enabled":false},"version":2}},"categories":[28],"tags":[19],"class_list":["post-269324","post","type-post","status-publish","format-standard","has-post-thumbnail","hentry","category-provincia","tag-copertina"],"acf":[],"jetpack_publicize_connections":[],"_links":{"self":[{"href":"https:\/\/quicosenza.it\/news\/wp-json\/wp\/v2\/posts\/269324","targetHints":{"allow":["GET"]}}],"collection":[{"href":"https:\/\/quicosenza.it\/news\/wp-json\/wp\/v2\/posts"}],"about":[{"href":"https:\/\/quicosenza.it\/news\/wp-json\/wp\/v2\/types\/post"}],"author":[{"embeddable":true,"href":"https:\/\/quicosenza.it\/news\/wp-json\/wp\/v2\/users\/21"}],"replies":[{"embeddable":true,"href":"https:\/\/quicosenza.it\/news\/wp-json\/wp\/v2\/comments?post=269324"}],"version-history":[{"count":0,"href":"https:\/\/quicosenza.it\/news\/wp-json\/wp\/v2\/posts\/269324\/revisions"}],"wp:featuredmedia":[{"embeddable":true,"href":"https:\/\/quicosenza.it\/news\/wp-json\/wp\/v2\/media\/269325"}],"wp:attachment":[{"href":"https:\/\/quicosenza.it\/news\/wp-json\/wp\/v2\/media?parent=269324"}],"wp:term":[{"taxonomy":"category","embeddable":true,"href":"https:\/\/quicosenza.it\/news\/wp-json\/wp\/v2\/categories?post=269324"},{"taxonomy":"post_tag","embeddable":true,"href":"https:\/\/quicosenza.it\/news\/wp-json\/wp\/v2\/tags?post=269324"}],"curies":[{"name":"wp","href":"https:\/\/api.w.org\/{rel}","templated":true}]}}