{"id":269344,"date":"2025-09-08T09:18:16","date_gmt":"2025-09-08T07:18:16","guid":{"rendered":"https:\/\/www.quicosenza.it\/news\/?p=269344"},"modified":"2025-09-08T10:16:40","modified_gmt":"2025-09-08T08:16:40","slug":"celico-incidente-tra-5-veicoli-sulla-ss107-strada-chiusa-in-entrambe-le-direzioni","status":"publish","type":"post","link":"https:\/\/quicosenza.it\/news\/celico-incidente-tra-5-veicoli-sulla-ss107-strada-chiusa-in-entrambe-le-direzioni\/","title":{"rendered":"Celico, incidente tra 5 veicoli sulla SS107: strada chiusa in entrambe le direzioni"},"content":{"rendered":"<p>CELICO &#8211; Questa mattina si \u00e8 verificato un<strong> incidente<\/strong> lungo la <strong>strada statale 107 &#8220;Silana Crotonese&#8221; al km 51,400,<\/strong> nel territorio di <strong>Celico<\/strong> che ha coinvolto <strong>5 veicoli.<\/strong> Da quanto si apprende sarebbero <strong>due le persone ferite<\/strong>. L&#8217;impatto \u00e8 avvenuto nei pressi del <strong>bivio per San Pietro in Guarano<\/strong>. Per questo motivo la <strong>strada<\/strong> resta\u00a0temporaneamente <strong>chiusa<\/strong>, in <strong>entrambe le direzioni.<\/strong> Il traffico \u00e8 deviato in loco. Sul posto sono intervenute le squadre Anas al fine di consentire il ripristino della normale viabilit\u00e0 nel pi\u00f9 breve tempo possibile, e le forze dell&#8217;ordine per i riliervi e la ricostruzione della dinamica dell&#8217;impatto.<\/p>\n<p>&nbsp;<\/p>\n","protected":false},"excerpt":{"rendered":"<p>CELICO &#8211; Questa mattina si \u00e8 verificato un incidente lungo la strada statale 107 &#8220;Silana Crotonese&#8221; al km 51,400, nel territorio di Celico che ha coinvolto 5 veicoli. Da quanto si apprende sarebbero due le persone ferite. L&#8217;impatto \u00e8 avvenuto nei pressi del bivio per San Pietro in Guarano. Per questo motivo la strada resta\u00a0temporaneamente [&hellip;]<\/p>\n","protected":false},"author":90,"featured_media":135131,"comment_status":"closed","ping_status":"closed","sticky":false,"template":"","format":"standard","meta":{"_acf_changed":false,"footnotes":"","jetpack_publicize_message":"","jetpack_publicize_feature_enabled":true,"jetpack_social_post_already_shared":false,"jetpack_social_options":{"image_generator_settings":{"template":"highway","default_image_id":0,"font":"","enabled":false},"version":2}},"categories":[28],"tags":[19],"class_list":["post-269344","post","type-post","status-publish","format-standard","has-post-thumbnail","hentry","category-provincia","tag-copertina"],"acf":[],"jetpack_publicize_connections":[],"_links":{"self":[{"href":"https:\/\/quicosenza.it\/news\/wp-json\/wp\/v2\/posts\/269344","targetHints":{"allow":["GET"]}}],"collection":[{"href":"https:\/\/quicosenza.it\/news\/wp-json\/wp\/v2\/posts"}],"about":[{"href":"https:\/\/quicosenza.it\/news\/wp-json\/wp\/v2\/types\/post"}],"author":[{"embeddable":true,"href":"https:\/\/quicosenza.it\/news\/wp-json\/wp\/v2\/users\/90"}],"replies":[{"embeddable":true,"href":"https:\/\/quicosenza.it\/news\/wp-json\/wp\/v2\/comments?post=269344"}],"version-history":[{"count":0,"href":"https:\/\/quicosenza.it\/news\/wp-json\/wp\/v2\/posts\/269344\/revisions"}],"wp:featuredmedia":[{"embeddable":true,"href":"https:\/\/quicosenza.it\/news\/wp-json\/wp\/v2\/media\/135131"}],"wp:attachment":[{"href":"https:\/\/quicosenza.it\/news\/wp-json\/wp\/v2\/media?parent=269344"}],"wp:term":[{"taxonomy":"category","embeddable":true,"href":"https:\/\/quicosenza.it\/news\/wp-json\/wp\/v2\/categories?post=269344"},{"taxonomy":"post_tag","embeddable":true,"href":"https:\/\/quicosenza.it\/news\/wp-json\/wp\/v2\/tags?post=269344"}],"curies":[{"name":"wp","href":"https:\/\/api.w.org\/{rel}","templated":true}]}}