{"id":269415,"date":"2025-09-08T20:51:09","date_gmt":"2025-09-08T18:51:09","guid":{"rendered":"https:\/\/www.quicosenza.it\/news\/?p=269415"},"modified":"2025-09-08T20:51:09","modified_gmt":"2025-09-08T18:51:09","slug":"stati-di-transizione-cosenza-centro-storico-verso-la-chiusura-del-laboratorio-curato-dal-politecnico-di-milano","status":"publish","type":"post","link":"https:\/\/quicosenza.it\/news\/stati-di-transizione-cosenza-centro-storico-verso-la-chiusura-del-laboratorio-curato-dal-politecnico-di-milano\/","title":{"rendered":"&#8216;Stati di Transizione. Cosenza Centro Storico&#8217; &#8211; verso la chiusura del Laboratorio curato dal Politecnico di Milano"},"content":{"rendered":"<p class=\"v1gmail-Default\">COSENZA \u2013 Si avvia alla conclusione l&#8217;iniziativa di ricerca-azione <i>&#8220;Stati di Transizione. Cosenza centro storico&#8221;<\/i>, promossa dal\u00a0<b><span class=\"v1Lm v1ng\">CRAFT<\/span>\u00a0\u2013 Centro di Competenze Territori Anti-Fragili<\/b>\u00a0del Dipartimento di Architettura e Studi Urbani del\u00a0<b>Politecnico di Milano<\/b>, in collaborazione con il\u00a0<b>Comune di Cosenza<\/b>\u00a0e\u00a0<b>Cosmo \u2013 Cosenza Micromondi \/ La Rivoluzione delle Seppie<\/b>.<\/p>\n<p class=\"v1gmail-Default\">Per sette giorni il centro storico della citt\u00e0 bruzia \u00e8 stato animato da studenti e studentesse del Politecnico di Milano e dell&#8217;Universit\u00e0 della Calabria, affiancati da giovani professionisti, ricercatori e dagli studi\u00a0<span class=\"v1Lm v1ng\">di architettura<\/span>\u00a0<b><span class=\"v1Lm v1ng\">Bod&#8217;Ar<\/span>\u00a0Bottega di Architettura<\/b>,\u00a0<b>OASI Architects con Opera Mista<\/b>\u00a0e\u00a0<b>Archistart Studio<\/b>. Insieme a istituzioni, associazioni e comunit\u00e0 locali, i partecipanti hanno lavorato per affrontare le criticit\u00e0 del centro storico e immaginare strategie di rigenerazione urbana basate su un approccio integrato, incrementale e condiviso.<\/p>\n<p class=\"v1gmail-Default\">Le giornate sono state scandite da sopralluoghi, laboratori di co-design e momenti di confronto pubblico che hanno permesso di osservare da vicino il tessuto urbano, raccogliere idee e restituire visioni progettuali. Nei laboratori ospitati al\u00a0<b>Cosenza Open Incubator<\/b>\u00a0si \u00e8 lavorato a stretto contatto con imprese, associazioni e istituzioni, mentre i talk organizzati al\u00a0<b>Cine-teatro Universal<\/b>\u00a0e presso l&#8217;<b>Associazione Civica Amica<\/b>\u00a0hanno aperto un dialogo con architetti, designer e ricercatori sul tema dei margini urbani e sul futuro dei centri storici. Tutte queste attivit\u00e0 hanno rappresentato un invito a ripensare la citt\u00e0 come un ecosistema vivo e in continua trasformazione.<\/p>\n<p class=\"v1gmail-Default\">Domani,\u00a0<b>9 settembre<\/b>, l&#8217;iniziativa vivr\u00e0 il suo momento conclusivo con l&#8217;<b>Open Expo<\/b>\u00a0ospitato nel\u00a0<b>Salone di Rappresentanza di Palazzo dei Bruzi<\/b>, a partire dalle ore 9:30. L&#8217;appuntamento, aperto alla cittadinanza, sar\u00e0 l&#8217;occasione per restituire i risultati dei gruppi di lavoro e condividere le strategie elaborate durante questa intensa settimana di attivit\u00e0. Un evento che segna la chiusura del percorso laboratoriale, ma che vuole essere al tempo stesso l&#8217;avvio di un processo di rigenerazione urbana partecipata, capace di attivare risorse locali e generare nuove possibilit\u00e0 per il centro storico di Cosenza.<\/p>\n<p class=\"v1gmail-Default\">L&#8217;indagine si inserisce nel progetto pilota CRAFT\u00a0<i>&#8220;Progetti per il margine: un&#8217;indagine italiana&#8221;<\/i>, patrocinato dal\u00a0<b>Ministero della Cultura<\/b>, che esplora approcci architettonici e urbani in grado di affrontare il tema del margine come condizione complessa, in bilico tra fragilit\u00e0 e potenzialit\u00e0. L&#8217;iniziativa gode inoltre del patrocinio dell&#8217;<b>Ordine degli Architetti PPC della Provincia di Cosenza,\u00a0<\/b><b>Soprintendenza Belle Arti e Paesaggio della provincia di Cosenza<\/b>\u00a0e di\u00a0<b>Inarch Calabria<\/b>, e del supporto di\u00a0<b>Cosenza Open Incubator, Direzione Regionale dei Musei della Calabria<\/b>\u00a0e\u00a0<b>ANCE Cosenza<\/b>, oltre al partenariato con il\u00a0<b>Dipartimento di Ingegneria Civile dell&#8217;Universit\u00e0 della Calabria<\/b>.<\/p>\n","protected":false},"excerpt":{"rendered":"<p>COSENZA \u2013 Si avvia alla conclusione l&#8217;iniziativa di ricerca-azione &#8220;Stati di Transizione. Cosenza centro storico&#8221;, promossa dal\u00a0CRAFT\u00a0\u2013 Centro di Competenze Territori Anti-Fragili\u00a0del Dipartimento di Architettura e Studi Urbani del\u00a0Politecnico di Milano, in collaborazione con il\u00a0Comune di Cosenza\u00a0e\u00a0Cosmo \u2013 Cosenza Micromondi \/ La Rivoluzione delle Seppie. Per sette giorni il centro storico della citt\u00e0 bruzia \u00e8 [&hellip;]<\/p>\n","protected":false},"author":58,"featured_media":269416,"comment_status":"closed","ping_status":"closed","sticky":false,"template":"","format":"standard","meta":{"_acf_changed":false,"footnotes":"","jetpack_publicize_message":"","jetpack_publicize_feature_enabled":true,"jetpack_social_post_already_shared":false,"jetpack_social_options":{"image_generator_settings":{"template":"highway","default_image_id":0,"font":"","enabled":false},"version":2}},"categories":[563,42],"tags":[19],"class_list":["post-269415","post","type-post","status-publish","format-standard","has-post-thumbnail","hentry","category-area-urbana","category-cosenza","tag-copertina"],"acf":[],"jetpack_publicize_connections":[],"_links":{"self":[{"href":"https:\/\/quicosenza.it\/news\/wp-json\/wp\/v2\/posts\/269415","targetHints":{"allow":["GET"]}}],"collection":[{"href":"https:\/\/quicosenza.it\/news\/wp-json\/wp\/v2\/posts"}],"about":[{"href":"https:\/\/quicosenza.it\/news\/wp-json\/wp\/v2\/types\/post"}],"author":[{"embeddable":true,"href":"https:\/\/quicosenza.it\/news\/wp-json\/wp\/v2\/users\/58"}],"replies":[{"embeddable":true,"href":"https:\/\/quicosenza.it\/news\/wp-json\/wp\/v2\/comments?post=269415"}],"version-history":[{"count":0,"href":"https:\/\/quicosenza.it\/news\/wp-json\/wp\/v2\/posts\/269415\/revisions"}],"wp:featuredmedia":[{"embeddable":true,"href":"https:\/\/quicosenza.it\/news\/wp-json\/wp\/v2\/media\/269416"}],"wp:attachment":[{"href":"https:\/\/quicosenza.it\/news\/wp-json\/wp\/v2\/media?parent=269415"}],"wp:term":[{"taxonomy":"category","embeddable":true,"href":"https:\/\/quicosenza.it\/news\/wp-json\/wp\/v2\/categories?post=269415"},{"taxonomy":"post_tag","embeddable":true,"href":"https:\/\/quicosenza.it\/news\/wp-json\/wp\/v2\/tags?post=269415"}],"curies":[{"name":"wp","href":"https:\/\/api.w.org\/{rel}","templated":true}]}}